{"id":45829,"date":"2014-04-24T09:41:21","date_gmt":"2014-04-24T12:41:21","guid":{"rendered":"http:\/\/www.eltrabajo.cl\/portal\/?p=45829"},"modified":"2014-04-24T09:41:21","modified_gmt":"2014-04-24T12:41:21","slug":"lanzan-plan-de-promocion-de-la-salud-2014","status":"publish","type":"post","link":"https:\/\/eltrabajo.cl\/portal\/lanzan-plan-de-promocion-de-la-salud-2014\/","title":{"rendered":"Lanzan Plan de Promoci\u00f3n de la Salud 2014"},"content":{"rendered":"<figure id=\"attachment_45830\" aria-describedby=\"caption-attachment-45830\" style=\"width: 370px\" class=\"wp-caption alignleft\"><a href=\"https:\/\/i0.wp.com\/www.eltrabajo.cl\/portal\/wp-content\/uploads\/2014\/04\/PlanSalud1.jpg\"><img data-recalc-dims=\"1\" loading=\"lazy\" decoding=\"async\" class=\" wp-image-45830 \" alt=\"Alcalde Freire da a conocer Plan de Promoci\u00f3n de la Salud 2014\" src=\"https:\/\/i0.wp.com\/www.eltrabajo.cl\/portal\/wp-content\/uploads\/2014\/04\/PlanSalud1.jpg?resize=370%2C281\" width=\"370\" height=\"281\" srcset=\"https:\/\/i0.wp.com\/eltrabajo.cl\/portal\/wp-content\/uploads\/2014\/04\/PlanSalud1.jpg?w=528&amp;ssl=1 528w, https:\/\/i0.wp.com\/eltrabajo.cl\/portal\/wp-content\/uploads\/2014\/04\/PlanSalud1.jpg?resize=197%2C150&amp;ssl=1 197w, https:\/\/i0.wp.com\/eltrabajo.cl\/portal\/wp-content\/uploads\/2014\/04\/PlanSalud1.jpg?resize=300%2C227&amp;ssl=1 300w, https:\/\/i0.wp.com\/eltrabajo.cl\/portal\/wp-content\/uploads\/2014\/04\/PlanSalud1.jpg?resize=150%2C113&amp;ssl=1 150w, https:\/\/i0.wp.com\/eltrabajo.cl\/portal\/wp-content\/uploads\/2014\/04\/PlanSalud1.jpg?resize=400%2C303&amp;ssl=1 400w\" sizes=\"auto, (max-width: 370px) 100vw, 370px\" \/><\/a><figcaption id=\"caption-attachment-45830\" class=\"wp-caption-text\">Alcalde Freire da a conocer Plan de Promoci\u00f3n de la Salud 2014<\/figcaption><\/figure>\n<p>En una conferencia de prensa en la cual participaron varios entes activos de este programa, este mi\u00e9rcoles se dio a conocer el Plan de Promoci\u00f3n de la Salud 2014 impulsado y ejecutado por diversos departamentos de la Municipalidad de San Felipe, que este a\u00f1o demand\u00f3 una inversi\u00f3n de alrededor de 20 millones de pesos entre los aportes de diferentes convenios como SEREMI de Salud, Intersectorial y Municipal.<\/p>\n<p>Seg\u00fan Loreto Olgu\u00edn, Asistente Social y coordinadora del programa de promoci\u00f3n comunal, este plan se desarrollar\u00e1 en cinco \u00e1reas o componentes, tales como Actividad F\u00edsica, Alimentaci\u00f3n Saludable, Ambientes libres de Humo y Tabaco, Salud Sexual y Reproductiva y tambi\u00e9n Salud Ambiental.<\/p>\n<p>Este plan contempla la realizaci\u00f3n de m\u00e1s de 50 actividades a nivel comunal, entre las cuales se destacan 31 educativas y 23 de car\u00e1cter laboral, es decir enfocadas a las instituciones con actividades permanentes a lo largo del a\u00f1o. Enfocado principalmente en los colegios que es en donde principalmente se necesita que se realice actividad f\u00edsica.<\/p>\n<p>El Alcalde Patricio Freire Canto, destac\u00f3 que esta mesa de promoci\u00f3n de salud 2014 est\u00e1 enfocado en promover \u00e1reas como \u00abla actividad f\u00edsica, con actividades masivas. Talleres educativos pr\u00e1cticos sobre gu\u00edas alimentarias, y etiquetado nutricional de los alimentos. Dirigido a organizaciones y mujeres trabajadoras y jefas de hogar\u00bb. Tambi\u00e9n destac\u00f3 la realizaci\u00f3n de eventos deportivos comunales, ferias saludables en la plaza de armas, baile entretenido, entre muchas otras.<\/p>\n<figure id=\"attachment_45832\" aria-describedby=\"caption-attachment-45832\" style=\"width: 317px\" class=\"wp-caption alignright\"><a href=\"https:\/\/i0.wp.com\/www.eltrabajo.cl\/portal\/wp-content\/uploads\/2014\/04\/PlanSalud2.jpg\"><img data-recalc-dims=\"1\" loading=\"lazy\" decoding=\"async\" class=\" wp-image-45832 \" alt=\"Loreto Olgu\u00edn, Asistente Social y coordinadora del programa de promoci\u00f3n comunal de la salud.\" src=\"https:\/\/i0.wp.com\/www.eltrabajo.cl\/portal\/wp-content\/uploads\/2014\/04\/PlanSalud2.jpg?resize=317%2C240\" width=\"317\" height=\"240\" srcset=\"https:\/\/i0.wp.com\/eltrabajo.cl\/portal\/wp-content\/uploads\/2014\/04\/PlanSalud2.jpg?w=528&amp;ssl=1 528w, https:\/\/i0.wp.com\/eltrabajo.cl\/portal\/wp-content\/uploads\/2014\/04\/PlanSalud2.jpg?resize=198%2C150&amp;ssl=1 198w, https:\/\/i0.wp.com\/eltrabajo.cl\/portal\/wp-content\/uploads\/2014\/04\/PlanSalud2.jpg?resize=300%2C227&amp;ssl=1 300w, https:\/\/i0.wp.com\/eltrabajo.cl\/portal\/wp-content\/uploads\/2014\/04\/PlanSalud2.jpg?resize=150%2C113&amp;ssl=1 150w, https:\/\/i0.wp.com\/eltrabajo.cl\/portal\/wp-content\/uploads\/2014\/04\/PlanSalud2.jpg?resize=400%2C303&amp;ssl=1 400w\" sizes=\"auto, (max-width: 317px) 100vw, 317px\" \/><\/a><figcaption id=\"caption-attachment-45832\" class=\"wp-caption-text\">Loreto Olgu\u00edn, Asistente Social y coordinadora del programa de promoci\u00f3n comunal de la salud.<\/figcaption><\/figure>\n<p>El edil argument\u00f3 que estas actividades \u00abnos llevar\u00e1n a ser una comuna de gente feliz, porque haciendo ejercicio, comiendo sano, alej\u00e1ndose de la obesidad, la gente va a tener una mejor salud\u00bb.<\/p>\n<p>Tambi\u00e9n se realizar\u00e1n otras actividades como murales con frases alusivas a la vida saludable en algunos lugares de San Felipe, como lo es la Villa 250 A\u00f1os y el sector de Curim\u00f3n.<\/p>\n<p>Asimismo se destac\u00f3 que algo relevante que contempla este a\u00f1o el Plan de Promoci\u00f3n de la Salud, es la incorporaci\u00f3n de los colegios especiales, que hasta el momento no participaban de este programa.<\/p>\n<p>&nbsp;<\/p>\n","protected":false},"excerpt":{"rendered":"<p>En una conferencia de prensa en la cual participaron varios entes activos de este programa, este mi\u00e9rcoles se dio a conocer el Plan de Promoci\u00f3n de la Salud 2014 impulsado y ejecutado&#8230;<\/p>\n","protected":false},"author":482,"featured_media":45830,"comment_status":"open","ping_status":"closed","sticky":false,"template":"","format":"standard","meta":{"advanced_seo_description":"","jetpack_seo_html_title":"","jetpack_seo_noindex":false,"_jetpack_memberships_contains_paid_content":false,"footnotes":""},"categories":[1],"tags":[],"class_list":["post-45829","post","type-post","status-publish","format-standard","has-post-thumbnail","hentry","category-cronica"],"jetpack_featured_media_url":"https:\/\/i0.wp.com\/eltrabajo.cl\/portal\/wp-content\/uploads\/2014\/04\/PlanSalud1.jpg?fit=528%2C401&ssl=1","jetpack_sharing_enabled":true,"jetpack_likes_enabled":true,"jetpack-related-posts":[],"_links":{"self":[{"href":"https:\/\/eltrabajo.cl\/portal\/wp-json\/wp\/v2\/posts\/45829","targetHints":{"allow":["GET"]}}],"collection":[{"href":"https:\/\/eltrabajo.cl\/portal\/wp-json\/wp\/v2\/posts"}],"about":[{"href":"https:\/\/eltrabajo.cl\/portal\/wp-json\/wp\/v2\/types\/post"}],"author":[{"embeddable":true,"href":"https:\/\/eltrabajo.cl\/portal\/wp-json\/wp\/v2\/users\/482"}],"replies":[{"embeddable":true,"href":"https:\/\/eltrabajo.cl\/portal\/wp-json\/wp\/v2\/comments?post=45829"}],"version-history":[{"count":0,"href":"https:\/\/eltrabajo.cl\/portal\/wp-json\/wp\/v2\/posts\/45829\/revisions"}],"wp:featuredmedia":[{"embeddable":true,"href":"https:\/\/eltrabajo.cl\/portal\/wp-json\/wp\/v2\/media\/45830"}],"wp:attachment":[{"href":"https:\/\/eltrabajo.cl\/portal\/wp-json\/wp\/v2\/media?parent=45829"}],"wp:term":[{"taxonomy":"category","embeddable":true,"href":"https:\/\/eltrabajo.cl\/portal\/wp-json\/wp\/v2\/categories?post=45829"},{"taxonomy":"post_tag","embeddable":true,"href":"https:\/\/eltrabajo.cl\/portal\/wp-json\/wp\/v2\/tags?post=45829"}],"curies":[{"name":"wp","href":"https:\/\/api.w.org\/{rel}","templated":true}]}}