{"id":4584,"date":"2011-10-11T09:12:57","date_gmt":"2011-10-11T13:12:57","guid":{"rendered":"http:\/\/www.eltrabajo.cl\/portal\/?p=4584"},"modified":"2011-10-11T09:23:45","modified_gmt":"2011-10-11T13:23:45","slug":"mas-de-tres-mil-personas-participaron-en-plebiscito-sobre-la-educacion","status":"publish","type":"post","link":"https:\/\/eltrabajo.cl\/portal\/mas-de-tres-mil-personas-participaron-en-plebiscito-sobre-la-educacion\/","title":{"rendered":"M\u00e1s de tres mil personas participaron en plebiscito sobre la Educaci\u00f3n"},"content":{"rendered":"<div class=\"mceTemp\">\n<div class=\"mceTemp\">\n<figure id=\"attachment_4586\" aria-describedby=\"caption-attachment-4586\" style=\"width: 600px\" class=\"wp-caption alignnone\"><a href=\"http:\/\/www.eltrabajo.cl\/portal\/?attachment_id=4586\" rel=\"attachment wp-att-4586\"><img data-recalc-dims=\"1\" loading=\"lazy\" decoding=\"async\" class=\"size-full wp-image-4586\" title=\"03-VOTO_OFICIAL\" src=\"https:\/\/i0.wp.com\/www.eltrabajo.cl\/portal\/wp-content\/uploads\/2011\/10\/03-VOTO_OFICIAL.jpg?resize=600%2C389\" alt=\"\" width=\"600\" height=\"389\" srcset=\"https:\/\/i0.wp.com\/eltrabajo.cl\/portal\/wp-content\/uploads\/2011\/10\/03-VOTO_OFICIAL.jpg?w=600&amp;ssl=1 600w, https:\/\/i0.wp.com\/eltrabajo.cl\/portal\/wp-content\/uploads\/2011\/10\/03-VOTO_OFICIAL.jpg?resize=200%2C129&amp;ssl=1 200w, https:\/\/i0.wp.com\/eltrabajo.cl\/portal\/wp-content\/uploads\/2011\/10\/03-VOTO_OFICIAL.jpg?resize=300%2C194&amp;ssl=1 300w, https:\/\/i0.wp.com\/eltrabajo.cl\/portal\/wp-content\/uploads\/2011\/10\/03-VOTO_OFICIAL.jpg?resize=150%2C97&amp;ssl=1 150w, https:\/\/i0.wp.com\/eltrabajo.cl\/portal\/wp-content\/uploads\/2011\/10\/03-VOTO_OFICIAL.jpg?resize=400%2C259&amp;ssl=1 400w\" sizes=\"auto, (max-width: 600px) 100vw, 600px\" \/><\/a><figcaption id=\"caption-attachment-4586\" class=\"wp-caption-text\">Gran cantidad de personas participaron en el plebiscito organizado por el Colegio de Profesores a nivel nacional.<\/figcaption><\/figure>\n<\/div>\n<\/div>\n<p>Este viernes y s\u00e1bado durante todo el d\u00eda se estuvo realizando el plebiscito organizado por el Colegio de Profesores para consultar a la ciudadan\u00eda su opini\u00f3n respecto al futuro de la educaci\u00f3n.<\/p>\n<p>La consulta p\u00fablica ten\u00eda cuatro preguntas que la comunidad deb\u00eda contestar con un SI o un NO y que eran las siguientes:<\/p>\n<p>1.- \u00bfEst\u00e1 usted de acuerdo que exista una Educaci\u00f3n P\u00fablica gratuita y de calidad en todos los niveles, garantizada por el Estado?<\/p>\n<p>2.- \u00bfEst\u00e1 usted de acuerdo con que las escuelas y liceos sean desmunicipalizados, volviendo a depender del Ministerio de Educaci\u00f3n de forma descentralizada, participativa y aut\u00f3noma?<\/p>\n<p>3.- \u00bfEst\u00e1 usted de acuerdo que el lucro con fondos p\u00fablicos deba ser prohibido en todos los niveles de la educaci\u00f3n chilena?<\/p>\n<p>4.- \u00bfEst\u00e1 usted de acuerdo con la necesidad de incorporar el Plebiscito Vinculante, convocado por los ciudadanos, para resolver los problemas fundamentales de car\u00e1cter nacional?<\/p>\n<p>La consulta en la comuna de San Felipe se realiz\u00f3 en la sede del Colegio de Profesores ubicada en Carlos Condell, en plaza de armas donde se instalaron dos mesas para que la comunidad se expresara, m\u00e1s otra mesa de car\u00e1cter itinerante que pas\u00f3 por los colegios de la comuna, para que los alumnos mayores de 14 a\u00f1os entregaran su postura respecto de este tema.<\/p>\n<p>\u00abLa finalidad es hacer un proceso de participaci\u00f3n ciudadana, que podamos contar cuanta gente est\u00e1 a favor o en contra de las preguntas que se hacen y hacer entrega del c\u00f3mputo al nivel comunal y regional a Santiago, para que ellos entreguen el resultado del plebiscito para que se haga la reforma que la ciudadan\u00eda est\u00e1 solicitando\u00bb, se\u00f1al\u00f3 Boris vega, representante del Colegio de Profesores de San Felipe.<\/p>\n<p>Los resultados a nivel comunal estuvieron disponibles el domingo, entre los que se pudo apreciar que participaron 3 mil 400 personas, de las cuales alrededor de 3 mil 220 estaban a favor con tener una educaci\u00f3n gratuita, mientras que 142 no lo estaban.<\/p>\n<p>En la pregunta n\u00famero 2 que dec\u00eda relaci\u00f3n con la desmunicipalizaci\u00f3n de los colegios, 3.212 personas se mostraron a favor y 19 en contra.<\/p>\n<p>En la pregunta n\u00famero 3 que consultaba sobre el fin del lucro en la educaci\u00f3n, 3110 personas se mostraron a favor, mientras que 293 est\u00e1n en contra.<\/p>\n<p>Y en la cuarta pregunta, 3003 se mostraron a favor de un plebiscito vinculante, mientras que 107 votaron en contra.<\/p>\n<p>Los datos de la consulta ser\u00e1n entregados en Santiago, y el Colegio de Profesores espera que sean tomados en cuenta por el Gobierno para realizar los cambios en educaci\u00f3n.<\/p>\n<p>\u00abTodos entendemos que la educaci\u00f3n gratuita no es algo autom\u00e1tico, es parte de un proceso, pero no va a haber educaci\u00f3n gratuita sin que haya Reforma Tributaria, entonces son temas que van vinculantes unos de otros, y eso tiene que ver con la nacionalizaci\u00f3n de los recursos naturales\u00bb, se\u00f1al\u00f3 Vega.<\/p>\n","protected":false},"excerpt":{"rendered":"<p>Este viernes y s\u00e1bado durante todo el d\u00eda se estuvo realizando el plebiscito organizado por el Colegio de Profesores para consultar a la ciudadan\u00eda su opini\u00f3n respecto al futuro de la educaci\u00f3n&#8230;.<\/p>\n","protected":false},"author":482,"featured_media":4585,"comment_status":"open","ping_status":"open","sticky":false,"template":"","format":"standard","meta":{"advanced_seo_description":"","jetpack_seo_html_title":"","jetpack_seo_noindex":false,"_jetpack_memberships_contains_paid_content":false,"footnotes":""},"categories":[15],"tags":[],"class_list":["post-4584","post","type-post","status-publish","format-standard","has-post-thumbnail","hentry","category-comunidad"],"jetpack_featured_media_url":"https:\/\/i0.wp.com\/eltrabajo.cl\/portal\/wp-content\/uploads\/2011\/10\/plebiscito-2.jpg?fit=600%2C400&ssl=1","jetpack_sharing_enabled":true,"jetpack_likes_enabled":true,"jetpack-related-posts":[],"_links":{"self":[{"href":"https:\/\/eltrabajo.cl\/portal\/wp-json\/wp\/v2\/posts\/4584","targetHints":{"allow":["GET"]}}],"collection":[{"href":"https:\/\/eltrabajo.cl\/portal\/wp-json\/wp\/v2\/posts"}],"about":[{"href":"https:\/\/eltrabajo.cl\/portal\/wp-json\/wp\/v2\/types\/post"}],"author":[{"embeddable":true,"href":"https:\/\/eltrabajo.cl\/portal\/wp-json\/wp\/v2\/users\/482"}],"replies":[{"embeddable":true,"href":"https:\/\/eltrabajo.cl\/portal\/wp-json\/wp\/v2\/comments?post=4584"}],"version-history":[{"count":0,"href":"https:\/\/eltrabajo.cl\/portal\/wp-json\/wp\/v2\/posts\/4584\/revisions"}],"wp:featuredmedia":[{"embeddable":true,"href":"https:\/\/eltrabajo.cl\/portal\/wp-json\/wp\/v2\/media\/4585"}],"wp:attachment":[{"href":"https:\/\/eltrabajo.cl\/portal\/wp-json\/wp\/v2\/media?parent=4584"}],"wp:term":[{"taxonomy":"category","embeddable":true,"href":"https:\/\/eltrabajo.cl\/portal\/wp-json\/wp\/v2\/categories?post=4584"},{"taxonomy":"post_tag","embeddable":true,"href":"https:\/\/eltrabajo.cl\/portal\/wp-json\/wp\/v2\/tags?post=4584"}],"curies":[{"name":"wp","href":"https:\/\/api.w.org\/{rel}","templated":true}]}}