{"id":45851,"date":"2014-04-25T09:56:06","date_gmt":"2014-04-25T12:56:06","guid":{"rendered":"http:\/\/www.eltrabajo.cl\/portal\/?p=45851"},"modified":"2014-04-25T09:56:06","modified_gmt":"2014-04-25T12:56:06","slug":"conozca-la-parrilla-de-artistas-para-las-ocho-horas-de-solidaridad","status":"publish","type":"post","link":"https:\/\/eltrabajo.cl\/portal\/conozca-la-parrilla-de-artistas-para-las-ocho-horas-de-solidaridad\/","title":{"rendered":"Conozca la parrilla de artistas para las \u2018Ocho horas de Solidaridad\u2019"},"content":{"rendered":"<figure id=\"attachment_45852\" aria-describedby=\"caption-attachment-45852\" style=\"width: 222px\" class=\"wp-caption alignleft\"><a href=\"https:\/\/i0.wp.com\/www.eltrabajo.cl\/portal\/wp-content\/uploads\/2014\/04\/Orellana1.jpg\"><img data-recalc-dims=\"1\" loading=\"lazy\" decoding=\"async\" class=\" wp-image-45852  \" alt=\"\u00daNICA.- Katherine Orellana har\u00e1 de las suyas en esta jornada solidaria por nuestros hermanos del puerto.\" src=\"https:\/\/i0.wp.com\/www.eltrabajo.cl\/portal\/wp-content\/uploads\/2014\/04\/Orellana1.jpg?resize=222%2C330\" width=\"222\" height=\"330\" srcset=\"https:\/\/i0.wp.com\/eltrabajo.cl\/portal\/wp-content\/uploads\/2014\/04\/Orellana1.jpg?w=529&amp;ssl=1 529w, https:\/\/i0.wp.com\/eltrabajo.cl\/portal\/wp-content\/uploads\/2014\/04\/Orellana1.jpg?resize=100%2C150&amp;ssl=1 100w, https:\/\/i0.wp.com\/eltrabajo.cl\/portal\/wp-content\/uploads\/2014\/04\/Orellana1.jpg?resize=201%2C300&amp;ssl=1 201w, https:\/\/i0.wp.com\/eltrabajo.cl\/portal\/wp-content\/uploads\/2014\/04\/Orellana1.jpg?resize=400%2C594&amp;ssl=1 400w\" sizes=\"auto, (max-width: 222px) 100vw, 222px\" \/><\/a><figcaption id=\"caption-attachment-45852\" class=\"wp-caption-text\">\u00daNICA.- Katherine Orellana har\u00e1 de las suyas en esta jornada solidaria por nuestros hermanos del puerto.<\/figcaption><\/figure>\n<p>Luego que durante varias semanas los empleados de Carnes KAR anunciaran las tan esperadas \u2018Ocho horas de Solidaridad\u2019 para ayudar a nuestros hermanos de Valpara\u00edso que resultaron afectados por el reciente incendio, la tarde de este jueves Juan Gonz\u00e1lez, organizador del evento, dio a conocer la parrilla art\u00edstica que desde el mediod\u00eda de ma\u00f1ana s\u00e1bado en nuestra Plaza de Armas, estar\u00e1 alegrando distintos escenarios.<\/p>\n<p>\u00abPara este evento ya tenemos confirmados al Grupo Teatro Infantil; Banana Ban; Katherine Orellana; Los 29; los dobles de Am\u00e9rico y Marc Anthony: La Sonora Bar\u00f3n; los Locos del humor y Jord\u00e1n y T\u00fa\u00bb, report\u00f3 a Diario El Trabajo Gonz\u00e1lez.<\/p>\n<p>Seg\u00fan lo informado por el organizador, \u00abla animaci\u00f3n estar\u00e1 a cargo de Camila Andrade y Daniel \u2018Palomo\u2019 Valenzuela, de las 14:00 a las 16:00 horas se realizar\u00e1 una zumbat\u00f3n solidaria en el Fort\u00edn Prat, esta ser\u00e1 dirigida por el cubano V\u00edctor Hern\u00e1ndez; los chilenos Carola Sep\u00falveda y Pablo Vargas\u00bb, puntualiz\u00f3 Juan Gonz\u00e1lez. Quienes deseen donar recursos para esta causa, pueden llevar atunes, granos, leche, pa\u00f1ales, pastas, art\u00edculos de aseo y entre otras cosas.<\/p>\n<p>Roberto Gonz\u00e1lez Short<\/p>\n<p>rgonzalez@eltrabajo.cl<\/p>\n<p>&nbsp;<\/p>\n","protected":false},"excerpt":{"rendered":"<p>Luego que durante varias semanas los empleados de Carnes KAR anunciaran las tan esperadas \u2018Ocho horas de Solidaridad\u2019 para ayudar a nuestros hermanos de Valpara\u00edso que resultaron afectados por el reciente incendio,&#8230;<\/p>\n","protected":false},"author":482,"featured_media":45852,"comment_status":"open","ping_status":"closed","sticky":false,"template":"","format":"standard","meta":{"advanced_seo_description":"","jetpack_seo_html_title":"","jetpack_seo_noindex":false,"_jetpack_memberships_contains_paid_content":false,"footnotes":""},"categories":[15],"tags":[],"class_list":["post-45851","post","type-post","status-publish","format-standard","has-post-thumbnail","hentry","category-comunidad"],"jetpack_featured_media_url":"https:\/\/i0.wp.com\/eltrabajo.cl\/portal\/wp-content\/uploads\/2014\/04\/Orellana1.jpg?fit=529%2C786&ssl=1","jetpack_sharing_enabled":true,"jetpack_likes_enabled":true,"jetpack-related-posts":[],"_links":{"self":[{"href":"https:\/\/eltrabajo.cl\/portal\/wp-json\/wp\/v2\/posts\/45851","targetHints":{"allow":["GET"]}}],"collection":[{"href":"https:\/\/eltrabajo.cl\/portal\/wp-json\/wp\/v2\/posts"}],"about":[{"href":"https:\/\/eltrabajo.cl\/portal\/wp-json\/wp\/v2\/types\/post"}],"author":[{"embeddable":true,"href":"https:\/\/eltrabajo.cl\/portal\/wp-json\/wp\/v2\/users\/482"}],"replies":[{"embeddable":true,"href":"https:\/\/eltrabajo.cl\/portal\/wp-json\/wp\/v2\/comments?post=45851"}],"version-history":[{"count":0,"href":"https:\/\/eltrabajo.cl\/portal\/wp-json\/wp\/v2\/posts\/45851\/revisions"}],"wp:featuredmedia":[{"embeddable":true,"href":"https:\/\/eltrabajo.cl\/portal\/wp-json\/wp\/v2\/media\/45852"}],"wp:attachment":[{"href":"https:\/\/eltrabajo.cl\/portal\/wp-json\/wp\/v2\/media?parent=45851"}],"wp:term":[{"taxonomy":"category","embeddable":true,"href":"https:\/\/eltrabajo.cl\/portal\/wp-json\/wp\/v2\/categories?post=45851"},{"taxonomy":"post_tag","embeddable":true,"href":"https:\/\/eltrabajo.cl\/portal\/wp-json\/wp\/v2\/tags?post=45851"}],"curies":[{"name":"wp","href":"https:\/\/api.w.org\/{rel}","templated":true}]}}