{"id":45856,"date":"2014-04-25T09:58:27","date_gmt":"2014-04-25T12:58:27","guid":{"rendered":"http:\/\/www.eltrabajo.cl\/portal\/?p=45856"},"modified":"2014-04-25T09:58:27","modified_gmt":"2014-04-25T12:58:27","slug":"peques-de-las-cabras-tambien-celebraron-el-dia-del-libro-2014","status":"publish","type":"post","link":"https:\/\/eltrabajo.cl\/portal\/peques-de-las-cabras-tambien-celebraron-el-dia-del-libro-2014\/","title":{"rendered":"Peques de Las Cabras tambi\u00e9n celebraron el D\u00eda del Libro 2014"},"content":{"rendered":"<figure id=\"attachment_45857\" aria-describedby=\"caption-attachment-45857\" style=\"width: 528px\" class=\"wp-caption alignnone\"><a href=\"https:\/\/i0.wp.com\/www.eltrabajo.cl\/portal\/wp-content\/uploads\/2014\/04\/Libros11.jpg\"><img data-recalc-dims=\"1\" loading=\"lazy\" decoding=\"async\" class=\"size-full wp-image-45857\" alt=\"LIBROS REGALONES.- Estos peque\u00f1itos desfilaron por las calles de Las Cabras con su traje de papel, alegraron el d\u00eda de los vecinos y de su escuelita.\" src=\"https:\/\/i0.wp.com\/www.eltrabajo.cl\/portal\/wp-content\/uploads\/2014\/04\/Libros11.jpg?resize=528%2C292\" width=\"528\" height=\"292\" srcset=\"https:\/\/i0.wp.com\/eltrabajo.cl\/portal\/wp-content\/uploads\/2014\/04\/Libros11.jpg?w=528&amp;ssl=1 528w, https:\/\/i0.wp.com\/eltrabajo.cl\/portal\/wp-content\/uploads\/2014\/04\/Libros11.jpg?resize=200%2C110&amp;ssl=1 200w, https:\/\/i0.wp.com\/eltrabajo.cl\/portal\/wp-content\/uploads\/2014\/04\/Libros11.jpg?resize=300%2C165&amp;ssl=1 300w, https:\/\/i0.wp.com\/eltrabajo.cl\/portal\/wp-content\/uploads\/2014\/04\/Libros11.jpg?resize=150%2C82&amp;ssl=1 150w, https:\/\/i0.wp.com\/eltrabajo.cl\/portal\/wp-content\/uploads\/2014\/04\/Libros11.jpg?resize=400%2C221&amp;ssl=1 400w\" sizes=\"auto, (max-width: 528px) 100vw, 528px\" \/><\/a><figcaption id=\"caption-attachment-45857\" class=\"wp-caption-text\">LIBROS REGALONES.- Estos peque\u00f1itos desfilaron por las calles de Las Cabras con su traje de papel, alegraron el d\u00eda de los vecinos y de su escuelita.<\/figcaption><\/figure>\n<p><strong>SANTA MAR\u00cdA<\/strong>.- Unos dieciocho estudiantes de 1\u00ba y 2\u00ba B\u00e1sico de la Escuela Aurora Velasco en Las Cabras, no quisieron quedarse atr\u00e1s durante la celebraci\u00f3n del D\u00eda Mundial del Libro 2014 y conjuntamente realizaron un peque\u00f1o pero significativo desfile por las calles de su poblaci\u00f3n, con miras a incentivar la lectura y el cuidado de nuestros amigos los libros.<\/p>\n<p>\u00abEstos alumnos dise\u00f1aron libros de varios temas de la literatura conocida, la Profesora Jocelyn P\u00e1ez y yo les ayudamos en el dise\u00f1o de los mismos, pero fueron ellos los m\u00e1s interesados en el proceso y tambi\u00e9n en mostrarlos a sus compa\u00f1eros de curso\u00bb, coment\u00f3 a Diario El Trabajo el Profesor Andr\u00e9s Altamirano.<\/p>\n<p>Ricitos de oro; El d\u00eda de campo de Don Chanco; El Circo; Pinocho y El Patito feo, fueron algunos de los t\u00edtulos famosos. La actividad se realiz\u00f3 durante la ma\u00f1ana de ayer jueves y participaron apoderados, estudiantes y profesores.<\/p>\n<div class=\"tiled-gallery type-rectangular tiled-gallery-unresized\" data-original-width=\"640\" data-carousel-extra='null' itemscope itemtype=\"http:\/\/schema.org\/ImageGallery\" > <div class=\"gallery-row\" style=\"width: 640px; height: 256px;\" data-original-width=\"640\" data-original-height=\"256\" > <div class=\"gallery-group images-1\" style=\"width: 230px; height: 256px;\" data-original-width=\"230\" data-original-height=\"256\" > <div class=\"tiled-gallery-item tiled-gallery-item-small\" itemprop=\"associatedMedia\" itemscope itemtype=\"http:\/\/schema.org\/ImageObject\"> <a href=\"https:\/\/eltrabajo.cl\/portal\/peques-de-las-cabras-tambien-celebraron-el-dia-del-libro-2014\/andres-altamirano\/\" border=\"0\" itemprop=\"url\"> <meta itemprop=\"width\" content=\"226\"> <meta itemprop=\"height\" content=\"252\"> <img decoding=\"async\" class=\"\" data-attachment-id=\"45858\" data-orig-file=\"https:\/\/eltrabajo.cl\/portal\/wp-content\/uploads\/2014\/04\/Andres-Altamirano.jpg\" data-orig-size=\"529,590\" data-comments-opened=\"1\" data-image-meta=\"{&quot;aperture&quot;:&quot;4.5&quot;,&quot;credit&quot;:&quot;&quot;,&quot;camera&quot;:&quot;Canon EOS REBEL T1i&quot;,&quot;caption&quot;:&quot;&quot;,&quot;created_timestamp&quot;:&quot;1398345193&quot;,&quot;copyright&quot;:&quot;&quot;,&quot;focal_length&quot;:&quot;37&quot;,&quot;iso&quot;:&quot;400&quot;,&quot;shutter_speed&quot;:&quot;0.016666666666667&quot;,&quot;title&quot;:&quot;&quot;}\" data-image-title=\"Andres Altamirano\" data-image-description=\"&lt;p&gt;Profesor de la Escuela Aurora Velasco en Las Cabras, Andr\u00e9s Altamirano.&lt;\/p&gt; \" data-medium-file=\"https:\/\/i0.wp.com\/eltrabajo.cl\/portal\/wp-content\/uploads\/2014\/04\/Andres-Altamirano.jpg?fit=268%2C300&#038;ssl=1\" data-large-file=\"https:\/\/i0.wp.com\/eltrabajo.cl\/portal\/wp-content\/uploads\/2014\/04\/Andres-Altamirano.jpg?fit=529%2C590&#038;ssl=1\" src=\"https:\/\/i0.wp.com\/eltrabajo.cl\/portal\/wp-content\/uploads\/2014\/04\/Andres-Altamirano.jpg?w=226&#038;h=252&#038;ssl=1\" srcset=\"https:\/\/i0.wp.com\/eltrabajo.cl\/portal\/wp-content\/uploads\/2014\/04\/Andres-Altamirano.jpg?w=529&amp;ssl=1 529w, https:\/\/i0.wp.com\/eltrabajo.cl\/portal\/wp-content\/uploads\/2014\/04\/Andres-Altamirano.jpg?resize=134%2C150&amp;ssl=1 134w, https:\/\/i0.wp.com\/eltrabajo.cl\/portal\/wp-content\/uploads\/2014\/04\/Andres-Altamirano.jpg?resize=268%2C300&amp;ssl=1 268w, https:\/\/i0.wp.com\/eltrabajo.cl\/portal\/wp-content\/uploads\/2014\/04\/Andres-Altamirano.jpg?resize=400%2C446&amp;ssl=1 400w\" width=\"226\" height=\"252\" loading=\"lazy\" data-original-width=\"226\" data-original-height=\"252\" itemprop=\"http:\/\/schema.org\/image\" title=\"Andres Altamirano\" alt=\"Profesor de la Escuela Aurora Velasco en Las Cabras, Andr\u00e9s Altamirano.\" style=\"width: 226px; height: 252px;\" \/> <\/a> <div class=\"tiled-gallery-caption\" itemprop=\"caption description\"> Profesor de la Escuela Aurora Velasco en Las Cabras, Andr\u00e9s Altamirano. <\/div> <\/div> <\/div> <!-- close group --> <div class=\"gallery-group images-1\" style=\"width: 410px; height: 256px;\" data-original-width=\"410\" data-original-height=\"256\" > <div class=\"tiled-gallery-item tiled-gallery-item-large\" itemprop=\"associatedMedia\" itemscope itemtype=\"http:\/\/schema.org\/ImageObject\"> <a href=\"https:\/\/eltrabajo.cl\/portal\/peques-de-las-cabras-tambien-celebraron-el-dia-del-libro-2014\/libros2-2\/\" border=\"0\" itemprop=\"url\"> <meta itemprop=\"width\" content=\"406\"> <meta itemprop=\"height\" content=\"252\"> <img decoding=\"async\" class=\"\" data-attachment-id=\"45859\" data-orig-file=\"https:\/\/eltrabajo.cl\/portal\/wp-content\/uploads\/2014\/04\/Libros2.jpg\" data-orig-size=\"528,327\" data-comments-opened=\"1\" data-image-meta=\"{&quot;aperture&quot;:&quot;7.1&quot;,&quot;credit&quot;:&quot;&quot;,&quot;camera&quot;:&quot;Canon EOS REBEL T1i&quot;,&quot;caption&quot;:&quot;&quot;,&quot;created_timestamp&quot;:&quot;1398344929&quot;,&quot;copyright&quot;:&quot;&quot;,&quot;focal_length&quot;:&quot;20&quot;,&quot;iso&quot;:&quot;400&quot;,&quot;shutter_speed&quot;:&quot;0.005&quot;,&quot;title&quot;:&quot;&quot;}\" data-image-title=\"Libros2\" data-image-description=\"&lt;p&gt;MUNDO DE FANTAS\u00cdA.- Unos dieciocho estudiantes de 1\u00ba y 2\u00ba B\u00e1sico de la Escuela Aurora Velasco en Las Cabras no quisieron quedarse atr\u00e1s durante la celebraci\u00f3n del D\u00eda Mundial del Libro 2014.&lt;\/p&gt; \" data-medium-file=\"https:\/\/i0.wp.com\/eltrabajo.cl\/portal\/wp-content\/uploads\/2014\/04\/Libros2.jpg?fit=300%2C185&#038;ssl=1\" data-large-file=\"https:\/\/i0.wp.com\/eltrabajo.cl\/portal\/wp-content\/uploads\/2014\/04\/Libros2.jpg?fit=528%2C327&#038;ssl=1\" src=\"https:\/\/i0.wp.com\/eltrabajo.cl\/portal\/wp-content\/uploads\/2014\/04\/Libros2.jpg?w=406&#038;h=252&#038;ssl=1\" srcset=\"https:\/\/i0.wp.com\/eltrabajo.cl\/portal\/wp-content\/uploads\/2014\/04\/Libros2.jpg?w=528&amp;ssl=1 528w, https:\/\/i0.wp.com\/eltrabajo.cl\/portal\/wp-content\/uploads\/2014\/04\/Libros2.jpg?resize=200%2C123&amp;ssl=1 200w, https:\/\/i0.wp.com\/eltrabajo.cl\/portal\/wp-content\/uploads\/2014\/04\/Libros2.jpg?resize=300%2C185&amp;ssl=1 300w, https:\/\/i0.wp.com\/eltrabajo.cl\/portal\/wp-content\/uploads\/2014\/04\/Libros2.jpg?resize=150%2C92&amp;ssl=1 150w, https:\/\/i0.wp.com\/eltrabajo.cl\/portal\/wp-content\/uploads\/2014\/04\/Libros2.jpg?resize=400%2C247&amp;ssl=1 400w\" width=\"406\" height=\"252\" loading=\"lazy\" data-original-width=\"406\" data-original-height=\"252\" itemprop=\"http:\/\/schema.org\/image\" title=\"Libros2\" alt=\"MUNDO DE FANTAS\u00cdA.- Unos dieciocho estudiantes de 1\u00ba y 2\u00ba B\u00e1sico de la Escuela Aurora Velasco en Las Cabras no quisieron quedarse atr\u00e1s durante la celebraci\u00f3n del D\u00eda Mundial del Libro 2014.\" style=\"width: 406px; height: 252px;\" \/> <\/a> <div class=\"tiled-gallery-caption\" itemprop=\"caption description\"> MUNDO DE FANTAS\u00cdA.- Unos dieciocho estudiantes de 1\u00ba y 2\u00ba B\u00e1sico de la Escuela Aurora Velasco en Las Cabras no quisieron quedarse atr\u00e1s durante la celebraci\u00f3n del D\u00eda Mundial del Libro 2014. <\/div> <\/div> <\/div> <!-- close group --> <\/div> <!-- close row --> <\/div>\n<p>&nbsp;<\/p>\n","protected":false},"excerpt":{"rendered":"<p>SANTA MAR\u00cdA.- Unos dieciocho estudiantes de 1\u00ba y 2\u00ba B\u00e1sico de la Escuela Aurora Velasco en Las Cabras, no quisieron quedarse atr\u00e1s durante la celebraci\u00f3n del D\u00eda Mundial del Libro 2014 y&#8230;<\/p>\n","protected":false},"author":482,"featured_media":45857,"comment_status":"open","ping_status":"closed","sticky":false,"template":"","format":"standard","meta":{"advanced_seo_description":"","jetpack_seo_html_title":"","jetpack_seo_noindex":false,"_jetpack_memberships_contains_paid_content":false,"footnotes":""},"categories":[15],"tags":[],"class_list":["post-45856","post","type-post","status-publish","format-standard","has-post-thumbnail","hentry","category-comunidad"],"jetpack_featured_media_url":"https:\/\/i0.wp.com\/eltrabajo.cl\/portal\/wp-content\/uploads\/2014\/04\/Libros11.jpg?fit=528%2C292&ssl=1","jetpack_sharing_enabled":true,"jetpack_likes_enabled":true,"jetpack-related-posts":[],"_links":{"self":[{"href":"https:\/\/eltrabajo.cl\/portal\/wp-json\/wp\/v2\/posts\/45856","targetHints":{"allow":["GET"]}}],"collection":[{"href":"https:\/\/eltrabajo.cl\/portal\/wp-json\/wp\/v2\/posts"}],"about":[{"href":"https:\/\/eltrabajo.cl\/portal\/wp-json\/wp\/v2\/types\/post"}],"author":[{"embeddable":true,"href":"https:\/\/eltrabajo.cl\/portal\/wp-json\/wp\/v2\/users\/482"}],"replies":[{"embeddable":true,"href":"https:\/\/eltrabajo.cl\/portal\/wp-json\/wp\/v2\/comments?post=45856"}],"version-history":[{"count":0,"href":"https:\/\/eltrabajo.cl\/portal\/wp-json\/wp\/v2\/posts\/45856\/revisions"}],"wp:featuredmedia":[{"embeddable":true,"href":"https:\/\/eltrabajo.cl\/portal\/wp-json\/wp\/v2\/media\/45857"}],"wp:attachment":[{"href":"https:\/\/eltrabajo.cl\/portal\/wp-json\/wp\/v2\/media?parent=45856"}],"wp:term":[{"taxonomy":"category","embeddable":true,"href":"https:\/\/eltrabajo.cl\/portal\/wp-json\/wp\/v2\/categories?post=45856"},{"taxonomy":"post_tag","embeddable":true,"href":"https:\/\/eltrabajo.cl\/portal\/wp-json\/wp\/v2\/tags?post=45856"}],"curies":[{"name":"wp","href":"https:\/\/api.w.org\/{rel}","templated":true}]}}