{"id":45862,"date":"2014-04-25T10:02:41","date_gmt":"2014-04-25T13:02:41","guid":{"rendered":"http:\/\/www.eltrabajo.cl\/portal\/?p=45862"},"modified":"2014-04-25T10:02:41","modified_gmt":"2014-04-25T13:02:41","slug":"alcalde-guillermo-reyes-plebiscito-es-una-opcion-pero-no-resuelve-problema-de-fondo-de-parquimetros","status":"publish","type":"post","link":"https:\/\/eltrabajo.cl\/portal\/alcalde-guillermo-reyes-plebiscito-es-una-opcion-pero-no-resuelve-problema-de-fondo-de-parquimetros\/","title":{"rendered":"Alcalde Guillermo Reyes: \u201cPlebiscito es una opci\u00f3n, pero no resuelve problema de fondo de parqu\u00edmetros\u201d"},"content":{"rendered":"<figure id=\"attachment_45863\" aria-describedby=\"caption-attachment-45863\" style=\"width: 529px\" class=\"wp-caption alignnone\"><a href=\"https:\/\/i0.wp.com\/www.eltrabajo.cl\/portal\/wp-content\/uploads\/2014\/04\/Parquimetros-Putaendo.jpg\"><img data-recalc-dims=\"1\" loading=\"lazy\" decoding=\"async\" class=\"size-full wp-image-45863\" alt=\"El aumento del parque vehicular en Putaendo ha llevado a los comerciantes a plantear la necesidad de contar con parqu\u00edmetros, record\u00f3 Reyes.\" src=\"https:\/\/i0.wp.com\/www.eltrabajo.cl\/portal\/wp-content\/uploads\/2014\/04\/Parquimetros-Putaendo.jpg?resize=529%2C358\" width=\"529\" height=\"358\" srcset=\"https:\/\/i0.wp.com\/eltrabajo.cl\/portal\/wp-content\/uploads\/2014\/04\/Parquimetros-Putaendo.jpg?w=529&amp;ssl=1 529w, https:\/\/i0.wp.com\/eltrabajo.cl\/portal\/wp-content\/uploads\/2014\/04\/Parquimetros-Putaendo.jpg?resize=200%2C135&amp;ssl=1 200w, https:\/\/i0.wp.com\/eltrabajo.cl\/portal\/wp-content\/uploads\/2014\/04\/Parquimetros-Putaendo.jpg?resize=300%2C203&amp;ssl=1 300w, https:\/\/i0.wp.com\/eltrabajo.cl\/portal\/wp-content\/uploads\/2014\/04\/Parquimetros-Putaendo.jpg?resize=150%2C101&amp;ssl=1 150w, https:\/\/i0.wp.com\/eltrabajo.cl\/portal\/wp-content\/uploads\/2014\/04\/Parquimetros-Putaendo.jpg?resize=400%2C270&amp;ssl=1 400w\" sizes=\"auto, (max-width: 529px) 100vw, 529px\" \/><\/a><figcaption id=\"caption-attachment-45863\" class=\"wp-caption-text\">El aumento del parque vehicular en Putaendo ha llevado a los comerciantes a plantear la necesidad de contar con parqu\u00edmetros, record\u00f3 Reyes.<\/figcaption><\/figure>\n<p><strong>PUTAENDO.<\/strong>&#8211; Convencido que realizar un plebiscito para definir la instalaci\u00f3n de parqu\u00edmetros en el centro de Putaendo es una opci\u00f3n, pero no la soluci\u00f3n definitiva a la problem\u00e1tica de los estacionamientos en el centro de la comuna, el Alcalde Guillermo Reyes expres\u00f3 que hay que ver m\u00e1s opciones y activar la discusi\u00f3n de c\u00f3mo hacer que todos los ciudadanos tengan derecho a estacionarse.<\/p>\n<figure id=\"attachment_45864\" aria-describedby=\"caption-attachment-45864\" style=\"width: 223px\" class=\"wp-caption alignright\"><a href=\"https:\/\/i0.wp.com\/www.eltrabajo.cl\/portal\/wp-content\/uploads\/2014\/04\/Guillermo-Reyes-2014.jpg\"><img data-recalc-dims=\"1\" loading=\"lazy\" decoding=\"async\" class=\" wp-image-45864   \" alt=\"Guillermo Reyes, Alcalde de Putaendo.\" src=\"https:\/\/i0.wp.com\/www.eltrabajo.cl\/portal\/wp-content\/uploads\/2014\/04\/Guillermo-Reyes-2014.jpg?resize=223%2C223\" width=\"223\" height=\"223\" srcset=\"https:\/\/i0.wp.com\/eltrabajo.cl\/portal\/wp-content\/uploads\/2014\/04\/Guillermo-Reyes-2014.jpg?w=530&amp;ssl=1 530w, https:\/\/i0.wp.com\/eltrabajo.cl\/portal\/wp-content\/uploads\/2014\/04\/Guillermo-Reyes-2014.jpg?resize=150%2C150&amp;ssl=1 150w, https:\/\/i0.wp.com\/eltrabajo.cl\/portal\/wp-content\/uploads\/2014\/04\/Guillermo-Reyes-2014.jpg?resize=300%2C300&amp;ssl=1 300w, https:\/\/i0.wp.com\/eltrabajo.cl\/portal\/wp-content\/uploads\/2014\/04\/Guillermo-Reyes-2014.jpg?resize=400%2C400&amp;ssl=1 400w\" sizes=\"auto, (max-width: 223px) 100vw, 223px\" \/><\/a><figcaption id=\"caption-attachment-45864\" class=\"wp-caption-text\">Guillermo Reyes, Alcalde de Putaendo.<\/figcaption><\/figure>\n<p>Parqu\u00edmetros en Putaendo, una medida impopular, pero que tiene un trasfondo estrictamente democr\u00e1tico, el derecho constitucional que permite que todos los ciudadanos puedan utilizar los espacios p\u00fablicos. \u201cEl tema de los parqu\u00edmetros nunca estuvo determinado por el cobro, sino por el derecho de los vecinos a utilizar un bien nacional de uso p\u00fablico, por eso creo necesario, considerando el universo automotriz de la comuna, que todos los putaendinos tengan el derecho de estacionarse en la plaza y actualmente eso es casi imposible, ya que algunos conductores se quedan por horas en la calles del centro de Putaendo\u201d, explic\u00f3 el Alcalde Guillermo Reyes.<\/p>\n<p>Recordemos que esta medida en primera instancia surgi\u00f3 como una solicitud formal de la C\u00e1mara de Comercio y Turismo de Putaendo, quienes a trav\u00e9s de su directiva presidida por Hern\u00e1n Araya, solicitaron en ese entonces a los dos candidatos a alcalde y luego al actual concejo municipal, el cobro de parqu\u00edmetros con el fin de permitir a las personas que quisieran comprar, poder estacionarse en el centro de la ciudad y no migrar a la comuna de San Felipe.<\/p>\n<p>En aquella oportunidad el concejo vot\u00f3 5 a 1 a favor de comenzar un proceso de licitaci\u00f3n para la instalaci\u00f3n de parqu\u00edmetros, iniciativa que no tuvo oferentes solo hasta hace algunas semanas, donde una empresa propuso en sesi\u00f3n del concejo realizar una marcha blanca, solicitud que actualmente se mantiene congelada. Estos \u00faltimos meses las intensiones de llevar a cabo esta medida se han hecho cada vez m\u00e1s complejas, si en un principio solo un concejal se opon\u00eda a la medida, hoy ya es la mitad del concejo quienes disienten del cobro por estacionarse en el centro de la comuna. \u201cEn ese marco me resulta prudente no forzar una nueva votaci\u00f3n que terminar\u00eda dividiendo al concejo\u201d, manifest\u00f3 Reyes.<\/p>\n<p>Un proyecto que originalmente consideraba la reinversi\u00f3n inmediata en la comuna de los recursos obtenidos por el cobro de parqu\u00edmetros, ingresos que estar\u00edan destinados a la seguridad ciudadana y vial, incluyendo la operatividad de las c\u00e1maras de seguridad, el pintado de calles, financiamiento de campa\u00f1as para cuidado y protecci\u00f3n de animales e incluso un m\u00f3vil de seguridad ciudadana, entre otras inversiones, as\u00ed lo explic\u00f3 el edil de Putaendo, quien agreg\u00f3 que aunque no se tengan estos ingresos, el municipio seguir\u00e1 comprometiendo financiamiento en estos \u00edtem.<\/p>\n<p>Un tema que comienza ahora su discusi\u00f3n ciudadana y que en palabras del jefe comunal, \u00abse podr\u00eda pensar que el plebiscito es la mejor forma de solucionarlo, por ser una buena manera de resolver controversias y tomarle el pulso a la ciudad, no obstante, creo, no solucionar\u00e1 el problema de fondo\u00bb, reiter\u00f3 el edil, quien propone fijar una ordenanza que establezca la cantidad de minutos m\u00e1ximos de estacionamiento, los cuales ser\u00edan controlados por un inspector municipal, quien notificar\u00eda a quienes no respeten los tiempos m\u00e1ximos de estacionamiento.<\/p>\n<p>&nbsp;<\/p>\n","protected":false},"excerpt":{"rendered":"<p>PUTAENDO.&#8211; Convencido que realizar un plebiscito para definir la instalaci\u00f3n de parqu\u00edmetros en el centro de Putaendo es una opci\u00f3n, pero no la soluci\u00f3n definitiva a la problem\u00e1tica de los estacionamientos en&#8230;<\/p>\n","protected":false},"author":482,"featured_media":45863,"comment_status":"open","ping_status":"closed","sticky":false,"template":"","format":"standard","meta":{"advanced_seo_description":"","jetpack_seo_html_title":"","jetpack_seo_noindex":false,"_jetpack_memberships_contains_paid_content":false,"footnotes":""},"categories":[1],"tags":[],"class_list":["post-45862","post","type-post","status-publish","format-standard","has-post-thumbnail","hentry","category-cronica"],"jetpack_featured_media_url":"https:\/\/i0.wp.com\/eltrabajo.cl\/portal\/wp-content\/uploads\/2014\/04\/Parquimetros-Putaendo.jpg?fit=529%2C358&ssl=1","jetpack_sharing_enabled":true,"jetpack_likes_enabled":true,"jetpack-related-posts":[],"_links":{"self":[{"href":"https:\/\/eltrabajo.cl\/portal\/wp-json\/wp\/v2\/posts\/45862","targetHints":{"allow":["GET"]}}],"collection":[{"href":"https:\/\/eltrabajo.cl\/portal\/wp-json\/wp\/v2\/posts"}],"about":[{"href":"https:\/\/eltrabajo.cl\/portal\/wp-json\/wp\/v2\/types\/post"}],"author":[{"embeddable":true,"href":"https:\/\/eltrabajo.cl\/portal\/wp-json\/wp\/v2\/users\/482"}],"replies":[{"embeddable":true,"href":"https:\/\/eltrabajo.cl\/portal\/wp-json\/wp\/v2\/comments?post=45862"}],"version-history":[{"count":0,"href":"https:\/\/eltrabajo.cl\/portal\/wp-json\/wp\/v2\/posts\/45862\/revisions"}],"wp:featuredmedia":[{"embeddable":true,"href":"https:\/\/eltrabajo.cl\/portal\/wp-json\/wp\/v2\/media\/45863"}],"wp:attachment":[{"href":"https:\/\/eltrabajo.cl\/portal\/wp-json\/wp\/v2\/media?parent=45862"}],"wp:term":[{"taxonomy":"category","embeddable":true,"href":"https:\/\/eltrabajo.cl\/portal\/wp-json\/wp\/v2\/categories?post=45862"},{"taxonomy":"post_tag","embeddable":true,"href":"https:\/\/eltrabajo.cl\/portal\/wp-json\/wp\/v2\/tags?post=45862"}],"curies":[{"name":"wp","href":"https:\/\/api.w.org\/{rel}","templated":true}]}}