{"id":45869,"date":"2014-04-25T10:03:42","date_gmt":"2014-04-25T13:03:42","guid":{"rendered":"http:\/\/www.eltrabajo.cl\/portal\/?p=45869"},"modified":"2014-04-25T10:03:42","modified_gmt":"2014-04-25T13:03:42","slug":"escuela-jose-bernardo-suarez-logra-importante-alza-en-matriculas","status":"publish","type":"post","link":"https:\/\/eltrabajo.cl\/portal\/escuela-jose-bernardo-suarez-logra-importante-alza-en-matriculas\/","title":{"rendered":"Escuela Jos\u00e9 Bernardo Su\u00e1rez logra importante alza en matr\u00edculas"},"content":{"rendered":"<figure id=\"attachment_45870\" aria-describedby=\"caption-attachment-45870\" style=\"width: 529px\" class=\"wp-caption alignnone\"><a href=\"https:\/\/i0.wp.com\/www.eltrabajo.cl\/portal\/wp-content\/uploads\/2014\/04\/escuela.jpg\"><img data-recalc-dims=\"1\" loading=\"lazy\" decoding=\"async\" class=\"size-full wp-image-45870\" alt=\"La Escuela Bernardo Su\u00e1rez logr\u00f3 casi duplicar su matr\u00edcula en dos a\u00f1os.\" src=\"https:\/\/i0.wp.com\/www.eltrabajo.cl\/portal\/wp-content\/uploads\/2014\/04\/escuela.jpg?resize=529%2C401\" width=\"529\" height=\"401\" srcset=\"https:\/\/i0.wp.com\/eltrabajo.cl\/portal\/wp-content\/uploads\/2014\/04\/escuela.jpg?w=529&amp;ssl=1 529w, https:\/\/i0.wp.com\/eltrabajo.cl\/portal\/wp-content\/uploads\/2014\/04\/escuela.jpg?resize=197%2C150&amp;ssl=1 197w, https:\/\/i0.wp.com\/eltrabajo.cl\/portal\/wp-content\/uploads\/2014\/04\/escuela.jpg?resize=300%2C227&amp;ssl=1 300w, https:\/\/i0.wp.com\/eltrabajo.cl\/portal\/wp-content\/uploads\/2014\/04\/escuela.jpg?resize=150%2C113&amp;ssl=1 150w, https:\/\/i0.wp.com\/eltrabajo.cl\/portal\/wp-content\/uploads\/2014\/04\/escuela.jpg?resize=400%2C303&amp;ssl=1 400w\" sizes=\"auto, (max-width: 529px) 100vw, 529px\" \/><\/a><figcaption id=\"caption-attachment-45870\" class=\"wp-caption-text\">La Escuela Bernardo Su\u00e1rez logr\u00f3 casi duplicar su matr\u00edcula en dos a\u00f1os.<\/figcaption><\/figure>\n<p>Un importante incremento en las matr\u00edculas ha experimentado la escuela Jos\u00e9 Bernardo Su\u00e1rez del sector El Asiento, lo que fue posible gracias a un gran trabajo realizado por todos los funcionarios del establecimiento, encabezados por su directora Sandra Lucero, lo que conjuntamente con el Centro General de Padres permiti\u00f3 realizar una excelente labor los dos a\u00f1os reci\u00e9n pasados, orientado los esfuerzos a captar el inter\u00e9s de los padres y apoderados de otros establecimientos de la comuna, lo que signific\u00f3 aumentar la matr\u00edcula de 46 alumnos el a\u00f1o 2012, a 86 en este a\u00f1o 2014 adem\u00e1s de crear s\u00e9ptimo a\u00f1o b\u00e1sico.<\/p>\n<p>Lo anterior signific\u00f3 un incremento en pre b\u00e1sica, permitiendo la separaci\u00f3n de cursos, los que eran combinados hasta el a\u00f1o pasado, motivando que los apoderados concurrieran al establecimiento a interiorizarse del trabajo que diariamente es desarrollado con los alumnos, lo que resalta enormemente el excelente trabajo efectuado por las educadoras de p\u00e1rvulos y sus t\u00e9cnicos, trabajando el a\u00f1o pasado fuertemente en la renovaci\u00f3n de la imagen, esperando para los pr\u00f3ximos d\u00edas la llegada de nuevos alumnos a este nivel.<\/p>\n<p>Sandra Lucero Mur\u00faa, Directora del establecimiento, destac\u00f3 la unidad que existe entre los vecinos del sector de El Asiento, donde la escuela se convierte en un ente social muy importante de encuentro entre residentes de este lugar.<\/p>\n<p>Este a\u00f1o los esfuerzos estar\u00e1n enfocados a mejorar el rendimiento acad\u00e9mico y que se refleje directamente en el SIMCE, rendida en segundo, cuarto y sexto b\u00e1sico, por lo que los desaf\u00edos que se van asumiendo son mayores, y para eso, este a\u00f1o se cuenta con especialistas en educaci\u00f3n f\u00edsica, ingl\u00e9s, adem\u00e1s de talleres extra escolares, lo que signific\u00f3 un ajuste en la jornada escolar completa, permitiendo no solamente trabajar en materia de conocimiento, sino en habilidades.<\/p>\n<p>\u201cOtro importante aspecto a destacar, es la convivencia escolar, lo que ha significado que los \u00edndices de violencia hayan sido reducidos a cero, habiendo un clima de mucho respeto, tanto de los alumnos como de los apoderados, logrando una cohesi\u00f3n importante para una muy buena relaci\u00f3n, lo que nos ha permitido trabajar m\u00e1s tranquilos, confiando plenamente en nuestro trabajo\u201d, dijo la directora, quien destac\u00f3 la posibilidad de contar con un buen grupo de trabajo.<\/p>\n<p>\u201cEsto nos permitir\u00e1 conocer otras experiencias, y as\u00ed abordar nuestra realidad, escuchando otras opiniones, por lo que agradecemos enormemente la confianza entregada por la DAEM, a trav\u00e9s de su director Iv\u00e1n Silva, a esta nueva gesti\u00f3n\u201d, recalco la profesional.<\/p>\n<p>&nbsp;<\/p>\n","protected":false},"excerpt":{"rendered":"<p>Un importante incremento en las matr\u00edculas ha experimentado la escuela Jos\u00e9 Bernardo Su\u00e1rez del sector El Asiento, lo que fue posible gracias a un gran trabajo realizado por todos los funcionarios del&#8230;<\/p>\n","protected":false},"author":482,"featured_media":45870,"comment_status":"open","ping_status":"closed","sticky":false,"template":"","format":"standard","meta":{"advanced_seo_description":"","jetpack_seo_html_title":"","jetpack_seo_noindex":false,"_jetpack_memberships_contains_paid_content":false,"footnotes":""},"categories":[15],"tags":[],"class_list":["post-45869","post","type-post","status-publish","format-standard","has-post-thumbnail","hentry","category-comunidad"],"jetpack_featured_media_url":"https:\/\/i0.wp.com\/eltrabajo.cl\/portal\/wp-content\/uploads\/2014\/04\/escuela.jpg?fit=529%2C401&ssl=1","jetpack_sharing_enabled":true,"jetpack_likes_enabled":true,"jetpack-related-posts":[],"_links":{"self":[{"href":"https:\/\/eltrabajo.cl\/portal\/wp-json\/wp\/v2\/posts\/45869","targetHints":{"allow":["GET"]}}],"collection":[{"href":"https:\/\/eltrabajo.cl\/portal\/wp-json\/wp\/v2\/posts"}],"about":[{"href":"https:\/\/eltrabajo.cl\/portal\/wp-json\/wp\/v2\/types\/post"}],"author":[{"embeddable":true,"href":"https:\/\/eltrabajo.cl\/portal\/wp-json\/wp\/v2\/users\/482"}],"replies":[{"embeddable":true,"href":"https:\/\/eltrabajo.cl\/portal\/wp-json\/wp\/v2\/comments?post=45869"}],"version-history":[{"count":0,"href":"https:\/\/eltrabajo.cl\/portal\/wp-json\/wp\/v2\/posts\/45869\/revisions"}],"wp:featuredmedia":[{"embeddable":true,"href":"https:\/\/eltrabajo.cl\/portal\/wp-json\/wp\/v2\/media\/45870"}],"wp:attachment":[{"href":"https:\/\/eltrabajo.cl\/portal\/wp-json\/wp\/v2\/media?parent=45869"}],"wp:term":[{"taxonomy":"category","embeddable":true,"href":"https:\/\/eltrabajo.cl\/portal\/wp-json\/wp\/v2\/categories?post=45869"},{"taxonomy":"post_tag","embeddable":true,"href":"https:\/\/eltrabajo.cl\/portal\/wp-json\/wp\/v2\/tags?post=45869"}],"curies":[{"name":"wp","href":"https:\/\/api.w.org\/{rel}","templated":true}]}}