{"id":45872,"date":"2014-04-25T10:04:46","date_gmt":"2014-04-25T13:04:46","guid":{"rendered":"http:\/\/www.eltrabajo.cl\/portal\/?p=45872"},"modified":"2014-04-25T10:04:46","modified_gmt":"2014-04-25T13:04:46","slug":"escuela-alegria-catan-de-piguchen-inauguro-moderna-sala-de-computacion","status":"publish","type":"post","link":"https:\/\/eltrabajo.cl\/portal\/escuela-alegria-catan-de-piguchen-inauguro-moderna-sala-de-computacion\/","title":{"rendered":"Escuela Alegr\u00eda Cat\u00e1n de Piguch\u00e9n inaugur\u00f3 moderna sala de computaci\u00f3n"},"content":{"rendered":"<figure id=\"attachment_45873\" aria-describedby=\"caption-attachment-45873\" style=\"width: 529px\" class=\"wp-caption alignnone\"><a href=\"https:\/\/i0.wp.com\/www.eltrabajo.cl\/portal\/wp-content\/uploads\/2014\/04\/INAUGURACION-SALA-DE-COMPUTACION-3.jpg\"><img data-recalc-dims=\"1\" loading=\"lazy\" decoding=\"async\" class=\"size-full wp-image-45873\" alt=\"Representantes de la Fundaci\u00f3n Alegr\u00eda Cat\u00e1n y autoridades tras develar  la placa que nombra a la \u201cSala de Computaci\u00f3n Alegr\u00eda Cat\u00e1n\u201d.\" src=\"https:\/\/i0.wp.com\/www.eltrabajo.cl\/portal\/wp-content\/uploads\/2014\/04\/INAUGURACION-SALA-DE-COMPUTACION-3.jpg?resize=529%2C358\" width=\"529\" height=\"358\" srcset=\"https:\/\/i0.wp.com\/eltrabajo.cl\/portal\/wp-content\/uploads\/2014\/04\/INAUGURACION-SALA-DE-COMPUTACION-3.jpg?w=529&amp;ssl=1 529w, https:\/\/i0.wp.com\/eltrabajo.cl\/portal\/wp-content\/uploads\/2014\/04\/INAUGURACION-SALA-DE-COMPUTACION-3.jpg?resize=200%2C135&amp;ssl=1 200w, https:\/\/i0.wp.com\/eltrabajo.cl\/portal\/wp-content\/uploads\/2014\/04\/INAUGURACION-SALA-DE-COMPUTACION-3.jpg?resize=300%2C203&amp;ssl=1 300w, https:\/\/i0.wp.com\/eltrabajo.cl\/portal\/wp-content\/uploads\/2014\/04\/INAUGURACION-SALA-DE-COMPUTACION-3.jpg?resize=150%2C101&amp;ssl=1 150w, https:\/\/i0.wp.com\/eltrabajo.cl\/portal\/wp-content\/uploads\/2014\/04\/INAUGURACION-SALA-DE-COMPUTACION-3.jpg?resize=400%2C270&amp;ssl=1 400w\" sizes=\"auto, (max-width: 529px) 100vw, 529px\" \/><\/a><figcaption id=\"caption-attachment-45873\" class=\"wp-caption-text\">Representantes de la Fundaci\u00f3n Alegr\u00eda Cat\u00e1n y autoridades tras develar la placa que nombra a la \u201cSala de Computaci\u00f3n Alegr\u00eda Cat\u00e1n\u201d.<\/figcaption><\/figure>\n<p><strong>PUTAENDO.<\/strong>&#8211; Un sue\u00f1o cumplido, as\u00ed calificaron en la Escuela Alegr\u00eda Cat\u00e1n Dabik\u00e9 de Piguch\u00e9n, la inauguraci\u00f3n de su nueva sala de computaci\u00f3n que llevar\u00e1 el nombre de Alegr\u00eda Cat\u00e1n.<\/p>\n<p>La ma\u00f1ana de este jueves y con la presencia de autoridades, comunidad educativa y representantes de la Fundaci\u00f3n Alegr\u00eda Cat\u00e1n, se dio inicio a la inauguraci\u00f3n de la nueva y moderna sala de computaci\u00f3n de la escuela.<\/p>\n<p>El proyecto fue creado por el ingeniero inform\u00e1tico Gonzalo Fuenzalida Zamora y \u00e9sta fue su \u00faltima obra pues lamentablemente falleci\u00f3 el 16 de febrero, por lo que en la ocasi\u00f3n el establecimiento rindi\u00f3 un emotivo homenaje junto a la madre y tambi\u00e9n junto a la abuelita de Gonzalo, a quienes agradecieron su entrega y generosidad.<\/p>\n<p>La iniciativa cont\u00f3 con el importante financiamiento de la Fundaci\u00f3n Alegr\u00eda Cat\u00e1n de $6.000.000, por lo que la Sala de Computaci\u00f3n Alegr\u00eda Cat\u00e1n hoy cuenta con instalaci\u00f3n el\u00e9ctrica nueva, data, dos impresoras modernas, 15 computadores de \u00faltima generaci\u00f3n con sus respectivos escritorios y muebles modulares para guardar todos los implementos tecnol\u00f3gicos.<\/p>\n<p>En la ceremonia se record\u00f3 a Alegr\u00eda Cat\u00e1n como un hombre visionario que lleg\u00f3 desde Palestina y que con a\u00f1os de trabajo logr\u00f3 adquirir la Hacienda de Piguch\u00e9n y desde ah\u00ed, pese a no tener hijos, se preocup\u00f3 por la educaci\u00f3n de los hijos de sus trabajadores, por lo que don\u00f3 el terreno para construir lo que hoy es la escuela que lleva su nombre.<\/p>\n<p>Luego las autoridades presentes procedieron a descubrir la placa conmemorativa que nombra a la \u201cSala de Computaci\u00f3n Alegr\u00eda Cat\u00e1n\u201d y que tambi\u00e9n recuerda la gesti\u00f3n de la directora Cecilia Piuzzi, de Gonzalo Fuenzalida y el aporte de la Fundaci\u00f3n Alegr\u00eda Cat\u00e1n.<\/p>\n<p>Posteriormente dos estudiantes del establecimiento realizaron una hermosa danza interpretativa.<\/p>\n<p>&nbsp;<\/p>\n<p>Al finalizar la ceremonia la directora de la Escuela Alegr\u00eda Cat\u00e1n, Cecilia Piuzzi Miranda, agradeci\u00f3 a todos quienes hicieron posible la concreci\u00f3n de esta anhelada iniciativa y de manera especial record\u00f3 a Gonzalo Fuenzalida, asegurando que \u201cDetr\u00e1s de este proyecto hay muchas personas y una de ellas era Gonzalo, que lamentablemente falleci\u00f3 muy joven y que durante dos a\u00f1os trabaj\u00f3 con nosotros para lograr esta sala de computaci\u00f3n, por lo que creo que donde est\u00e9 debe sentirse orgulloso de lo que se ha logrado\u201d. Adem\u00e1s la docente agradeci\u00f3 el nexo de la se\u00f1ora Olga Cat\u00e1n y el importante aporte de la Fundaci\u00f3n Alegr\u00eda Cat\u00e1n, adem\u00e1s los presentes tambi\u00e9n agradecieron su gesti\u00f3n como directora para lograr esta sala de computaci\u00f3n y al respecto solo indic\u00f3: \u201cEste es el legado que una deja, ya que nosotros, los directores, pasamos por las escuelas y las cosas quedan y creo que obras como estas son beneficiosas para la comunidad de Piguch\u00e9n\u201d.<\/p>\n<p>Por su parte, el tesorero de la Fundaci\u00f3n Alegr\u00eda Cat\u00e1n dijo que \u201cDon Alegr\u00eda era un hombre cuya prioridad era la educaci\u00f3n y la proyecci\u00f3n de los ni\u00f1os y ni\u00f1as, por eso don\u00f3 el terreno y aport\u00f3 para construir esta escuela y como fundaci\u00f3n tenemos que valorar su legado y por eso hemos realizado esta importante donaci\u00f3n para que la comunidad educativa de este colegio pueda seguir avanzando\u201d.<\/p>\n<p>En tanto, Olga Cat\u00e1n, sobrina de Alegr\u00eda Cat\u00e1n Dabik\u00e9, visiblemente emocionada record\u00f3 a su t\u00edo e indic\u00f3 que \u201cComo el no tuvo hijos se aboc\u00f3 mucho a los ni\u00f1os del sector y se preocup\u00f3 de darles oportunidades\u201d, adem\u00e1s se mostr\u00f3 contenta por la invitaci\u00f3n, ya que asegur\u00f3 que es la primera vez que recorre el colegio que lleva el nombre de su t\u00edo Alegr\u00eda y mostr\u00f3 su satisfacci\u00f3n y orgullo porque hoy esta sala de computaci\u00f3n lleve el nombre de Alegr\u00eda Cat\u00e1n. Junto con ello, Olga Cat\u00e1n destac\u00f3 la labor de la directora del establecimiento, profesora Cecilia Piuzzi, ya que para ella la profesora Piuzzi fue un pilar fundamental en la gesti\u00f3n de este proyecto que finalmente beneficiar\u00e1 a la comunidad educativa de este colegio.<\/p>\n<p>Patricio Gallardo M.<\/p>\n","protected":false},"excerpt":{"rendered":"<p>PUTAENDO.&#8211; Un sue\u00f1o cumplido, as\u00ed calificaron en la Escuela Alegr\u00eda Cat\u00e1n Dabik\u00e9 de Piguch\u00e9n, la inauguraci\u00f3n de su nueva sala de computaci\u00f3n que llevar\u00e1 el nombre de Alegr\u00eda Cat\u00e1n. La ma\u00f1ana de&#8230;<\/p>\n","protected":false},"author":482,"featured_media":45873,"comment_status":"open","ping_status":"closed","sticky":false,"template":"","format":"standard","meta":{"advanced_seo_description":"","jetpack_seo_html_title":"","jetpack_seo_noindex":false,"_jetpack_memberships_contains_paid_content":false,"footnotes":""},"categories":[15],"tags":[],"class_list":["post-45872","post","type-post","status-publish","format-standard","has-post-thumbnail","hentry","category-comunidad"],"jetpack_featured_media_url":"https:\/\/i0.wp.com\/eltrabajo.cl\/portal\/wp-content\/uploads\/2014\/04\/INAUGURACION-SALA-DE-COMPUTACION-3.jpg?fit=529%2C358&ssl=1","jetpack_sharing_enabled":true,"jetpack_likes_enabled":true,"jetpack-related-posts":[],"_links":{"self":[{"href":"https:\/\/eltrabajo.cl\/portal\/wp-json\/wp\/v2\/posts\/45872","targetHints":{"allow":["GET"]}}],"collection":[{"href":"https:\/\/eltrabajo.cl\/portal\/wp-json\/wp\/v2\/posts"}],"about":[{"href":"https:\/\/eltrabajo.cl\/portal\/wp-json\/wp\/v2\/types\/post"}],"author":[{"embeddable":true,"href":"https:\/\/eltrabajo.cl\/portal\/wp-json\/wp\/v2\/users\/482"}],"replies":[{"embeddable":true,"href":"https:\/\/eltrabajo.cl\/portal\/wp-json\/wp\/v2\/comments?post=45872"}],"version-history":[{"count":0,"href":"https:\/\/eltrabajo.cl\/portal\/wp-json\/wp\/v2\/posts\/45872\/revisions"}],"wp:featuredmedia":[{"embeddable":true,"href":"https:\/\/eltrabajo.cl\/portal\/wp-json\/wp\/v2\/media\/45873"}],"wp:attachment":[{"href":"https:\/\/eltrabajo.cl\/portal\/wp-json\/wp\/v2\/media?parent=45872"}],"wp:term":[{"taxonomy":"category","embeddable":true,"href":"https:\/\/eltrabajo.cl\/portal\/wp-json\/wp\/v2\/categories?post=45872"},{"taxonomy":"post_tag","embeddable":true,"href":"https:\/\/eltrabajo.cl\/portal\/wp-json\/wp\/v2\/tags?post=45872"}],"curies":[{"name":"wp","href":"https:\/\/api.w.org\/{rel}","templated":true}]}}