{"id":45875,"date":"2014-04-25T10:08:42","date_gmt":"2014-04-25T13:08:42","guid":{"rendered":"http:\/\/www.eltrabajo.cl\/portal\/?p=45875"},"modified":"2014-04-25T10:08:42","modified_gmt":"2014-04-25T13:08:42","slug":"alumnos-de-la-21-de-mayo-ofrecen-gala-a-carabineros-en-su-aniversario","status":"publish","type":"post","link":"https:\/\/eltrabajo.cl\/portal\/alumnos-de-la-21-de-mayo-ofrecen-gala-a-carabineros-en-su-aniversario\/","title":{"rendered":"Alumnos de la 21 de Mayo ofrecen gala a Carabineros en su aniversario"},"content":{"rendered":"<figure id=\"attachment_45876\" aria-describedby=\"caption-attachment-45876\" style=\"width: 528px\" class=\"wp-caption alignnone\"><a href=\"https:\/\/i0.wp.com\/www.eltrabajo.cl\/portal\/wp-content\/uploads\/2014\/04\/Carabineros11.jpg\"><img data-recalc-dims=\"1\" loading=\"lazy\" decoding=\"async\" class=\"size-full wp-image-45876\" alt=\"AUTORIDADES REGALONAS.- Autoridades del colegio y municipales junto a estudiantes durante esta jornada especial en la Escuela 21 de Mayo.\" src=\"https:\/\/i0.wp.com\/www.eltrabajo.cl\/portal\/wp-content\/uploads\/2014\/04\/Carabineros11.jpg?resize=528%2C242\" width=\"528\" height=\"242\" srcset=\"https:\/\/i0.wp.com\/eltrabajo.cl\/portal\/wp-content\/uploads\/2014\/04\/Carabineros11.jpg?w=528&amp;ssl=1 528w, https:\/\/i0.wp.com\/eltrabajo.cl\/portal\/wp-content\/uploads\/2014\/04\/Carabineros11.jpg?resize=200%2C91&amp;ssl=1 200w, https:\/\/i0.wp.com\/eltrabajo.cl\/portal\/wp-content\/uploads\/2014\/04\/Carabineros11.jpg?resize=300%2C137&amp;ssl=1 300w, https:\/\/i0.wp.com\/eltrabajo.cl\/portal\/wp-content\/uploads\/2014\/04\/Carabineros11.jpg?resize=150%2C68&amp;ssl=1 150w, https:\/\/i0.wp.com\/eltrabajo.cl\/portal\/wp-content\/uploads\/2014\/04\/Carabineros11.jpg?resize=400%2C183&amp;ssl=1 400w\" sizes=\"auto, (max-width: 528px) 100vw, 528px\" \/><\/a><figcaption id=\"caption-attachment-45876\" class=\"wp-caption-text\">AUTORIDADES REGALONAS.- Autoridades del colegio y municipales junto a estudiantes durante esta jornada especial en la Escuela 21 de Mayo.<\/figcaption><\/figure>\n<p>Decenas de alumnos de la Escuela 21 de Mayo hicieron palpitar con fuerza los corazones de los carabineros presentes durante el acto c\u00edvico-escolar que esa casa de estudios ofreci\u00f3 la ma\u00f1ana de este jueves a las autoridades presentes dentro del marco de las celebraciones del 87\u00ba aniversario de Carabineros de Chile. Se trata de la gala en honor a una de las principales fuerzas del orden uniformadas de nuestro pa\u00eds, que se realiz\u00f3 en el gimnasio de esa escuelita rural.<\/p>\n<p>M\u00e1s all\u00e1 de las palabras de agradecimiento del cuerpo docente de la escuela y personeros de la Dipma para con los uniformados, fueron los peque\u00f1ines los que m\u00e1s alegraron el d\u00eda de los carabineros, pues en su honor se realizaron bailes pascuenses; danzas alusivas al tema medular de Carabineros y algunas alegres puestas en escena del accionar policial contra la delincuencia.<\/p>\n<p>Roberto Gonz\u00e1lez Short<\/p>\n<p>rgonzalez@eltrabajo.cl<\/p>\n<div class=\"tiled-gallery type-rectangular tiled-gallery-unresized\" data-original-width=\"640\" data-carousel-extra='null' itemscope itemtype=\"http:\/\/schema.org\/ImageGallery\" > <div class=\"gallery-row\" style=\"width: 640px; height: 288px;\" data-original-width=\"640\" data-original-height=\"288\" > <div class=\"gallery-group images-1\" style=\"width: 413px; height: 288px;\" data-original-width=\"413\" data-original-height=\"288\" > <div class=\"tiled-gallery-item tiled-gallery-item-large\" itemprop=\"associatedMedia\" itemscope itemtype=\"http:\/\/schema.org\/ImageObject\"> <a href=\"https:\/\/eltrabajo.cl\/portal\/alumnos-de-la-21-de-mayo-ofrecen-gala-a-carabineros-en-su-aniversario\/bailarinas1-2\/\" border=\"0\" itemprop=\"url\"> <meta itemprop=\"width\" content=\"409\"> <meta itemprop=\"height\" content=\"284\"> <img decoding=\"async\" class=\"\" data-attachment-id=\"45877\" data-orig-file=\"https:\/\/eltrabajo.cl\/portal\/wp-content\/uploads\/2014\/04\/Bailarinas1.jpg\" data-orig-size=\"529,368\" data-comments-opened=\"1\" data-image-meta=\"{&quot;aperture&quot;:&quot;5.6&quot;,&quot;credit&quot;:&quot;&quot;,&quot;camera&quot;:&quot;Canon EOS REBEL T1i&quot;,&quot;caption&quot;:&quot;&quot;,&quot;created_timestamp&quot;:&quot;1398337246&quot;,&quot;copyright&quot;:&quot;&quot;,&quot;focal_length&quot;:&quot;30&quot;,&quot;iso&quot;:&quot;400&quot;,&quot;shutter_speed&quot;:&quot;0.005&quot;,&quot;title&quot;:&quot;&quot;}\" data-image-title=\"Bailarinas1\" data-image-description=\"&lt;p&gt;PEQUE\u00d1OS ARTISTAS.- Ellos son parte del grupo de baile folkl\u00f3rico que se desarrolla a lo interior de la Escuela 21 de Mayo.&lt;\/p&gt; \" data-medium-file=\"https:\/\/i0.wp.com\/eltrabajo.cl\/portal\/wp-content\/uploads\/2014\/04\/Bailarinas1.jpg?fit=300%2C208&#038;ssl=1\" data-large-file=\"https:\/\/i0.wp.com\/eltrabajo.cl\/portal\/wp-content\/uploads\/2014\/04\/Bailarinas1.jpg?fit=529%2C368&#038;ssl=1\" src=\"https:\/\/i0.wp.com\/eltrabajo.cl\/portal\/wp-content\/uploads\/2014\/04\/Bailarinas1.jpg?w=409&#038;h=284&#038;ssl=1\" srcset=\"https:\/\/i0.wp.com\/eltrabajo.cl\/portal\/wp-content\/uploads\/2014\/04\/Bailarinas1.jpg?w=529&amp;ssl=1 529w, https:\/\/i0.wp.com\/eltrabajo.cl\/portal\/wp-content\/uploads\/2014\/04\/Bailarinas1.jpg?resize=200%2C139&amp;ssl=1 200w, https:\/\/i0.wp.com\/eltrabajo.cl\/portal\/wp-content\/uploads\/2014\/04\/Bailarinas1.jpg?resize=300%2C208&amp;ssl=1 300w, https:\/\/i0.wp.com\/eltrabajo.cl\/portal\/wp-content\/uploads\/2014\/04\/Bailarinas1.jpg?resize=150%2C104&amp;ssl=1 150w, https:\/\/i0.wp.com\/eltrabajo.cl\/portal\/wp-content\/uploads\/2014\/04\/Bailarinas1.jpg?resize=400%2C278&amp;ssl=1 400w\" width=\"409\" height=\"284\" loading=\"lazy\" data-original-width=\"409\" data-original-height=\"284\" itemprop=\"http:\/\/schema.org\/image\" title=\"Bailarinas1\" alt=\"PEQUE\u00d1OS ARTISTAS.- Ellos son parte del grupo de baile folkl\u00f3rico que se desarrolla a lo interior de la Escuela 21 de Mayo.\" style=\"width: 409px; height: 284px;\" \/> <\/a> <div class=\"tiled-gallery-caption\" itemprop=\"caption description\"> PEQUE\u00d1OS ARTISTAS.- Ellos son parte del grupo de baile folkl\u00f3rico que se desarrolla a lo interior de la Escuela 21 de Mayo. <\/div> <\/div> <\/div> <!-- close group --> <div class=\"gallery-group images-2\" style=\"width: 227px; height: 288px;\" data-original-width=\"227\" data-original-height=\"288\" > <div class=\"tiled-gallery-item tiled-gallery-item-small\" itemprop=\"associatedMedia\" itemscope itemtype=\"http:\/\/schema.org\/ImageObject\"> <a href=\"https:\/\/eltrabajo.cl\/portal\/alumnos-de-la-21-de-mayo-ofrecen-gala-a-carabineros-en-su-aniversario\/hampones1\/\" border=\"0\" itemprop=\"url\"> <meta itemprop=\"width\" content=\"223\"> <meta itemprop=\"height\" content=\"154\"> <img decoding=\"async\" class=\"\" data-attachment-id=\"45878\" data-orig-file=\"https:\/\/eltrabajo.cl\/portal\/wp-content\/uploads\/2014\/04\/Hampones1.jpg\" data-orig-size=\"529,364\" data-comments-opened=\"1\" data-image-meta=\"{&quot;aperture&quot;:&quot;5.6&quot;,&quot;credit&quot;:&quot;&quot;,&quot;camera&quot;:&quot;Canon EOS REBEL T1i&quot;,&quot;caption&quot;:&quot;&quot;,&quot;created_timestamp&quot;:&quot;1398337708&quot;,&quot;copyright&quot;:&quot;&quot;,&quot;focal_length&quot;:&quot;18&quot;,&quot;iso&quot;:&quot;400&quot;,&quot;shutter_speed&quot;:&quot;0.005&quot;,&quot;title&quot;:&quot;&quot;}\" data-image-title=\"Hampones1\" data-image-description=\"&lt;p&gt;CAPTURADOS.- Estos peque\u00f1os bribones no lograron escapar de nuestros j\u00f3venes carabineros, al final qued\u00f3 demostrado que el crimen\u2026 nunca paga.&lt;\/p&gt; \" data-medium-file=\"https:\/\/i0.wp.com\/eltrabajo.cl\/portal\/wp-content\/uploads\/2014\/04\/Hampones1.jpg?fit=300%2C206&#038;ssl=1\" data-large-file=\"https:\/\/i0.wp.com\/eltrabajo.cl\/portal\/wp-content\/uploads\/2014\/04\/Hampones1.jpg?fit=529%2C364&#038;ssl=1\" src=\"https:\/\/i0.wp.com\/eltrabajo.cl\/portal\/wp-content\/uploads\/2014\/04\/Hampones1.jpg?w=223&#038;h=154&#038;ssl=1\" srcset=\"https:\/\/i0.wp.com\/eltrabajo.cl\/portal\/wp-content\/uploads\/2014\/04\/Hampones1.jpg?w=529&amp;ssl=1 529w, https:\/\/i0.wp.com\/eltrabajo.cl\/portal\/wp-content\/uploads\/2014\/04\/Hampones1.jpg?resize=200%2C137&amp;ssl=1 200w, https:\/\/i0.wp.com\/eltrabajo.cl\/portal\/wp-content\/uploads\/2014\/04\/Hampones1.jpg?resize=300%2C206&amp;ssl=1 300w, https:\/\/i0.wp.com\/eltrabajo.cl\/portal\/wp-content\/uploads\/2014\/04\/Hampones1.jpg?resize=150%2C103&amp;ssl=1 150w, https:\/\/i0.wp.com\/eltrabajo.cl\/portal\/wp-content\/uploads\/2014\/04\/Hampones1.jpg?resize=400%2C275&amp;ssl=1 400w\" width=\"223\" height=\"154\" loading=\"lazy\" data-original-width=\"223\" data-original-height=\"154\" itemprop=\"http:\/\/schema.org\/image\" title=\"Hampones1\" alt=\"CAPTURADOS.- Estos peque\u00f1os bribones no lograron escapar de nuestros j\u00f3venes carabineros, al final qued\u00f3 demostrado que el crimen\u2026 nunca paga.\" style=\"width: 223px; height: 154px;\" \/> <\/a> <div class=\"tiled-gallery-caption\" itemprop=\"caption description\"> CAPTURADOS.- Estos peque\u00f1os bribones no lograron escapar de nuestros j\u00f3venes carabineros, al final qued\u00f3 demostrado que el crimen\u2026 nunca paga. <\/div> <\/div> <div class=\"tiled-gallery-item tiled-gallery-item-small\" itemprop=\"associatedMedia\" itemscope itemtype=\"http:\/\/schema.org\/ImageObject\"> <a href=\"https:\/\/eltrabajo.cl\/portal\/alumnos-de-la-21-de-mayo-ofrecen-gala-a-carabineros-en-su-aniversario\/pascuenses1\/\" border=\"0\" itemprop=\"url\"> <meta itemprop=\"width\" content=\"223\"> <meta itemprop=\"height\" content=\"126\"> <img decoding=\"async\" class=\"\" data-attachment-id=\"45879\" data-orig-file=\"https:\/\/eltrabajo.cl\/portal\/wp-content\/uploads\/2014\/04\/Pascuenses1.jpg\" data-orig-size=\"528,299\" data-comments-opened=\"1\" data-image-meta=\"{&quot;aperture&quot;:&quot;4.5&quot;,&quot;credit&quot;:&quot;&quot;,&quot;camera&quot;:&quot;Canon EOS REBEL T1i&quot;,&quot;caption&quot;:&quot;&quot;,&quot;created_timestamp&quot;:&quot;1398337455&quot;,&quot;copyright&quot;:&quot;&quot;,&quot;focal_length&quot;:&quot;18&quot;,&quot;iso&quot;:&quot;100&quot;,&quot;shutter_speed&quot;:&quot;0.016666666666667&quot;,&quot;title&quot;:&quot;&quot;}\" data-image-title=\"Pascuenses1\" data-image-description=\"&lt;p&gt;BAILARINAS.- Estas peque\u00f1itas deslumbraron a los presentes con sus bailes y armoniosas danzas pascuenses.&lt;\/p&gt; \" data-medium-file=\"https:\/\/i0.wp.com\/eltrabajo.cl\/portal\/wp-content\/uploads\/2014\/04\/Pascuenses1.jpg?fit=300%2C169&#038;ssl=1\" data-large-file=\"https:\/\/i0.wp.com\/eltrabajo.cl\/portal\/wp-content\/uploads\/2014\/04\/Pascuenses1.jpg?fit=528%2C299&#038;ssl=1\" src=\"https:\/\/i0.wp.com\/eltrabajo.cl\/portal\/wp-content\/uploads\/2014\/04\/Pascuenses1.jpg?w=223&#038;h=126&#038;ssl=1\" srcset=\"https:\/\/i0.wp.com\/eltrabajo.cl\/portal\/wp-content\/uploads\/2014\/04\/Pascuenses1.jpg?w=528&amp;ssl=1 528w, https:\/\/i0.wp.com\/eltrabajo.cl\/portal\/wp-content\/uploads\/2014\/04\/Pascuenses1.jpg?resize=200%2C113&amp;ssl=1 200w, https:\/\/i0.wp.com\/eltrabajo.cl\/portal\/wp-content\/uploads\/2014\/04\/Pascuenses1.jpg?resize=300%2C169&amp;ssl=1 300w, https:\/\/i0.wp.com\/eltrabajo.cl\/portal\/wp-content\/uploads\/2014\/04\/Pascuenses1.jpg?resize=150%2C84&amp;ssl=1 150w, https:\/\/i0.wp.com\/eltrabajo.cl\/portal\/wp-content\/uploads\/2014\/04\/Pascuenses1.jpg?resize=400%2C226&amp;ssl=1 400w\" width=\"223\" height=\"126\" loading=\"lazy\" data-original-width=\"223\" data-original-height=\"126\" itemprop=\"http:\/\/schema.org\/image\" title=\"Pascuenses1\" alt=\"BAILARINAS.- Estas peque\u00f1itas deslumbraron a los presentes con sus bailes y armoniosas danzas pascuenses.\" style=\"width: 223px; height: 126px;\" \/> <\/a> <div class=\"tiled-gallery-caption\" itemprop=\"caption description\"> BAILARINAS.- Estas peque\u00f1itas deslumbraron a los presentes con sus bailes y armoniosas danzas pascuenses. <\/div> <\/div> <\/div> <!-- close group --> <\/div> <!-- close row --> <\/div>\n","protected":false},"excerpt":{"rendered":"<p>Decenas de alumnos de la Escuela 21 de Mayo hicieron palpitar con fuerza los corazones de los carabineros presentes durante el acto c\u00edvico-escolar que esa casa de estudios ofreci\u00f3 la ma\u00f1ana de&#8230;<\/p>\n","protected":false},"author":482,"featured_media":45876,"comment_status":"open","ping_status":"closed","sticky":false,"template":"","format":"standard","meta":{"advanced_seo_description":"","jetpack_seo_html_title":"","jetpack_seo_noindex":false,"_jetpack_memberships_contains_paid_content":false,"footnotes":""},"categories":[15],"tags":[],"class_list":["post-45875","post","type-post","status-publish","format-standard","has-post-thumbnail","hentry","category-comunidad"],"jetpack_featured_media_url":"https:\/\/i0.wp.com\/eltrabajo.cl\/portal\/wp-content\/uploads\/2014\/04\/Carabineros11.jpg?fit=528%2C242&ssl=1","jetpack_sharing_enabled":true,"jetpack_likes_enabled":true,"jetpack-related-posts":[],"_links":{"self":[{"href":"https:\/\/eltrabajo.cl\/portal\/wp-json\/wp\/v2\/posts\/45875","targetHints":{"allow":["GET"]}}],"collection":[{"href":"https:\/\/eltrabajo.cl\/portal\/wp-json\/wp\/v2\/posts"}],"about":[{"href":"https:\/\/eltrabajo.cl\/portal\/wp-json\/wp\/v2\/types\/post"}],"author":[{"embeddable":true,"href":"https:\/\/eltrabajo.cl\/portal\/wp-json\/wp\/v2\/users\/482"}],"replies":[{"embeddable":true,"href":"https:\/\/eltrabajo.cl\/portal\/wp-json\/wp\/v2\/comments?post=45875"}],"version-history":[{"count":0,"href":"https:\/\/eltrabajo.cl\/portal\/wp-json\/wp\/v2\/posts\/45875\/revisions"}],"wp:featuredmedia":[{"embeddable":true,"href":"https:\/\/eltrabajo.cl\/portal\/wp-json\/wp\/v2\/media\/45876"}],"wp:attachment":[{"href":"https:\/\/eltrabajo.cl\/portal\/wp-json\/wp\/v2\/media?parent=45875"}],"wp:term":[{"taxonomy":"category","embeddable":true,"href":"https:\/\/eltrabajo.cl\/portal\/wp-json\/wp\/v2\/categories?post=45875"},{"taxonomy":"post_tag","embeddable":true,"href":"https:\/\/eltrabajo.cl\/portal\/wp-json\/wp\/v2\/tags?post=45875"}],"curies":[{"name":"wp","href":"https:\/\/api.w.org\/{rel}","templated":true}]}}