{"id":45882,"date":"2014-04-25T10:09:38","date_gmt":"2014-04-25T13:09:38","guid":{"rendered":"http:\/\/www.eltrabajo.cl\/portal\/?p=45882"},"modified":"2014-04-25T10:09:38","modified_gmt":"2014-04-25T13:09:38","slug":"jardin-infantil-sol-naciente-abre-sus-puertas-para-que-vecinos-lo-conozcan","status":"publish","type":"post","link":"https:\/\/eltrabajo.cl\/portal\/jardin-infantil-sol-naciente-abre-sus-puertas-para-que-vecinos-lo-conozcan\/","title":{"rendered":"Jard\u00edn infantil Sol Naciente abre sus puertas para que vecinos lo conozcan"},"content":{"rendered":"<figure id=\"attachment_45883\" aria-describedby=\"caption-attachment-45883\" style=\"width: 529px\" class=\"wp-caption alignnone\"><a href=\"https:\/\/i0.wp.com\/www.eltrabajo.cl\/portal\/wp-content\/uploads\/2014\/04\/jardin-1.jpg\"><img data-recalc-dims=\"1\" loading=\"lazy\" decoding=\"async\" class=\"size-full wp-image-45883\" alt=\"Involucrar a los padres en las actividades del jard\u00edn y aumentar las matr\u00edculas persigue la iniciativa.\" src=\"https:\/\/i0.wp.com\/www.eltrabajo.cl\/portal\/wp-content\/uploads\/2014\/04\/jardin-1.jpg?resize=529%2C395\" width=\"529\" height=\"395\" srcset=\"https:\/\/i0.wp.com\/eltrabajo.cl\/portal\/wp-content\/uploads\/2014\/04\/jardin-1.jpg?w=529&amp;ssl=1 529w, https:\/\/i0.wp.com\/eltrabajo.cl\/portal\/wp-content\/uploads\/2014\/04\/jardin-1.jpg?resize=200%2C150&amp;ssl=1 200w, https:\/\/i0.wp.com\/eltrabajo.cl\/portal\/wp-content\/uploads\/2014\/04\/jardin-1.jpg?resize=300%2C224&amp;ssl=1 300w, https:\/\/i0.wp.com\/eltrabajo.cl\/portal\/wp-content\/uploads\/2014\/04\/jardin-1.jpg?resize=150%2C112&amp;ssl=1 150w, https:\/\/i0.wp.com\/eltrabajo.cl\/portal\/wp-content\/uploads\/2014\/04\/jardin-1.jpg?resize=400%2C298&amp;ssl=1 400w\" sizes=\"auto, (max-width: 529px) 100vw, 529px\" \/><\/a><figcaption id=\"caption-attachment-45883\" class=\"wp-caption-text\">Involucrar a los padres en las actividades del jard\u00edn y aumentar las matr\u00edculas persigue la iniciativa.<\/figcaption><\/figure>\n<p>Con la finalidad de elevar sus matr\u00edculas, las educadoras de p\u00e1rvulos y t\u00e9cnicos del jard\u00edn Sol Naciente de la Villa 250 a\u00f1os, realizar\u00e1n una entretenida actividad en la sede vecinal hoy viernes 25 de abril.<\/p>\n<p>La iniciativa busca difundir las actividades que diariamente desarrolla este establecimiento con la finalidad de captar matr\u00edculas dentro de la propia villa como en sectores aleda\u00f1os, entregando las herramientas necesarias para una educaci\u00f3n temprana.<\/p>\n<p>La idea nace de los propios objetivos que se plantean las profesionales anualmente, con la finalidad de captar matr\u00edculas, y para ello participar\u00e1n todos los niveles con todas las funcionarias, invitando a toda la comunidad sanfelipe\u00f1a a disfrutar de la iniciativa.<\/p>\n<p>Oriel Quiroga, directora del establecimiento, realiz\u00f3 un llamado a la comunidad a participar de esta convocatoria, se\u00f1alando que \u00abinvitamos a todos, sobre todo a los padres, a que conozcan de nuestro trabajo, es por eso que en esta oportunidad podr\u00e1n degustar de alimentaci\u00f3n sana, juegos y actividades recreativas, difundiendo e informando de los requisitos para integrarse a la comunidad educativa\u00bb.<\/p>\n<p>La jornada comenzar\u00e1 a las 10:30 de la ma\u00f1ana, y tambi\u00e9n se difundir\u00e1n los talleres que prontamente se realizar\u00e1n, como computaci\u00f3n y folclore, adem\u00e1s de ingl\u00e9s.<\/p>\n<p>\u201cCon estas iniciativas, se busca entregar un positivo mensaje a la ciudadan\u00eda, para que conf\u00ede y participe de nuestros jardines, en los cuales encontrar\u00e1n la infraestructura y el personal id\u00f3neo, para un normal desarrollo de sus hijos e hijas\u201d, se\u00f1alo Iv\u00e1n Silva Padilla, director de la DAEM.<\/p>\n<p>&nbsp;<\/p>\n","protected":false},"excerpt":{"rendered":"<p>Con la finalidad de elevar sus matr\u00edculas, las educadoras de p\u00e1rvulos y t\u00e9cnicos del jard\u00edn Sol Naciente de la Villa 250 a\u00f1os, realizar\u00e1n una entretenida actividad en la sede vecinal hoy viernes&#8230;<\/p>\n","protected":false},"author":482,"featured_media":45883,"comment_status":"open","ping_status":"closed","sticky":false,"template":"","format":"standard","meta":{"advanced_seo_description":"","jetpack_seo_html_title":"","jetpack_seo_noindex":false,"_jetpack_memberships_contains_paid_content":false,"footnotes":""},"categories":[1],"tags":[],"class_list":["post-45882","post","type-post","status-publish","format-standard","has-post-thumbnail","hentry","category-cronica"],"jetpack_featured_media_url":"https:\/\/i0.wp.com\/eltrabajo.cl\/portal\/wp-content\/uploads\/2014\/04\/jardin-1.jpg?fit=529%2C395&ssl=1","jetpack_sharing_enabled":true,"jetpack_likes_enabled":true,"jetpack-related-posts":[],"_links":{"self":[{"href":"https:\/\/eltrabajo.cl\/portal\/wp-json\/wp\/v2\/posts\/45882","targetHints":{"allow":["GET"]}}],"collection":[{"href":"https:\/\/eltrabajo.cl\/portal\/wp-json\/wp\/v2\/posts"}],"about":[{"href":"https:\/\/eltrabajo.cl\/portal\/wp-json\/wp\/v2\/types\/post"}],"author":[{"embeddable":true,"href":"https:\/\/eltrabajo.cl\/portal\/wp-json\/wp\/v2\/users\/482"}],"replies":[{"embeddable":true,"href":"https:\/\/eltrabajo.cl\/portal\/wp-json\/wp\/v2\/comments?post=45882"}],"version-history":[{"count":0,"href":"https:\/\/eltrabajo.cl\/portal\/wp-json\/wp\/v2\/posts\/45882\/revisions"}],"wp:featuredmedia":[{"embeddable":true,"href":"https:\/\/eltrabajo.cl\/portal\/wp-json\/wp\/v2\/media\/45883"}],"wp:attachment":[{"href":"https:\/\/eltrabajo.cl\/portal\/wp-json\/wp\/v2\/media?parent=45882"}],"wp:term":[{"taxonomy":"category","embeddable":true,"href":"https:\/\/eltrabajo.cl\/portal\/wp-json\/wp\/v2\/categories?post=45882"},{"taxonomy":"post_tag","embeddable":true,"href":"https:\/\/eltrabajo.cl\/portal\/wp-json\/wp\/v2\/tags?post=45882"}],"curies":[{"name":"wp","href":"https:\/\/api.w.org\/{rel}","templated":true}]}}