{"id":45885,"date":"2014-04-25T10:11:11","date_gmt":"2014-04-25T13:11:11","guid":{"rendered":"http:\/\/www.eltrabajo.cl\/portal\/?p=45885"},"modified":"2014-04-25T10:11:11","modified_gmt":"2014-04-25T13:11:11","slug":"este-domingo-se-realizara-campeonato-provincial-de-cueca-en-san-felipe","status":"publish","type":"post","link":"https:\/\/eltrabajo.cl\/portal\/este-domingo-se-realizara-campeonato-provincial-de-cueca-en-san-felipe\/","title":{"rendered":"Este domingo se realizar\u00e1 Campeonato Provincial de Cueca en San Felipe"},"content":{"rendered":"<figure id=\"attachment_45886\" aria-describedby=\"caption-attachment-45886\" style=\"width: 222px\" class=\"wp-caption alignleft\"><a href=\"https:\/\/i0.wp.com\/www.eltrabajo.cl\/portal\/wp-content\/uploads\/2014\/04\/RGarcia.jpg\"><img data-recalc-dims=\"1\" loading=\"lazy\" decoding=\"async\" class=\" wp-image-45886  \" alt=\"Ruth Garc\u00eda, delegada provincial del Campeonato Nacional de Cueca de Arica.\" src=\"https:\/\/i0.wp.com\/www.eltrabajo.cl\/portal\/wp-content\/uploads\/2014\/04\/RGarcia.jpg?resize=222%2C201\" width=\"222\" height=\"201\" srcset=\"https:\/\/i0.wp.com\/eltrabajo.cl\/portal\/wp-content\/uploads\/2014\/04\/RGarcia.jpg?w=529&amp;ssl=1 529w, https:\/\/i0.wp.com\/eltrabajo.cl\/portal\/wp-content\/uploads\/2014\/04\/RGarcia.jpg?resize=166%2C150&amp;ssl=1 166w, https:\/\/i0.wp.com\/eltrabajo.cl\/portal\/wp-content\/uploads\/2014\/04\/RGarcia.jpg?resize=300%2C271&amp;ssl=1 300w, https:\/\/i0.wp.com\/eltrabajo.cl\/portal\/wp-content\/uploads\/2014\/04\/RGarcia.jpg?resize=150%2C135&amp;ssl=1 150w, https:\/\/i0.wp.com\/eltrabajo.cl\/portal\/wp-content\/uploads\/2014\/04\/RGarcia.jpg?resize=400%2C361&amp;ssl=1 400w\" sizes=\"auto, (max-width: 222px) 100vw, 222px\" \/><\/a><figcaption id=\"caption-attachment-45886\" class=\"wp-caption-text\">Ruth Garc\u00eda, delegada provincial del Campeonato Nacional de Cueca de Arica.<\/figcaption><\/figure>\n<p>Con nuestra plaza c\u00edvica embellecida con los colores de los trajes t\u00edpicos chilenos y acompa\u00f1ados del comp\u00e1s de las mejores cuecas, este domingo 27 de abril a partir de las 15:30 horas, se llevar\u00e1 a cabo el Campeonato Provincial de Cueca, dentro de las actividades clasificatorias previas al Campeonato Nacional de Cueca de Arica que se realizar\u00e1 la primera semana de junio en la ciudad de la eterna primavera.<\/p>\n<p>As\u00ed lo declar\u00f3 Ruth Garc\u00eda Campos, delegada provincial del Campeonato Nacional de Cueca de Arica, a Diario El Trabajo, se\u00f1alando que \u00abesta primera fase est\u00e1 encargada de clasificar a dos parejas que representar\u00e1n a la Provincia de San Felipe de Aconcagua, en el campeonato Regional que se realizar\u00e1 el d\u00eda 3 de mayo en la comuna de Rinconada de Los Andes\u00bb.<\/p>\n<p>Las inscripciones son gratuitas y est\u00e1n a\u00fan abiertas. Quienes est\u00e9n interesados en participar, pueden hacerlo en la oficina de Finanzas de la municipalidad de San Felipe, con la delegada del certamen, Ruth Garc\u00eda durante este viernes en los horarios de oficina, o bien el mismo d\u00eda domingo 27 en que se inscribir\u00e1n parejas hasta las 13:00 horas.<\/p>\n<p>Si bien esta es una convocatoria abierta a todas las personas de la provincia de San Felipe de Aconcagua, s\u00f3lo pueden participar aquellas personas mayores de 18 a\u00f1os cumplidos al 1 de junio de 2014. Los requerimientos para la inscripci\u00f3n es presentarse con el carn\u00e9 de identidad, mientras que para la competencia la pareja competidora debe contar con el traje t\u00edpico completo, tanto para la dama como para el var\u00f3n. Las parejas competidoras pueden ser mixtas, esto quiere decir; parejas compuestas por 2 personas de diferentes comunas de la provincia, Llay Llay, Catemu, Panquehue, Santa Mar\u00eda, Putaendo y San Felipe.<\/p>\n<p>Adem\u00e1s del orgullo de representar a nuestra provincia en la competencia regional el 3 de mayo en Rinconada de Los Andes, las parejas ganadoras recibir\u00e1n un premio en dinero:<\/p>\n<p>1er Lugar, Clasificaci\u00f3n a Competencia Regional + $250.000 (por pareja)<\/p>\n<p>2do Lugar, Clasificaci\u00f3n a Competencia Regional + 200.000 (por pareja)<\/p>\n<p>3er Lugar, $100.000 (por pareja)<\/p>\n<p>Esta actividad estar\u00e1 amenizada por el grupo folcl\u00f3rico \u201cLas Colchag\u00fcinas\u201d de Santa Cruz, Regi\u00f3n de O\u2019Higgins, de quienes nuestra comunidad ya ha podido disfrutar en eventos anteriores en la zona<\/p>\n<p>La competencia ser\u00e1 en la plaza por lo que toda la comunidad queda invitada a disfrutar de esta competencia y apoyar a quienes participen de \u00e9sta.<\/p>\n<p>&nbsp;<\/p>\n","protected":false},"excerpt":{"rendered":"<p>Con nuestra plaza c\u00edvica embellecida con los colores de los trajes t\u00edpicos chilenos y acompa\u00f1ados del comp\u00e1s de las mejores cuecas, este domingo 27 de abril a partir de las 15:30 horas,&#8230;<\/p>\n","protected":false},"author":482,"featured_media":45886,"comment_status":"open","ping_status":"closed","sticky":false,"template":"","format":"standard","meta":{"advanced_seo_description":"","jetpack_seo_html_title":"","jetpack_seo_noindex":false,"_jetpack_memberships_contains_paid_content":false,"footnotes":""},"categories":[1],"tags":[],"class_list":["post-45885","post","type-post","status-publish","format-standard","has-post-thumbnail","hentry","category-cronica"],"jetpack_featured_media_url":"https:\/\/i0.wp.com\/eltrabajo.cl\/portal\/wp-content\/uploads\/2014\/04\/RGarcia.jpg?fit=529%2C478&ssl=1","jetpack_sharing_enabled":true,"jetpack_likes_enabled":true,"jetpack-related-posts":[],"_links":{"self":[{"href":"https:\/\/eltrabajo.cl\/portal\/wp-json\/wp\/v2\/posts\/45885","targetHints":{"allow":["GET"]}}],"collection":[{"href":"https:\/\/eltrabajo.cl\/portal\/wp-json\/wp\/v2\/posts"}],"about":[{"href":"https:\/\/eltrabajo.cl\/portal\/wp-json\/wp\/v2\/types\/post"}],"author":[{"embeddable":true,"href":"https:\/\/eltrabajo.cl\/portal\/wp-json\/wp\/v2\/users\/482"}],"replies":[{"embeddable":true,"href":"https:\/\/eltrabajo.cl\/portal\/wp-json\/wp\/v2\/comments?post=45885"}],"version-history":[{"count":0,"href":"https:\/\/eltrabajo.cl\/portal\/wp-json\/wp\/v2\/posts\/45885\/revisions"}],"wp:featuredmedia":[{"embeddable":true,"href":"https:\/\/eltrabajo.cl\/portal\/wp-json\/wp\/v2\/media\/45886"}],"wp:attachment":[{"href":"https:\/\/eltrabajo.cl\/portal\/wp-json\/wp\/v2\/media?parent=45885"}],"wp:term":[{"taxonomy":"category","embeddable":true,"href":"https:\/\/eltrabajo.cl\/portal\/wp-json\/wp\/v2\/categories?post=45885"},{"taxonomy":"post_tag","embeddable":true,"href":"https:\/\/eltrabajo.cl\/portal\/wp-json\/wp\/v2\/tags?post=45885"}],"curies":[{"name":"wp","href":"https:\/\/api.w.org\/{rel}","templated":true}]}}