{"id":45890,"date":"2014-04-25T10:13:53","date_gmt":"2014-04-25T13:13:53","guid":{"rendered":"http:\/\/www.eltrabajo.cl\/portal\/?p=45890"},"modified":"2014-04-25T10:13:53","modified_gmt":"2014-04-25T13:13:53","slug":"en-sector-el-almendral-se-desarrollara-una-nueva-fiesta-de-la-vendimia","status":"publish","type":"post","link":"https:\/\/eltrabajo.cl\/portal\/en-sector-el-almendral-se-desarrollara-una-nueva-fiesta-de-la-vendimia\/","title":{"rendered":"En sector El Almendral se desarrollar\u00e1 una nueva Fiesta de la Vendimia"},"content":{"rendered":"<figure id=\"attachment_45891\" aria-describedby=\"caption-attachment-45891\" style=\"width: 370px\" class=\"wp-caption alignleft\"><a href=\"https:\/\/i0.wp.com\/www.eltrabajo.cl\/portal\/wp-content\/uploads\/2014\/04\/conferencia-porta.jpg\"><img data-recalc-dims=\"1\" loading=\"lazy\" decoding=\"async\" class=\" wp-image-45891 \" alt=\"Patricio Gonz\u00e1lez, Administrador Municipal, junto a la encargada de Turismo, Odette Illanes, en conferencia de prensa invitaron a todos los vecinos de todo el valle de Aconcagua a participar de esta interesante actividad, donde adem\u00e1s se elegir\u00e1 la reina de esta nueva versi\u00f3n de la Fiesta de la Vendimia 2014.\" src=\"https:\/\/i0.wp.com\/www.eltrabajo.cl\/portal\/wp-content\/uploads\/2014\/04\/conferencia-porta.jpg?resize=370%2C344\" width=\"370\" height=\"344\" srcset=\"https:\/\/i0.wp.com\/eltrabajo.cl\/portal\/wp-content\/uploads\/2014\/04\/conferencia-porta.jpg?w=529&amp;ssl=1 529w, https:\/\/i0.wp.com\/eltrabajo.cl\/portal\/wp-content\/uploads\/2014\/04\/conferencia-porta.jpg?resize=161%2C150&amp;ssl=1 161w, https:\/\/i0.wp.com\/eltrabajo.cl\/portal\/wp-content\/uploads\/2014\/04\/conferencia-porta.jpg?resize=300%2C279&amp;ssl=1 300w, https:\/\/i0.wp.com\/eltrabajo.cl\/portal\/wp-content\/uploads\/2014\/04\/conferencia-porta.jpg?resize=150%2C139&amp;ssl=1 150w, https:\/\/i0.wp.com\/eltrabajo.cl\/portal\/wp-content\/uploads\/2014\/04\/conferencia-porta.jpg?resize=400%2C372&amp;ssl=1 400w\" sizes=\"auto, (max-width: 370px) 100vw, 370px\" \/><\/a><figcaption id=\"caption-attachment-45891\" class=\"wp-caption-text\">Patricio Gonz\u00e1lez, Administrador Municipal, junto a la encargada de Turismo, Odette Illanes, en conferencia de prensa invitaron a todos los vecinos de todo el valle de Aconcagua a participar de esta interesante actividad, donde adem\u00e1s se elegir\u00e1 la reina de esta nueva versi\u00f3n de la Fiesta de la Vendimia 2014.<\/figcaption><\/figure>\n<p>El pr\u00f3ximo s\u00e1bado 3 de mayo la Municipalidad de San Felipe, a trav\u00e9s del departamento de Turismo, realizar\u00e1 la primera Fiesta de la Vendimia, una iniciativa que busca recordar la forma de trabajar la uva en esta zona y rescatar el valor patrimonial de esta actividad y se realizar\u00e1 en el sector de Almendral en esta comuna.<\/p>\n<p>La fiesta se efectuar\u00e1 en el frontis de la Iglesia San Antonio de Padua y se iniciar\u00e1 a las 11 horas con una misa a la Chilena y luego a mediod\u00eda se presentar\u00e1n los bailes chinos. La inauguraci\u00f3n de esta interesante iniciativa ser\u00e1 a las 12:50 horas, mientras que a las 15 horas se realizar\u00e1 el inicio de la competencia del pisoteo de uvas entre las vi\u00f1as que participar\u00e1n.<\/p>\n<p>Durante esa tarde se presentar\u00e1n palladores, el Ballet Folcl\u00f3rico Municipal y cierra el espect\u00e1culo el Monteaguilino alrededor de las 18:30 horas.<\/p>\n<p>El administrador Municipal, Patricio Gonz\u00e1lez y la encargada de Turismo, Odette Illanes, invitaron a todos los vecinos de San Felipe y de todo el valle de Aconcagua a participar de esta interesante actividad, donde adem\u00e1s se elegir\u00e1 la reina de esta nueva versi\u00f3n de la Fiesta de la Vendimia 2014.<\/p>\n<p>&nbsp;<\/p>\n","protected":false},"excerpt":{"rendered":"<p>El pr\u00f3ximo s\u00e1bado 3 de mayo la Municipalidad de San Felipe, a trav\u00e9s del departamento de Turismo, realizar\u00e1 la primera Fiesta de la Vendimia, una iniciativa que busca recordar la forma de&#8230;<\/p>\n","protected":false},"author":482,"featured_media":45891,"comment_status":"open","ping_status":"closed","sticky":false,"template":"","format":"standard","meta":{"advanced_seo_description":"","jetpack_seo_html_title":"","jetpack_seo_noindex":false,"_jetpack_memberships_contains_paid_content":false,"footnotes":""},"categories":[15],"tags":[],"class_list":["post-45890","post","type-post","status-publish","format-standard","has-post-thumbnail","hentry","category-comunidad"],"jetpack_featured_media_url":"https:\/\/i0.wp.com\/eltrabajo.cl\/portal\/wp-content\/uploads\/2014\/04\/conferencia-porta.jpg?fit=529%2C492&ssl=1","jetpack_sharing_enabled":true,"jetpack_likes_enabled":true,"jetpack-related-posts":[],"_links":{"self":[{"href":"https:\/\/eltrabajo.cl\/portal\/wp-json\/wp\/v2\/posts\/45890","targetHints":{"allow":["GET"]}}],"collection":[{"href":"https:\/\/eltrabajo.cl\/portal\/wp-json\/wp\/v2\/posts"}],"about":[{"href":"https:\/\/eltrabajo.cl\/portal\/wp-json\/wp\/v2\/types\/post"}],"author":[{"embeddable":true,"href":"https:\/\/eltrabajo.cl\/portal\/wp-json\/wp\/v2\/users\/482"}],"replies":[{"embeddable":true,"href":"https:\/\/eltrabajo.cl\/portal\/wp-json\/wp\/v2\/comments?post=45890"}],"version-history":[{"count":0,"href":"https:\/\/eltrabajo.cl\/portal\/wp-json\/wp\/v2\/posts\/45890\/revisions"}],"wp:featuredmedia":[{"embeddable":true,"href":"https:\/\/eltrabajo.cl\/portal\/wp-json\/wp\/v2\/media\/45891"}],"wp:attachment":[{"href":"https:\/\/eltrabajo.cl\/portal\/wp-json\/wp\/v2\/media?parent=45890"}],"wp:term":[{"taxonomy":"category","embeddable":true,"href":"https:\/\/eltrabajo.cl\/portal\/wp-json\/wp\/v2\/categories?post=45890"},{"taxonomy":"post_tag","embeddable":true,"href":"https:\/\/eltrabajo.cl\/portal\/wp-json\/wp\/v2\/tags?post=45890"}],"curies":[{"name":"wp","href":"https:\/\/api.w.org\/{rel}","templated":true}]}}