{"id":45921,"date":"2014-04-28T10:03:13","date_gmt":"2014-04-28T14:03:13","guid":{"rendered":"http:\/\/www.eltrabajo.cl\/portal\/?p=45921"},"modified":"2014-04-28T10:03:13","modified_gmt":"2014-04-28T14:03:13","slug":"%ef%bb%bfa-mediados-de-mayo-comenzara-marcha-blanca-de-camaras-de-seguridad-en-putaendo","status":"publish","type":"post","link":"https:\/\/eltrabajo.cl\/portal\/%ef%bb%bfa-mediados-de-mayo-comenzara-marcha-blanca-de-camaras-de-seguridad-en-putaendo\/","title":{"rendered":"\ufeffA mediados de mayo comenzar\u00e1 marcha blanca de c\u00e1maras de seguridad en Putaendo"},"content":{"rendered":"<figure id=\"attachment_45922\" aria-describedby=\"caption-attachment-45922\" style=\"width: 422px\" class=\"wp-caption alignleft\"><a href=\"https:\/\/i0.wp.com\/www.eltrabajo.cl\/portal\/wp-content\/uploads\/2014\/04\/Camaras1.jpg\"><img data-recalc-dims=\"1\" loading=\"lazy\" decoding=\"async\" class=\" wp-image-45922 \" alt=\"A mediados del pr\u00f3ximo mes deber\u00eda comenzar a operar en un per\u00edodo de marcha blanca el sistema de c\u00e1maras de seguridad.\" src=\"https:\/\/i0.wp.com\/www.eltrabajo.cl\/portal\/wp-content\/uploads\/2014\/04\/Camaras1.jpg?resize=422%2C235\" width=\"422\" height=\"235\" srcset=\"https:\/\/i0.wp.com\/eltrabajo.cl\/portal\/wp-content\/uploads\/2014\/04\/Camaras1.jpg?w=528&amp;ssl=1 528w, https:\/\/i0.wp.com\/eltrabajo.cl\/portal\/wp-content\/uploads\/2014\/04\/Camaras1.jpg?resize=200%2C111&amp;ssl=1 200w, https:\/\/i0.wp.com\/eltrabajo.cl\/portal\/wp-content\/uploads\/2014\/04\/Camaras1.jpg?resize=300%2C167&amp;ssl=1 300w, https:\/\/i0.wp.com\/eltrabajo.cl\/portal\/wp-content\/uploads\/2014\/04\/Camaras1.jpg?resize=150%2C83&amp;ssl=1 150w, https:\/\/i0.wp.com\/eltrabajo.cl\/portal\/wp-content\/uploads\/2014\/04\/Camaras1.jpg?resize=400%2C222&amp;ssl=1 400w\" sizes=\"auto, (max-width: 422px) 100vw, 422px\" \/><\/a><figcaption id=\"caption-attachment-45922\" class=\"wp-caption-text\">A mediados del pr\u00f3ximo mes deber\u00eda comenzar a operar en un per\u00edodo de marcha blanca el sistema de c\u00e1maras de seguridad.<\/figcaption><\/figure>\n<p><strong>PUTAENDO.-<\/strong> A mediados del pr\u00f3ximo mes deber\u00eda comenzar a operar en un per\u00edodo de marcha blanca el sistema de c\u00e1maras de seguridad. As\u00ed lo inform\u00f3 el Alcalde Guillermo Reyes, quien indic\u00f3 que hoy t\u00e9cnicamente todas las c\u00e1maras est\u00e1n instaladas y que s\u00f3lo faltan los \u00faltimos detalles t\u00e9cnicos que deben ser instalados al interior del conteiner que ha sido acondicionado como oficina para la central de monitoreo que funcionar\u00e1 las 24 horas del d\u00eda a un costado de la Tenencia de Carabineros de Putaendo.<\/p>\n<figure id=\"attachment_45924\" aria-describedby=\"caption-attachment-45924\" style=\"width: 423px\" class=\"wp-caption alignright\"><a href=\"https:\/\/i0.wp.com\/www.eltrabajo.cl\/portal\/wp-content\/uploads\/2014\/04\/Camaras2.jpg\"><img data-recalc-dims=\"1\" loading=\"lazy\" decoding=\"async\" class=\" wp-image-45924 \" alt=\"S\u00f3lo faltan los \u00faltimos detalles t\u00e9cnicos al interior del conteiner que ha sido acondicionado como oficina.\" src=\"https:\/\/i0.wp.com\/www.eltrabajo.cl\/portal\/wp-content\/uploads\/2014\/04\/Camaras2.jpg?resize=423%2C286\" width=\"423\" height=\"286\" srcset=\"https:\/\/i0.wp.com\/eltrabajo.cl\/portal\/wp-content\/uploads\/2014\/04\/Camaras2.jpg?w=529&amp;ssl=1 529w, https:\/\/i0.wp.com\/eltrabajo.cl\/portal\/wp-content\/uploads\/2014\/04\/Camaras2.jpg?resize=200%2C135&amp;ssl=1 200w, https:\/\/i0.wp.com\/eltrabajo.cl\/portal\/wp-content\/uploads\/2014\/04\/Camaras2.jpg?resize=300%2C203&amp;ssl=1 300w, https:\/\/i0.wp.com\/eltrabajo.cl\/portal\/wp-content\/uploads\/2014\/04\/Camaras2.jpg?resize=150%2C101&amp;ssl=1 150w, https:\/\/i0.wp.com\/eltrabajo.cl\/portal\/wp-content\/uploads\/2014\/04\/Camaras2.jpg?resize=400%2C270&amp;ssl=1 400w\" sizes=\"auto, (max-width: 423px) 100vw, 423px\" \/><\/a><figcaption id=\"caption-attachment-45924\" class=\"wp-caption-text\">S\u00f3lo faltan los \u00faltimos detalles t\u00e9cnicos al interior del conteiner que ha sido acondicionado como oficina.<\/figcaption><\/figure>\n<p>El alcalde Reyes indic\u00f3 que seg\u00fan el cronograma, a m\u00e1s tardar el 15 de mayo las c\u00e1maras deber\u00edan estar operativas, para lo cual se contempla un per\u00edodo de marcha blanca y se\u00f1al\u00f3 que a\u00fan hay posibilidad para ex uniformados o personas que posean el curso de guardia OS-10 para que puedan postular a este trabajo como operador de c\u00e1maras de seguridad y deben solicitar los antecedentes en la Municipalidad de Putaendo.<\/p>\n<p>En el mismo \u00e1mbito, Reyes asegur\u00f3 que han decidido instalar otra c\u00e1mara de seguridad que no estaba contemplada en el proyecto, en Calle Sarmiento esquina de Calle Aspe\u00e9 producto que Calle Sarmiento tambi\u00e9n es una v\u00eda altamente transitada y la capacidad de la c\u00e1mara permitir\u00e1 cubrir esa avenida casi en su totalidad.<\/p>\n<p>El edil dijo que la comunidad puede estar segura que se har\u00e1 una evaluaci\u00f3n constante y permanente de c\u00f3mo funciona la operatividad de las c\u00e1maras y por cierto, ya est\u00e1n trabajando en un segundo proyecto que permita instalar c\u00e1maras en los sectores donde hoy no ser\u00e1n instaladas, por lo que indic\u00f3 que la municipalidad puede dar garant\u00edas que esta primera etapa de instalaci\u00f3n de c\u00e1maras de seguridad es el inicio de un ambicioso proyecto que su gesti\u00f3n llevar\u00e1 adelante.<\/p>\n<p>Patricio Gallardo M.<\/p>\n<p>&nbsp;<\/p>\n","protected":false},"excerpt":{"rendered":"<p>PUTAENDO.- A mediados del pr\u00f3ximo mes deber\u00eda comenzar a operar en un per\u00edodo de marcha blanca el sistema de c\u00e1maras de seguridad. As\u00ed lo inform\u00f3 el Alcalde Guillermo Reyes, quien indic\u00f3 que&#8230;<\/p>\n","protected":false},"author":482,"featured_media":45922,"comment_status":"open","ping_status":"closed","sticky":false,"template":"","format":"standard","meta":{"advanced_seo_description":"","jetpack_seo_html_title":"","jetpack_seo_noindex":false,"_jetpack_memberships_contains_paid_content":false,"footnotes":""},"categories":[1],"tags":[],"class_list":["post-45921","post","type-post","status-publish","format-standard","has-post-thumbnail","hentry","category-cronica"],"jetpack_featured_media_url":"https:\/\/i0.wp.com\/eltrabajo.cl\/portal\/wp-content\/uploads\/2014\/04\/Camaras1.jpg?fit=528%2C294&ssl=1","jetpack_sharing_enabled":true,"jetpack_likes_enabled":true,"jetpack-related-posts":[],"_links":{"self":[{"href":"https:\/\/eltrabajo.cl\/portal\/wp-json\/wp\/v2\/posts\/45921","targetHints":{"allow":["GET"]}}],"collection":[{"href":"https:\/\/eltrabajo.cl\/portal\/wp-json\/wp\/v2\/posts"}],"about":[{"href":"https:\/\/eltrabajo.cl\/portal\/wp-json\/wp\/v2\/types\/post"}],"author":[{"embeddable":true,"href":"https:\/\/eltrabajo.cl\/portal\/wp-json\/wp\/v2\/users\/482"}],"replies":[{"embeddable":true,"href":"https:\/\/eltrabajo.cl\/portal\/wp-json\/wp\/v2\/comments?post=45921"}],"version-history":[{"count":0,"href":"https:\/\/eltrabajo.cl\/portal\/wp-json\/wp\/v2\/posts\/45921\/revisions"}],"wp:featuredmedia":[{"embeddable":true,"href":"https:\/\/eltrabajo.cl\/portal\/wp-json\/wp\/v2\/media\/45922"}],"wp:attachment":[{"href":"https:\/\/eltrabajo.cl\/portal\/wp-json\/wp\/v2\/media?parent=45921"}],"wp:term":[{"taxonomy":"category","embeddable":true,"href":"https:\/\/eltrabajo.cl\/portal\/wp-json\/wp\/v2\/categories?post=45921"},{"taxonomy":"post_tag","embeddable":true,"href":"https:\/\/eltrabajo.cl\/portal\/wp-json\/wp\/v2\/tags?post=45921"}],"curies":[{"name":"wp","href":"https:\/\/api.w.org\/{rel}","templated":true}]}}