{"id":45928,"date":"2014-04-28T10:04:26","date_gmt":"2014-04-28T14:04:26","guid":{"rendered":"http:\/\/www.eltrabajo.cl\/portal\/?p=45928"},"modified":"2014-04-28T10:06:01","modified_gmt":"2014-04-28T14:06:01","slug":"programa-acciona-se-vuelve-a-implementar-en-corina-urbina","status":"publish","type":"post","link":"https:\/\/eltrabajo.cl\/portal\/programa-acciona-se-vuelve-a-implementar-en-corina-urbina\/","title":{"rendered":"Programa Acciona se vuelve a implementar en Corina Urbina"},"content":{"rendered":"<figure id=\"attachment_45929\" aria-describedby=\"caption-attachment-45929\" style=\"width: 370px\" class=\"wp-caption alignleft\"><a href=\"https:\/\/i0.wp.com\/www.eltrabajo.cl\/portal\/wp-content\/uploads\/2014\/04\/Programa1.jpg\"><img data-recalc-dims=\"1\" loading=\"lazy\" decoding=\"async\" class=\"wp-image-45929 \" alt=\"El Liceo Corina Urbina Villanueva es el \u00fanico establecimiento educacional de la provincia de San Felipe asignado para el desarrollo de las actividades de los talleres de Teatro-Identidad.\" src=\"https:\/\/i0.wp.com\/www.eltrabajo.cl\/portal\/wp-content\/uploads\/2014\/04\/Programa1.jpg?resize=370%2C281\" width=\"370\" height=\"281\" srcset=\"https:\/\/i0.wp.com\/eltrabajo.cl\/portal\/wp-content\/uploads\/2014\/04\/Programa1.jpg?w=529&amp;ssl=1 529w, https:\/\/i0.wp.com\/eltrabajo.cl\/portal\/wp-content\/uploads\/2014\/04\/Programa1.jpg?resize=197%2C150&amp;ssl=1 197w, https:\/\/i0.wp.com\/eltrabajo.cl\/portal\/wp-content\/uploads\/2014\/04\/Programa1.jpg?resize=300%2C227&amp;ssl=1 300w, https:\/\/i0.wp.com\/eltrabajo.cl\/portal\/wp-content\/uploads\/2014\/04\/Programa1.jpg?resize=150%2C113&amp;ssl=1 150w, https:\/\/i0.wp.com\/eltrabajo.cl\/portal\/wp-content\/uploads\/2014\/04\/Programa1.jpg?resize=400%2C303&amp;ssl=1 400w\" sizes=\"auto, (max-width: 370px) 100vw, 370px\" \/><\/a><figcaption id=\"caption-attachment-45929\" class=\"wp-caption-text\">El Liceo Corina Urbina Villanueva es el \u00fanico establecimiento educacional de la provincia de San Felipe asignado para el desarrollo de las actividades de los talleres de Teatro-Identidad.<\/figcaption><\/figure>\n<p>En el contexto de la inclusi\u00f3n de la cultura en el curriculum educacional, nuevamente el Fondo de las Artes y Cultura del Gobierno Regional ha nombrado al Liceo Corina Urbina Villanueva, como el \u00fanico establecimiento educacional de la provincia de San Felipe para el desarrollo de las actividades de los talleres de Teatro-Identidad, el que estar\u00e1 a cargo del actor profesional y docente Sergio D\u00edaz Pizarro y el Taller de M\u00fasica-Coral, el que ser\u00e1 impartido por el docente especialista Jaime Rocco.<\/p>\n<p>Ambos profesionales enfocar\u00e1n su trabajo en los primeros medios, para lo que contar\u00e1n con el apoyo de la Profesora Carmina Poggi, quien estar\u00e1 durante todo el a\u00f1o trabajando en estas disciplinas, y perfeccionando el talento de cada una de las alumnas. En esta oportunidad y para la formalizaci\u00f3n este acuerdo, se reuni\u00f3 la entidad ejecutora Balmaceda y la encargada de la Intendencia de Valpara\u00edso de la Gesti\u00f3n del desarrollo del programa, junto a la directora del establecimiento, m\u00e1s el coordinador del proyecto institucional.<\/p>\n<p>En la ocasi\u00f3n Constanza Mu\u00f1oz, Representante del Fondo de las Artes y Cultura Regional, destac\u00f3 el compromiso demostrado durante el a\u00f1o 2013, se\u00f1alando que \u201ces una tremenda incorporaci\u00f3n positiva, los talleres ofrecidos a las alumnas, y sobre todo del impacto que ellos han producido en los cursos donde se implementaron\u201d, sostuvo.<\/p>\n<p>Adem\u00e1s, el actor Sergio D\u00edaz comparti\u00f3 la riqueza de haber podido trabajar positivamente con el docente dupla de trabajo en el a\u00f1o 2013, y destac\u00f3 el nivel de compromiso del Liceo Corina Urbina Villanueva, en este desaf\u00edo.<\/p>\n<p>La Jefa de Unidad T\u00e9cnica Pedag\u00f3gica de Educaci\u00f3n Media, M\u00f3nica Leiva Ahumada, junto al encargado del proyecto, Oscar Garc\u00eda C\u00e1rdenas, dieron a conocer a las alumnas de ambos cursos el inicio de la iniciativa, la que fue recibida con mucha alegr\u00eda.<\/p>\n<p>&nbsp;<\/p>\n","protected":false},"excerpt":{"rendered":"<p>En el contexto de la inclusi\u00f3n de la cultura en el curriculum educacional, nuevamente el Fondo de las Artes y Cultura del Gobierno Regional ha nombrado al Liceo Corina Urbina Villanueva, como&#8230;<\/p>\n","protected":false},"author":482,"featured_media":45929,"comment_status":"open","ping_status":"closed","sticky":false,"template":"","format":"standard","meta":{"advanced_seo_description":"","jetpack_seo_html_title":"","jetpack_seo_noindex":false,"_jetpack_memberships_contains_paid_content":false,"footnotes":""},"categories":[1],"tags":[],"class_list":["post-45928","post","type-post","status-publish","format-standard","has-post-thumbnail","hentry","category-cronica"],"jetpack_featured_media_url":"https:\/\/i0.wp.com\/eltrabajo.cl\/portal\/wp-content\/uploads\/2014\/04\/Programa1.jpg?fit=529%2C401&ssl=1","jetpack_sharing_enabled":true,"jetpack_likes_enabled":true,"jetpack-related-posts":[],"_links":{"self":[{"href":"https:\/\/eltrabajo.cl\/portal\/wp-json\/wp\/v2\/posts\/45928","targetHints":{"allow":["GET"]}}],"collection":[{"href":"https:\/\/eltrabajo.cl\/portal\/wp-json\/wp\/v2\/posts"}],"about":[{"href":"https:\/\/eltrabajo.cl\/portal\/wp-json\/wp\/v2\/types\/post"}],"author":[{"embeddable":true,"href":"https:\/\/eltrabajo.cl\/portal\/wp-json\/wp\/v2\/users\/482"}],"replies":[{"embeddable":true,"href":"https:\/\/eltrabajo.cl\/portal\/wp-json\/wp\/v2\/comments?post=45928"}],"version-history":[{"count":0,"href":"https:\/\/eltrabajo.cl\/portal\/wp-json\/wp\/v2\/posts\/45928\/revisions"}],"wp:featuredmedia":[{"embeddable":true,"href":"https:\/\/eltrabajo.cl\/portal\/wp-json\/wp\/v2\/media\/45929"}],"wp:attachment":[{"href":"https:\/\/eltrabajo.cl\/portal\/wp-json\/wp\/v2\/media?parent=45928"}],"wp:term":[{"taxonomy":"category","embeddable":true,"href":"https:\/\/eltrabajo.cl\/portal\/wp-json\/wp\/v2\/categories?post=45928"},{"taxonomy":"post_tag","embeddable":true,"href":"https:\/\/eltrabajo.cl\/portal\/wp-json\/wp\/v2\/tags?post=45928"}],"curies":[{"name":"wp","href":"https:\/\/api.w.org\/{rel}","templated":true}]}}