{"id":45933,"date":"2014-04-28T10:14:21","date_gmt":"2014-04-28T14:14:21","guid":{"rendered":"http:\/\/www.eltrabajo.cl\/portal\/?p=45933"},"modified":"2014-04-28T10:14:21","modified_gmt":"2014-04-28T14:14:21","slug":"inauguran-nuevo-ano-de-trabajo-de-la-escuela-la-razon-del-dirigente","status":"publish","type":"post","link":"https:\/\/eltrabajo.cl\/portal\/inauguran-nuevo-ano-de-trabajo-de-la-escuela-la-razon-del-dirigente\/","title":{"rendered":"Inauguran nuevo a\u00f1o de trabajo de la Escuela La Raz\u00f3n del Dirigente"},"content":{"rendered":"<figure id=\"attachment_45934\" aria-describedby=\"caption-attachment-45934\" style=\"width: 528px\" class=\"wp-caption alignnone\"><a href=\"https:\/\/i0.wp.com\/www.eltrabajo.cl\/portal\/wp-content\/uploads\/2014\/04\/Dirigentes1.jpg\"><img data-recalc-dims=\"1\" loading=\"lazy\" decoding=\"async\" class=\"size-full wp-image-45934\" alt=\"Este s\u00e1bado 26 de abril se dio inicio a un nuevo a\u00f1o de trabajo de la Escuela La Raz\u00f3n del Dirigente, una iniciativa de la Municipalidad de San Felipe para capacitar y preparar en distintas \u00e1reas a los representantes de los vecinos de nuestra comuna.\" src=\"https:\/\/i0.wp.com\/www.eltrabajo.cl\/portal\/wp-content\/uploads\/2014\/04\/Dirigentes1.jpg?resize=528%2C298\" width=\"528\" height=\"298\" srcset=\"https:\/\/i0.wp.com\/eltrabajo.cl\/portal\/wp-content\/uploads\/2014\/04\/Dirigentes1.jpg?w=528&amp;ssl=1 528w, https:\/\/i0.wp.com\/eltrabajo.cl\/portal\/wp-content\/uploads\/2014\/04\/Dirigentes1.jpg?resize=200%2C112&amp;ssl=1 200w, https:\/\/i0.wp.com\/eltrabajo.cl\/portal\/wp-content\/uploads\/2014\/04\/Dirigentes1.jpg?resize=300%2C169&amp;ssl=1 300w, https:\/\/i0.wp.com\/eltrabajo.cl\/portal\/wp-content\/uploads\/2014\/04\/Dirigentes1.jpg?resize=150%2C84&amp;ssl=1 150w, https:\/\/i0.wp.com\/eltrabajo.cl\/portal\/wp-content\/uploads\/2014\/04\/Dirigentes1.jpg?resize=400%2C225&amp;ssl=1 400w\" sizes=\"auto, (max-width: 528px) 100vw, 528px\" \/><\/a><figcaption id=\"caption-attachment-45934\" class=\"wp-caption-text\">Este s\u00e1bado 26 de abril se dio inicio a un nuevo a\u00f1o de trabajo de la Escuela La Raz\u00f3n del Dirigente, una iniciativa de la Municipalidad de San Felipe para capacitar y preparar en distintas \u00e1reas a los representantes de los vecinos de nuestra comuna.<\/figcaption><\/figure>\n<p>Este s\u00e1bado 26 de abril se dio inicio a un nuevo a\u00f1o de trabajo de la Escuela La Raz\u00f3n del Dirigente, una iniciativa de la Municipalidad de San Felipe para capacitar y preparar en distintas \u00e1reas a los representantes de los vecinos de nuestra comuna. Esta primera reuni\u00f3n se realiz\u00f3 en dependencias del Liceo Roberto Humeres, hasta donde llegaron el Alcalde Patricio Freire; el Gobernador Eduardo Le\u00f3n y el Core Iv\u00e1n Reyes, quienes inauguraron la iniciativa que se mantendr\u00e1 durante todo el a\u00f1o.<\/p>\n<p>\u00abEsta escuela es muy importante para que los dirigentes tengan conocimiento de lo que pueden realizar y de todos los proyectos que est\u00e1n a su alcance, ellos tienen que saber que pueden postular con sus proyectos a distintos tipos de financiamiento y esa informaci\u00f3n se les traspasa en las distintas capacitaciones a las que asisten\u00bb, dijo el Alcalde Patricio Freire.<\/p>\n<p>La escuela ya se ha realizado por cuatro a\u00f1os, ingresando este 2014 a primer a\u00f1o de capacitaciones nuevos dirigentes, quienes forman parte de un grupo muy motivado por aprender sobre distintos temas. \u00abEste a\u00f1o vamos a seguir participando y capacit\u00e1ndonos m\u00e1s, han sido cuatro a\u00f1os de mucho \u00e9xito y ac\u00e1 no termina, vamos a seguir en cursos de capacitaci\u00f3n con la universidad. Ahora le damos la bienvenida al primer y segundo a\u00f1o y en total somos como 80 dirigentes\u00bb, dijo Marianela Rocco, presidente de la escuela. La presidente destac\u00f3 el \u00e1nimo y el inter\u00e9s de los dirigentes por participar y la uni\u00f3n que existe entre ellos para trabajar en beneficio de los vecinos de sus respectivas villas y poblaciones.<\/p>\n<p>Sonia Morales es dirigente de la junta de vecinos 21 de Mayo y ha participado por dos a\u00f1os en la escuela, logrando adquirir importantes conocimientos. \u00abHe podido aprender y entender cosas que no sab\u00eda, y esto me ha ayudado bastante para poder relacionarme con los vecinos, para tener conocimiento de los proyectos, nos informan de la Ficha Social y cuando alguien tiene alguna duda puede explicarle a los vecinos\u00bb, destac\u00f3 Morales.<\/p>\n<p>&nbsp;<\/p>\n","protected":false},"excerpt":{"rendered":"<p>Este s\u00e1bado 26 de abril se dio inicio a un nuevo a\u00f1o de trabajo de la Escuela La Raz\u00f3n del Dirigente, una iniciativa de la Municipalidad de San Felipe para capacitar y&#8230;<\/p>\n","protected":false},"author":482,"featured_media":45934,"comment_status":"open","ping_status":"closed","sticky":false,"template":"","format":"standard","meta":{"advanced_seo_description":"","jetpack_seo_html_title":"","jetpack_seo_noindex":false,"_jetpack_memberships_contains_paid_content":false,"footnotes":""},"categories":[1],"tags":[],"class_list":["post-45933","post","type-post","status-publish","format-standard","has-post-thumbnail","hentry","category-cronica"],"jetpack_featured_media_url":"https:\/\/i0.wp.com\/eltrabajo.cl\/portal\/wp-content\/uploads\/2014\/04\/Dirigentes1.jpg?fit=528%2C298&ssl=1","jetpack_sharing_enabled":true,"jetpack_likes_enabled":true,"jetpack-related-posts":[],"_links":{"self":[{"href":"https:\/\/eltrabajo.cl\/portal\/wp-json\/wp\/v2\/posts\/45933","targetHints":{"allow":["GET"]}}],"collection":[{"href":"https:\/\/eltrabajo.cl\/portal\/wp-json\/wp\/v2\/posts"}],"about":[{"href":"https:\/\/eltrabajo.cl\/portal\/wp-json\/wp\/v2\/types\/post"}],"author":[{"embeddable":true,"href":"https:\/\/eltrabajo.cl\/portal\/wp-json\/wp\/v2\/users\/482"}],"replies":[{"embeddable":true,"href":"https:\/\/eltrabajo.cl\/portal\/wp-json\/wp\/v2\/comments?post=45933"}],"version-history":[{"count":0,"href":"https:\/\/eltrabajo.cl\/portal\/wp-json\/wp\/v2\/posts\/45933\/revisions"}],"wp:featuredmedia":[{"embeddable":true,"href":"https:\/\/eltrabajo.cl\/portal\/wp-json\/wp\/v2\/media\/45934"}],"wp:attachment":[{"href":"https:\/\/eltrabajo.cl\/portal\/wp-json\/wp\/v2\/media?parent=45933"}],"wp:term":[{"taxonomy":"category","embeddable":true,"href":"https:\/\/eltrabajo.cl\/portal\/wp-json\/wp\/v2\/categories?post=45933"},{"taxonomy":"post_tag","embeddable":true,"href":"https:\/\/eltrabajo.cl\/portal\/wp-json\/wp\/v2\/tags?post=45933"}],"curies":[{"name":"wp","href":"https:\/\/api.w.org\/{rel}","templated":true}]}}