{"id":45936,"date":"2014-04-28T10:15:59","date_gmt":"2014-04-28T14:15:59","guid":{"rendered":"http:\/\/www.eltrabajo.cl\/portal\/?p=45936"},"modified":"2014-04-28T10:15:59","modified_gmt":"2014-04-28T14:15:59","slug":"ninos-sanfelipenos-celebran-con-alegria-el-dia-mundial-del-libro-2014","status":"publish","type":"post","link":"https:\/\/eltrabajo.cl\/portal\/ninos-sanfelipenos-celebran-con-alegria-el-dia-mundial-del-libro-2014\/","title":{"rendered":"Ni\u00f1os sanfelipe\u00f1os celebran con alegr\u00eda el D\u00eda Mundial del Libro 2014"},"content":{"rendered":"<figure id=\"attachment_45937\" aria-describedby=\"caption-attachment-45937\" style=\"width: 529px\" class=\"wp-caption alignnone\"><a href=\"https:\/\/i0.wp.com\/www.eltrabajo.cl\/portal\/wp-content\/uploads\/2014\/04\/Alegria1.jpg\"><img data-recalc-dims=\"1\" loading=\"lazy\" decoding=\"async\" class=\"size-full wp-image-45937\" alt=\"El D\u00eda Mundial del Libro tiene como principales objetivos, fomentar la lectura, adem\u00e1s de la protecci\u00f3n de la propiedad intelectual, a trav\u00e9s del derecho de autor.\" src=\"https:\/\/i0.wp.com\/www.eltrabajo.cl\/portal\/wp-content\/uploads\/2014\/04\/Alegria1.jpg?resize=529%2C360\" width=\"529\" height=\"360\" srcset=\"https:\/\/i0.wp.com\/eltrabajo.cl\/portal\/wp-content\/uploads\/2014\/04\/Alegria1.jpg?w=529&amp;ssl=1 529w, https:\/\/i0.wp.com\/eltrabajo.cl\/portal\/wp-content\/uploads\/2014\/04\/Alegria1.jpg?resize=200%2C136&amp;ssl=1 200w, https:\/\/i0.wp.com\/eltrabajo.cl\/portal\/wp-content\/uploads\/2014\/04\/Alegria1.jpg?resize=300%2C204&amp;ssl=1 300w, https:\/\/i0.wp.com\/eltrabajo.cl\/portal\/wp-content\/uploads\/2014\/04\/Alegria1.jpg?resize=150%2C102&amp;ssl=1 150w, https:\/\/i0.wp.com\/eltrabajo.cl\/portal\/wp-content\/uploads\/2014\/04\/Alegria1.jpg?resize=400%2C272&amp;ssl=1 400w\" sizes=\"auto, (max-width: 529px) 100vw, 529px\" \/><\/a><figcaption id=\"caption-attachment-45937\" class=\"wp-caption-text\">El D\u00eda Mundial del Libro tiene como principales objetivos, fomentar la lectura, adem\u00e1s de la protecci\u00f3n de la propiedad intelectual, a trav\u00e9s del derecho de autor.<\/figcaption><\/figure>\n<p>Una gran cantidad de alumnos de los diferentes establecimientos municipales de la comuna y de los distintos niveles, llegaron hasta el Teatro Municipal de San Felipe, para celebrar el D\u00eda Mundial del Libro.<\/p>\n<figure id=\"attachment_45938\" aria-describedby=\"caption-attachment-45938\" style=\"width: 423px\" class=\"wp-caption alignright\"><a href=\"https:\/\/i0.wp.com\/www.eltrabajo.cl\/portal\/wp-content\/uploads\/2014\/04\/Alegria2.jpg\"><img data-recalc-dims=\"1\" loading=\"lazy\" decoding=\"async\" class=\" wp-image-45938 \" alt=\"Cientos de estudiantes sanfelipe\u00f1os desfilaron por nuestras calles con varias representaciones alusivas al Libro en su d\u00eda.\" src=\"https:\/\/i0.wp.com\/www.eltrabajo.cl\/portal\/wp-content\/uploads\/2014\/04\/Alegria2.jpg?resize=423%2C321\" width=\"423\" height=\"321\" srcset=\"https:\/\/i0.wp.com\/eltrabajo.cl\/portal\/wp-content\/uploads\/2014\/04\/Alegria2.jpg?w=529&amp;ssl=1 529w, https:\/\/i0.wp.com\/eltrabajo.cl\/portal\/wp-content\/uploads\/2014\/04\/Alegria2.jpg?resize=197%2C150&amp;ssl=1 197w, https:\/\/i0.wp.com\/eltrabajo.cl\/portal\/wp-content\/uploads\/2014\/04\/Alegria2.jpg?resize=300%2C227&amp;ssl=1 300w, https:\/\/i0.wp.com\/eltrabajo.cl\/portal\/wp-content\/uploads\/2014\/04\/Alegria2.jpg?resize=150%2C113&amp;ssl=1 150w, https:\/\/i0.wp.com\/eltrabajo.cl\/portal\/wp-content\/uploads\/2014\/04\/Alegria2.jpg?resize=400%2C303&amp;ssl=1 400w\" sizes=\"auto, (max-width: 423px) 100vw, 423px\" \/><\/a><figcaption id=\"caption-attachment-45938\" class=\"wp-caption-text\">Cientos de estudiantes sanfelipe\u00f1os desfilaron por nuestras calles con varias representaciones alusivas al Libro en su d\u00eda.<\/figcaption><\/figure>\n<p>Primero, correspondi\u00f3 la actividad para los ni\u00f1os y ni\u00f1as de los diferentes jardines infantiles VTF, quienes acompa\u00f1ados de sus padres y apoderados, adem\u00e1s de las educadoras de p\u00e1rvulos y sus t\u00e9cnicos, compartieron de maravillosas historias, las cuales estaban basadas en los cuentos infantiles, lo que llenaron de magia y color el recinto.<\/p>\n<p>Posteriormente correspondi\u00f3 el turno a los establecimientos de educaci\u00f3n b\u00e1sica y media, quienes repletaron el teatro, compartiendo en una entretenida jornada junto a sus padres y profesores, y con entretenidas historias, a cargo de Karen Mu\u00f1oz, perteneciente a la \u2018Compa\u00f1\u00eda Valpara\u00edso es un cuento\u2019.<\/p>\n<p>El D\u00eda Mundial del Libro tiene como principales objetivos, fomentar la lectura, adem\u00e1s de la protecci\u00f3n de la propiedad intelectual, a trav\u00e9s del derecho de autor, siendo una actividad patrocinada por la Unesco desde el a\u00f1o 1995.<\/p>\n<p>En la ocasi\u00f3n, el Alcalde Patricio Freire comparti\u00f3 junto a los j\u00f3venes participantes de esta actividad, organizada por la Daem, se\u00f1alando que \u00abla municipalidad est\u00e1 muy preocupada de la educaci\u00f3n de nuestros ni\u00f1os y este tipo de actividades nos ayuda a fomentar la lectura desde muy temprana edad. Hoy contamos con la participaci\u00f3n de los jardines infantiles, escuelas y liceos de nuestra comuna y tambi\u00e9n de los padres y apoderados, porque junto a ellos estamos trabajando por entregar una mejor educaci\u00f3n a los ni\u00f1os de San Felipe\u00bb, dijo el jefe comunal.<\/p>\n<p>Por su parte Iv\u00e1n Silva Padilla, director de educaci\u00f3n municipal, se refiri\u00f3 a la importancia de elaborar este tipo de actividades, en compa\u00f1\u00eda de los padres y apoderados, manifestando que \u00abpara nosotros es un hermoso desaf\u00edo, traspasar el habito de la lectura, y para ello debemos estar preparados y prestos para intervenir en el momento adecuado, por lo que en esta jornada, la colaboraci\u00f3n de Ver\u00f3nica Ossand\u00f3n, Subdirectora T\u00e9cnico Pedag\u00f3gica, Patricia Pimentel, encargada de actividades extra-escolares y Andrea Cerda, Coordinadora de Jardines infantiles, todas de la Daem, fue de suma relevancia para el buen desarrollo de esta celebraci\u00f3n\u00bb.<\/p>\n<p>&nbsp;<\/p>\n","protected":false},"excerpt":{"rendered":"<p>Una gran cantidad de alumnos de los diferentes establecimientos municipales de la comuna y de los distintos niveles, llegaron hasta el Teatro Municipal de San Felipe, para celebrar el D\u00eda Mundial del&#8230;<\/p>\n","protected":false},"author":482,"featured_media":45937,"comment_status":"open","ping_status":"closed","sticky":false,"template":"","format":"standard","meta":{"advanced_seo_description":"","jetpack_seo_html_title":"","jetpack_seo_noindex":false,"_jetpack_memberships_contains_paid_content":false,"footnotes":""},"categories":[15],"tags":[],"class_list":["post-45936","post","type-post","status-publish","format-standard","has-post-thumbnail","hentry","category-comunidad"],"jetpack_featured_media_url":"https:\/\/i0.wp.com\/eltrabajo.cl\/portal\/wp-content\/uploads\/2014\/04\/Alegria1.jpg?fit=529%2C360&ssl=1","jetpack_sharing_enabled":true,"jetpack_likes_enabled":true,"jetpack-related-posts":[],"_links":{"self":[{"href":"https:\/\/eltrabajo.cl\/portal\/wp-json\/wp\/v2\/posts\/45936","targetHints":{"allow":["GET"]}}],"collection":[{"href":"https:\/\/eltrabajo.cl\/portal\/wp-json\/wp\/v2\/posts"}],"about":[{"href":"https:\/\/eltrabajo.cl\/portal\/wp-json\/wp\/v2\/types\/post"}],"author":[{"embeddable":true,"href":"https:\/\/eltrabajo.cl\/portal\/wp-json\/wp\/v2\/users\/482"}],"replies":[{"embeddable":true,"href":"https:\/\/eltrabajo.cl\/portal\/wp-json\/wp\/v2\/comments?post=45936"}],"version-history":[{"count":0,"href":"https:\/\/eltrabajo.cl\/portal\/wp-json\/wp\/v2\/posts\/45936\/revisions"}],"wp:featuredmedia":[{"embeddable":true,"href":"https:\/\/eltrabajo.cl\/portal\/wp-json\/wp\/v2\/media\/45937"}],"wp:attachment":[{"href":"https:\/\/eltrabajo.cl\/portal\/wp-json\/wp\/v2\/media?parent=45936"}],"wp:term":[{"taxonomy":"category","embeddable":true,"href":"https:\/\/eltrabajo.cl\/portal\/wp-json\/wp\/v2\/categories?post=45936"},{"taxonomy":"post_tag","embeddable":true,"href":"https:\/\/eltrabajo.cl\/portal\/wp-json\/wp\/v2\/tags?post=45936"}],"curies":[{"name":"wp","href":"https:\/\/api.w.org\/{rel}","templated":true}]}}