{"id":45941,"date":"2014-04-28T10:19:02","date_gmt":"2014-04-28T14:19:02","guid":{"rendered":"http:\/\/www.eltrabajo.cl\/portal\/?p=45941"},"modified":"2014-04-28T10:19:02","modified_gmt":"2014-04-28T14:19:02","slug":"destacando-diversos-logros-de-su-gestion-alcalde-freire-entrego-su-cuenta-publica-2013","status":"publish","type":"post","link":"https:\/\/eltrabajo.cl\/portal\/destacando-diversos-logros-de-su-gestion-alcalde-freire-entrego-su-cuenta-publica-2013\/","title":{"rendered":"Destacando diversos logros de su gesti\u00f3n, Alcalde Freire entreg\u00f3 su Cuenta P\u00fablica 2013"},"content":{"rendered":"<figure id=\"attachment_45942\" aria-describedby=\"caption-attachment-45942\" style=\"width: 338px\" class=\"wp-caption alignleft\"><a href=\"https:\/\/i0.wp.com\/www.eltrabajo.cl\/portal\/wp-content\/uploads\/2014\/04\/Cuenta1.jpg\"><img data-recalc-dims=\"1\" loading=\"lazy\" decoding=\"async\" class=\" wp-image-45942  \" alt=\"TRANSPARENCIA.- El Alcalde Patricio Freire rindi\u00f3 su Cuenta P\u00fablica 2013, dando a conocer el estado de la situaci\u00f3n financiera de la municipalidad.\" src=\"https:\/\/i0.wp.com\/www.eltrabajo.cl\/portal\/wp-content\/uploads\/2014\/04\/Cuenta1.jpg?resize=338%2C463\" width=\"338\" height=\"463\" srcset=\"https:\/\/i0.wp.com\/eltrabajo.cl\/portal\/wp-content\/uploads\/2014\/04\/Cuenta1.jpg?w=529&amp;ssl=1 529w, https:\/\/i0.wp.com\/eltrabajo.cl\/portal\/wp-content\/uploads\/2014\/04\/Cuenta1.jpg?resize=109%2C150&amp;ssl=1 109w, https:\/\/i0.wp.com\/eltrabajo.cl\/portal\/wp-content\/uploads\/2014\/04\/Cuenta1.jpg?resize=219%2C300&amp;ssl=1 219w, https:\/\/i0.wp.com\/eltrabajo.cl\/portal\/wp-content\/uploads\/2014\/04\/Cuenta1.jpg?resize=400%2C547&amp;ssl=1 400w\" sizes=\"auto, (max-width: 338px) 100vw, 338px\" \/><\/a><figcaption id=\"caption-attachment-45942\" class=\"wp-caption-text\">TRANSPARENCIA.- El Alcalde Patricio Freire rindi\u00f3 su Cuenta P\u00fablica 2013, dando a conocer el estado de la situaci\u00f3n financiera de la municipalidad.<\/figcaption><\/figure>\n<p>Con el objetivo de dar cuenta al Concejo Municipal de la gesti\u00f3n realizada el a\u00f1o 2013, el Alcalde Patricio Freire rindi\u00f3 su cuenta p\u00fablica, dando a conocer el estado de la situaci\u00f3n financiera de la municipalidad, las acciones realizadas para el cumplimiento del plan de desarrollo comunal, las inversiones y los proyectos ejecutados en el per\u00edodo, entre otros aspectos.<\/p>\n<p>La ceremonia se realiz\u00f3 el viernes 25 de abril en el Teatro Municipal de San Felipe y a ella asistieron el Gobernador Provincial Eduardo Le\u00f3n; el Consejero Regional Iv\u00e1n Reyes; el Alcalde de Los Andes Mauricio Navarro; los integrantes del Consejo de Organizaciones de la Sociedad Civil, autoridades civiles y militares, funcionarios municipales y vecinos de la comuna.<\/p>\n<p><strong>LA AGENDA\u00a0CIUDADANA<\/strong><\/p>\n<p>En su cuenta p\u00fablica el jefe comunal destac\u00f3 la creaci\u00f3n de la Agenda de Participaci\u00f3n Ciudadana, una forma de trabajo que ha guiado su gesti\u00f3n y que ha permitido saber desde los mismos vecinos sus necesidades y proyectos, acerc\u00e1ndose a cada sector de la comuna, urbano y especialmente rural, quienes se hab\u00edan sentido postergados por a\u00f1os y sobre todo conocer la forma c\u00f3mo sue\u00f1an San Felipe.<\/p>\n<figure id=\"attachment_45944\" aria-describedby=\"caption-attachment-45944\" style=\"width: 423px\" class=\"wp-caption alignright\"><a href=\"https:\/\/i0.wp.com\/www.eltrabajo.cl\/portal\/wp-content\/uploads\/2014\/04\/cuenta-publica1.jpg\"><img data-recalc-dims=\"1\" loading=\"lazy\" decoding=\"async\" class=\" wp-image-45944 \" alt=\"Un Teatro Municipal atestado de personas presenci\u00f3 con suma atenci\u00f3n la cuenta p\u00fablica del Alcalde Patricio Freire.\" src=\"https:\/\/i0.wp.com\/www.eltrabajo.cl\/portal\/wp-content\/uploads\/2014\/04\/cuenta-publica1.jpg?resize=423%2C231\" width=\"423\" height=\"231\" srcset=\"https:\/\/i0.wp.com\/eltrabajo.cl\/portal\/wp-content\/uploads\/2014\/04\/cuenta-publica1.jpg?w=529&amp;ssl=1 529w, https:\/\/i0.wp.com\/eltrabajo.cl\/portal\/wp-content\/uploads\/2014\/04\/cuenta-publica1.jpg?resize=200%2C109&amp;ssl=1 200w, https:\/\/i0.wp.com\/eltrabajo.cl\/portal\/wp-content\/uploads\/2014\/04\/cuenta-publica1.jpg?resize=300%2C163&amp;ssl=1 300w, https:\/\/i0.wp.com\/eltrabajo.cl\/portal\/wp-content\/uploads\/2014\/04\/cuenta-publica1.jpg?resize=150%2C81&amp;ssl=1 150w, https:\/\/i0.wp.com\/eltrabajo.cl\/portal\/wp-content\/uploads\/2014\/04\/cuenta-publica1.jpg?resize=400%2C218&amp;ssl=1 400w\" sizes=\"auto, (max-width: 423px) 100vw, 423px\" \/><\/a><figcaption id=\"caption-attachment-45944\" class=\"wp-caption-text\">Un Teatro Municipal atestado de personas presenci\u00f3 con suma atenci\u00f3n la cuenta p\u00fablica del Alcalde Patricio Freire.<\/figcaption><\/figure>\n<p>En el \u00e1rea financiera, el Alcalde Freire destac\u00f3 que los ingresos m\u00e1s significativos correspondieron a patentes municipales, permisos de circulaci\u00f3n y el aporte del fondo com\u00fan municipal. Adem\u00e1s detall\u00f3 que los gastos en educaci\u00f3n llegaron a m\u00e1s de $9.000 millones y en salud los gastos llegaron a una cifra superior a los $2.000 millones.<\/p>\n<p><strong>\u00a0LOGROS DEL PIE<\/strong><\/p>\n<p>En el \u00e1rea de educaci\u00f3n el jefe comunal explic\u00f3 algunos de los programas que se ejecutan en beneficio de los ni\u00f1os y j\u00f3venes que forman parte de la educaci\u00f3n municipal, destacando el Programa de Integraci\u00f3n Escolar y Habilidades para la vida y planteando objetivos como la reorientaci\u00f3n de recursos y enfocarlos a la formaci\u00f3n de los profesores en funci\u00f3n de las carencias detectadas en los alumnos y mejorar los niveles de gesti\u00f3n en la relaci\u00f3n de los directores con las unidades t\u00e9cnicas pedag\u00f3gicas e involucrar a las familias, entre otros.<\/p>\n<p><strong>SECTOR SALUD\u00a0Y PLANIFICACI\u00d3N<\/strong><\/p>\n<p>En el \u00e1rea Salud, el Alcalde destac\u00f3 la certificaci\u00f3n de parte del Ministerio de Salud del cumplimiento de las metas sanitarias de la red de salud, llegando el Cesfam Segismundo Iturra al 98,3% y para el Cesfam Curim\u00f3n en un 99%. Ambas instituciones se posicionan dentro del primer tramo de salud, reafirmando un liderazgo t\u00e9cnico a nivel regional.<\/p>\n<p>En el \u00e1rea de Planificaci\u00f3n y Desarrollo Territorial el alcalde plante\u00f3 que este tema responde a varios objetivos estrat\u00e9gicos que son el saneamiento sanitario y el trabajo en torno a los espacios p\u00fablicos \u00e1reas verdes y parques, donde destaca el mejoramiento del alumbrado p\u00fablico de la comuna, por un valor de $750 millones y el recambio de cerca de 1.000 luminarias al nuevo sistema LED, por medio de contratos de mantenci\u00f3n de luminarias municipales, a lo que se suma la adquisici\u00f3n de m\u00e1quinas de ejercicio para trece sectores de la comuna y juegos infantiles para personas con necesidades especiales aportados por Circular 33.<\/p>\n<p>Adem\u00e1s, el alcalde destac\u00f3 la adjudicaci\u00f3n de recursos cercanos a los $50 millones para la construcci\u00f3n del Paseo de Artesanos, que permitir\u00e1 recuperar el importante espacio p\u00fablico de la terraza de la Plaza de Armas. Adem\u00e1s con recursos de la Subdere, cercanos a los $33 millones se logr\u00f3 dar vida a la multicancha del sector de La Troya, a lo que se suma la construcci\u00f3n de camarines y obras complementarias en el sector de Villa San Camilo y la reposici\u00f3n de las obras de pavimentaci\u00f3n de Calle San Francisco, por un monto cercamos a los doscientos $5 millones.<\/p>\n<p><strong>\u00a0MEJORAS EN\u00a0LAS ESCUELAS<\/strong><\/p>\n<p>Tambi\u00e9n las escuelas han sido parte de este mejoramiento, donde destaca el gimnasio del Liceo Corina Urbina, por un monto superior a los $353 millones y la adquisici\u00f3n de equipos de amplificaci\u00f3n para el teatro del Liceo Roberto Humeres por casi $20 millones.<\/p>\n<p>Asimismo record\u00f3 que la comuna est\u00e1 siendo objeto de un proceso de transformaci\u00f3n espacial y social, expresado principalmente en fen\u00f3menos de concentraci\u00f3n y aumento de poblaci\u00f3n, diversificaci\u00f3n econ\u00f3mica, especializaci\u00f3n de los usos de suelo, densificaci\u00f3n del centro urbano y demandas de localizaci\u00f3n que tienden a generar un nuevo escenario urbano, por lo que adquieren importancia el Plan de Desarrollo Comunal y el Plan Regulador Comunal, instrumento que busca valorizar la base ambiental y patrimonial de la comuna y de los centros urbanos secundarios, como Curim\u00f3n y San Rafael y en este punto coment\u00f3 lo referido al proyecto de estacionamientos subterr\u00e1neos, se\u00f1alando que en la actualidad el municipio se encuentra en la b\u00fasqueda del mejor proyecto para la comuna y se continuar\u00e1 defendiendo los intereses tanto de esta corporaci\u00f3n como de los vecinos ante los Tribunales de Justicia.<\/p>\n<p><strong>\u00a0PLANES MAESTROS<\/strong><\/p>\n<p>Adem\u00e1s el edil se refiri\u00f3 al proyecto de Circunvalaci\u00f3n de San Felipe, el que se encuentra en la etapa de evaluaci\u00f3n de la propuesta y a trav\u00e9s de la Mesa Territorial, el municipio est\u00e1 realizando las observaciones correspondientes. A lo que se suma el estudio de an\u00e1lisis y desarrollo del Plan Maestro de Gesti\u00f3n de Tr\u00e1nsito que busca desarrollar medidas de gesti\u00f3n de tr\u00e1nsito y el Plan Maestro General Borde Estero, el que propone la intervenci\u00f3n del borde sur del estero de Quilpu\u00e9 para transformarlo en un parque urbano, que mejore la calidad de vida de los barrios pr\u00f3ximos y de la comuna en general.<\/p>\n<p>En el \u00e1rea Social, el Alcalde Freire destac\u00f3 los niveles de participaci\u00f3n ciudadana, lo que permiti\u00f3 contar con informaci\u00f3n diagn\u00f3stica actualizada de los distintos sectores, tanto rurales como urbanos de la comuna, desde la voz de los mismos actores sociales del territorio. Esta instancia permiti\u00f3 levantar informaci\u00f3n para potenciar las pol\u00edticas de desarrollo local y generar una carpeta de prioridades en la comuna.<\/p>\n<p>El jefe comunal continu\u00f3 revisando los distintos temas como Ficha Social; la oficina de la Vivienda; Seguridad P\u00fablica; Subsidios; la Oficina de Recreaci\u00f3n y Cultura; el Departamento de Deportes; OPD, Oficina de la Mujer y Adulto Mayor.<\/p>\n<p>Tambi\u00e9n destac\u00f3 el \u00e1rea de Fomento Productivo y Turismo, revisando el trabajo que se realiz\u00f3 el a\u00f1o pasado en temas como la Omil, Turismo y Prodesal para finalizar con el \u00e1rea de Medio Ambiente, donde destac\u00f3 el Programa de Forestaci\u00f3n urbana y el servicio de recolecci\u00f3n, aseo, barrido y disposici\u00f3n final y en este punto manifest\u00f3 que se llamar\u00e1 a licitaci\u00f3n un servicio con mayor cobertura en la zona urbana de la comuna y as\u00ed mejorar cuantitativa y cualitativamente la calidad del servicio.<\/p>\n<p><strong>EDIL AGRADECIDO<\/strong><\/p>\n<p>El Alcalde Freire finaliz\u00f3 su cuenta p\u00fablica agradeciendo a los vecinos, al Concejo Municipal por haber desarrollado un trabajo transversal y pensando en mejorar la calidad de vida de los sanfelipe\u00f1os, al Consejo Regional, que ha permitido la aprobaci\u00f3n de importantes proyecto para la comuna, a los funcionarios municipales y sus familias, y a su propia familia, que lo ha apoyado incondicionalmente en esta misi\u00f3n que le encargaron los vecinos, sostuvo.<\/p>\n<p>\u00abEsta es mi primera Cuenta P\u00fablica del a\u00f1o 2013 y estamos muy contentos, porque estamos haciendo una ciudad con una participaci\u00f3n ciudadana y eso nos est\u00e1 marcando un antes y un despu\u00e9s. Hemos golpeado cada puerta de los ministerios buscando recursos, porque San Felipe no puede esperar. Tenemos carencias y muchos sue\u00f1os, queremos un parque urbano, queremos un estadio, las veredas del damero central y estamos trabajando en forma gradual y responsable para concretarlo y para eso tenemos un equipo de profesionales enfocados en las distintas iniciativas, porque estos son los sue\u00f1os de los sanfelipe\u00f1os\u00bb, enfatiz\u00f3 el jefe comunal.<\/p>\n<p>&nbsp;<\/p>\n","protected":false},"excerpt":{"rendered":"<p>Con el objetivo de dar cuenta al Concejo Municipal de la gesti\u00f3n realizada el a\u00f1o 2013, el Alcalde Patricio Freire rindi\u00f3 su cuenta p\u00fablica, dando a conocer el estado de la situaci\u00f3n&#8230;<\/p>\n","protected":false},"author":482,"featured_media":45942,"comment_status":"open","ping_status":"closed","sticky":false,"template":"","format":"standard","meta":{"advanced_seo_description":"","jetpack_seo_html_title":"","jetpack_seo_noindex":false,"_jetpack_memberships_contains_paid_content":false,"footnotes":""},"categories":[15],"tags":[],"class_list":["post-45941","post","type-post","status-publish","format-standard","has-post-thumbnail","hentry","category-comunidad"],"jetpack_featured_media_url":"https:\/\/i0.wp.com\/eltrabajo.cl\/portal\/wp-content\/uploads\/2014\/04\/Cuenta1.jpg?fit=529%2C724&ssl=1","jetpack_sharing_enabled":true,"jetpack_likes_enabled":true,"jetpack-related-posts":[],"_links":{"self":[{"href":"https:\/\/eltrabajo.cl\/portal\/wp-json\/wp\/v2\/posts\/45941","targetHints":{"allow":["GET"]}}],"collection":[{"href":"https:\/\/eltrabajo.cl\/portal\/wp-json\/wp\/v2\/posts"}],"about":[{"href":"https:\/\/eltrabajo.cl\/portal\/wp-json\/wp\/v2\/types\/post"}],"author":[{"embeddable":true,"href":"https:\/\/eltrabajo.cl\/portal\/wp-json\/wp\/v2\/users\/482"}],"replies":[{"embeddable":true,"href":"https:\/\/eltrabajo.cl\/portal\/wp-json\/wp\/v2\/comments?post=45941"}],"version-history":[{"count":0,"href":"https:\/\/eltrabajo.cl\/portal\/wp-json\/wp\/v2\/posts\/45941\/revisions"}],"wp:featuredmedia":[{"embeddable":true,"href":"https:\/\/eltrabajo.cl\/portal\/wp-json\/wp\/v2\/media\/45942"}],"wp:attachment":[{"href":"https:\/\/eltrabajo.cl\/portal\/wp-json\/wp\/v2\/media?parent=45941"}],"wp:term":[{"taxonomy":"category","embeddable":true,"href":"https:\/\/eltrabajo.cl\/portal\/wp-json\/wp\/v2\/categories?post=45941"},{"taxonomy":"post_tag","embeddable":true,"href":"https:\/\/eltrabajo.cl\/portal\/wp-json\/wp\/v2\/tags?post=45941"}],"curies":[{"name":"wp","href":"https:\/\/api.w.org\/{rel}","templated":true}]}}