{"id":45971,"date":"2014-04-29T09:14:19","date_gmt":"2014-04-29T13:14:19","guid":{"rendered":"http:\/\/www.eltrabajo.cl\/portal\/?p=45971"},"modified":"2014-04-29T09:14:19","modified_gmt":"2014-04-29T13:14:19","slug":"sanfelipenos-sudaron-en-la-zumbaton-a-beneficio-de-damnificados","status":"publish","type":"post","link":"https:\/\/eltrabajo.cl\/portal\/sanfelipenos-sudaron-en-la-zumbaton-a-beneficio-de-damnificados\/","title":{"rendered":"Sanfelipe\u00f1os sudaron en la zumbat\u00f3n a beneficio de damnificados"},"content":{"rendered":"<figure id=\"attachment_45972\" aria-describedby=\"caption-attachment-45972\" style=\"width: 529px\" class=\"wp-caption alignnone\"><a href=\"https:\/\/i0.wp.com\/www.eltrabajo.cl\/portal\/wp-content\/uploads\/2014\/04\/Zumba1.jpg\"><img data-recalc-dims=\"1\" loading=\"lazy\" decoding=\"async\" class=\"size-full wp-image-45972\" alt=\"En la actividad de este domingo estuvo presente adem\u00e1s Senda Previene y el Cesfam Segismundo Iturra.\" src=\"https:\/\/i0.wp.com\/www.eltrabajo.cl\/portal\/wp-content\/uploads\/2014\/04\/Zumba1.jpg?resize=529%2C278\" width=\"529\" height=\"278\" srcset=\"https:\/\/i0.wp.com\/eltrabajo.cl\/portal\/wp-content\/uploads\/2014\/04\/Zumba1.jpg?w=529&amp;ssl=1 529w, https:\/\/i0.wp.com\/eltrabajo.cl\/portal\/wp-content\/uploads\/2014\/04\/Zumba1.jpg?resize=200%2C105&amp;ssl=1 200w, https:\/\/i0.wp.com\/eltrabajo.cl\/portal\/wp-content\/uploads\/2014\/04\/Zumba1.jpg?resize=300%2C157&amp;ssl=1 300w, https:\/\/i0.wp.com\/eltrabajo.cl\/portal\/wp-content\/uploads\/2014\/04\/Zumba1.jpg?resize=150%2C78&amp;ssl=1 150w, https:\/\/i0.wp.com\/eltrabajo.cl\/portal\/wp-content\/uploads\/2014\/04\/Zumba1.jpg?resize=400%2C210&amp;ssl=1 400w\" sizes=\"auto, (max-width: 529px) 100vw, 529px\" \/><\/a><figcaption id=\"caption-attachment-45972\" class=\"wp-caption-text\">En la actividad de este domingo estuvo presente adem\u00e1s Senda Previene y el Cesfam Segismundo Iturra.<\/figcaption><\/figure>\n<p>Cientos de personas llegaron este domingo 27 de abril hasta el gimnasio del Liceo Roberto Humeres, donde se realiz\u00f3 la gran zumbat\u00f3n, organizada por la Municipalidad de San Felipe y que buscaba reunir aportes para ir en ayuda de los damnificados de Valpara\u00edso y de la zona norte. La iniciativa logr\u00f3 reunir m\u00e1s de $500.000 y una importante cantidad de alimentos no perecederos, \u00fatiles escolares y de aseo, los que ser\u00e1n enviados hacia las localidades afectadas por el terremoto en el norte del pa\u00eds y a Valpara\u00edso, en una actividad que reuni\u00f3 la solidaridad y la vida sana en torno al deporte.<\/p>\n<p>\u201cEstamos muy contentos por la convocatoria a esta zumbat\u00f3n, los recursos que se reunieron ser\u00e1n una ayuda a nuestros hermanos de Valpara\u00edso y del norte del pa\u00eds, que tanto lo necesitan\u201d, se\u00f1al\u00f3 el Alcalde Patricio Freire, quien tambi\u00e9n bail\u00f3 al ritmo de la m\u00fasica.<\/p>\n<p>\u201cUna cosa importante fueron los recursos econ\u00f3micos que recaudamos y otra fueron las especies como alimentos y art\u00edculos de aseo, pero adem\u00e1s lo importante es hacer en conjunto estas actividades con organismos y sanfelipe\u00f1os, como Pablo Osorio, quien es el instructor y quien hoy d\u00eda est\u00e1 haciendo de la zumba una actividad linda que est\u00e1 aglomerando a mucha gente en San Felipe\u201d.<\/p>\n<p>Los participantes, algunos acompa\u00f1ados de toda su familia, realizaron ejercicio f\u00edsico por cuatro horas al ritmo de la m\u00fasica y con una importante cantidad de instructores, actividad que contempl\u00f3 la participaci\u00f3n del Grupo C4. Esta es una de las actividades organizadas por la Mesa de Promoci\u00f3n de la Salud, instancia donde se sumar\u00e1 Pablo Osorio para potenciar la actividad f\u00edsica entre los vecinos.<\/p>\n<p>\u201cTenemos hartos planes de seguir y mover la comuna de San Felipe, queremos sacar a las due\u00f1as de casa y que hagan actividad f\u00edsica y se est\u00e1 cumpliendo el objetivo porque de a poco hemos visto que la gente est\u00e1 participando y se siente identificada con este fen\u00f3meno que es la zumba. Como Municipio y en conjunto con el Gimnasio Workout hacemos zumba al aire libre donde llegan aproximadamente unas 200 personas\u201d, se\u00f1al\u00f3 el instructor.<\/p>\n<p>&nbsp;<\/p>\n","protected":false},"excerpt":{"rendered":"<p>Cientos de personas llegaron este domingo 27 de abril hasta el gimnasio del Liceo Roberto Humeres, donde se realiz\u00f3 la gran zumbat\u00f3n, organizada por la Municipalidad de San Felipe y que buscaba&#8230;<\/p>\n","protected":false},"author":482,"featured_media":45972,"comment_status":"open","ping_status":"closed","sticky":false,"template":"","format":"standard","meta":{"advanced_seo_description":"","jetpack_seo_html_title":"","jetpack_seo_noindex":false,"_jetpack_memberships_contains_paid_content":false,"footnotes":""},"categories":[15],"tags":[],"class_list":["post-45971","post","type-post","status-publish","format-standard","has-post-thumbnail","hentry","category-comunidad"],"jetpack_featured_media_url":"https:\/\/i0.wp.com\/eltrabajo.cl\/portal\/wp-content\/uploads\/2014\/04\/Zumba1.jpg?fit=529%2C278&ssl=1","jetpack_sharing_enabled":true,"jetpack_likes_enabled":true,"jetpack-related-posts":[],"_links":{"self":[{"href":"https:\/\/eltrabajo.cl\/portal\/wp-json\/wp\/v2\/posts\/45971","targetHints":{"allow":["GET"]}}],"collection":[{"href":"https:\/\/eltrabajo.cl\/portal\/wp-json\/wp\/v2\/posts"}],"about":[{"href":"https:\/\/eltrabajo.cl\/portal\/wp-json\/wp\/v2\/types\/post"}],"author":[{"embeddable":true,"href":"https:\/\/eltrabajo.cl\/portal\/wp-json\/wp\/v2\/users\/482"}],"replies":[{"embeddable":true,"href":"https:\/\/eltrabajo.cl\/portal\/wp-json\/wp\/v2\/comments?post=45971"}],"version-history":[{"count":0,"href":"https:\/\/eltrabajo.cl\/portal\/wp-json\/wp\/v2\/posts\/45971\/revisions"}],"wp:featuredmedia":[{"embeddable":true,"href":"https:\/\/eltrabajo.cl\/portal\/wp-json\/wp\/v2\/media\/45972"}],"wp:attachment":[{"href":"https:\/\/eltrabajo.cl\/portal\/wp-json\/wp\/v2\/media?parent=45971"}],"wp:term":[{"taxonomy":"category","embeddable":true,"href":"https:\/\/eltrabajo.cl\/portal\/wp-json\/wp\/v2\/categories?post=45971"},{"taxonomy":"post_tag","embeddable":true,"href":"https:\/\/eltrabajo.cl\/portal\/wp-json\/wp\/v2\/tags?post=45971"}],"curies":[{"name":"wp","href":"https:\/\/api.w.org\/{rel}","templated":true}]}}