{"id":45979,"date":"2014-04-29T09:26:45","date_gmt":"2014-04-29T13:26:45","guid":{"rendered":"http:\/\/www.eltrabajo.cl\/portal\/?p=45979"},"modified":"2014-04-29T09:26:45","modified_gmt":"2014-04-29T13:26:45","slug":"rinden-homenaje-a-carabineros-en-la-escuela-independencia","status":"publish","type":"post","link":"https:\/\/eltrabajo.cl\/portal\/rinden-homenaje-a-carabineros-en-la-escuela-independencia\/","title":{"rendered":"Rinden homenaje a Carabineros en la Escuela Independencia"},"content":{"rendered":"<figure id=\"attachment_45980\" aria-describedby=\"caption-attachment-45980\" style=\"width: 528px\" class=\"wp-caption alignnone\"><a href=\"https:\/\/i0.wp.com\/www.eltrabajo.cl\/portal\/wp-content\/uploads\/2014\/04\/Celebracion1.jpg\"><img data-recalc-dims=\"1\" loading=\"lazy\" decoding=\"async\" class=\"size-full wp-image-45980\" alt=\"La Escuela Independencia consta de una matr\u00edcula de 130 alumnos, desde pre-kinder a octavo a\u00f1o b\u00e1sico, en su mayor\u00eda menores del sector La Pirca.\" src=\"https:\/\/i0.wp.com\/www.eltrabajo.cl\/portal\/wp-content\/uploads\/2014\/04\/Celebracion1.jpg?resize=528%2C298\" width=\"528\" height=\"298\" srcset=\"https:\/\/i0.wp.com\/eltrabajo.cl\/portal\/wp-content\/uploads\/2014\/04\/Celebracion1.jpg?w=528&amp;ssl=1 528w, https:\/\/i0.wp.com\/eltrabajo.cl\/portal\/wp-content\/uploads\/2014\/04\/Celebracion1.jpg?resize=200%2C112&amp;ssl=1 200w, https:\/\/i0.wp.com\/eltrabajo.cl\/portal\/wp-content\/uploads\/2014\/04\/Celebracion1.jpg?resize=300%2C169&amp;ssl=1 300w, https:\/\/i0.wp.com\/eltrabajo.cl\/portal\/wp-content\/uploads\/2014\/04\/Celebracion1.jpg?resize=150%2C84&amp;ssl=1 150w, https:\/\/i0.wp.com\/eltrabajo.cl\/portal\/wp-content\/uploads\/2014\/04\/Celebracion1.jpg?resize=400%2C225&amp;ssl=1 400w\" sizes=\"auto, (max-width: 528px) 100vw, 528px\" \/><\/a><figcaption id=\"caption-attachment-45980\" class=\"wp-caption-text\">La Escuela Independencia consta de una matr\u00edcula de 130 alumnos, desde pre-kinder a octavo a\u00f1o b\u00e1sico, en su mayor\u00eda menores del sector La Pirca.<\/figcaption><\/figure>\n<p><strong>PANQUEHUE.<\/strong>&#8211; El escenario elegido para el homenaje a Carabineros en su 87\u00ba aniversario, fue la Escuela Independencia, ubicada en el sector La Pirca, donde estudiantes de distintos niveles, inclusive los menores que integran el Programa Yo Vivo, destacaron el rol de la instituci\u00f3n y el valor de servicio de sus integrantes.<\/p>\n<p>El director de la escuela, Francisco Delgado, destac\u00f3 que \u201cpara nosotros como escuela es muy importante recalcar estos hitos para la historia del pa\u00eds, asimismo es muy significativo que cada a\u00f1o reconozcamos en un par de minutos la labor de esta importante instituci\u00f3n\u201d.<\/p>\n<p>Posteriormente alumnos de varios cursos hicieron la presentaci\u00f3n de poes\u00edas y parte de la historia de Carabineros, para concluir con la entonaci\u00f3n de su Himno Institucional.<\/p>\n<p>La actividad cont\u00f3 con la presencia del Jefe del Reten de Carabineros de Panquehue, Suboficial Mayor Marcos Flores, quien indico que para \u00e9l es una actividad muy emotiva, pues est\u00e1 a s\u00f3lo dos meses de acogerse a retiro.<\/p>\n<p>\u201cFue una actividad muy emotiva y para mi es el \u00faltimo 27 de abril como funcionario de Carabineros activo, ya que estoy a s\u00f3lo dos meses de acogerme a Retiro, quiero destacar y valorar lo que han hecho estos estudiantes al reconocer a nuestra instituci\u00f3n\u201d.<\/p>\n<p>Para el Alcalde Luis Pradenas, este reconocimiento tiene doble significado, pues por 23 a\u00f1os visti\u00f3 el uniforme de Carabineros de Chile, llegando al grado de Mayor en la segunda Comisar\u00eda de San Felipe.<\/p>\n<p>\u201cConozco muy de cerca esta instituci\u00f3n, una de las m\u00e1s prestigiadas, y ahora la estoy conociendo en mi faceta de civil y cada vez me convenzo m\u00e1s que es una instituci\u00f3n muy necesaria para el pa\u00eds y por lo mismo es la tradici\u00f3n de toda escuela, en hacer un reconocimiento a Carabineros. Son 87 a\u00f1os al servicio de nuestro pa\u00eds, es una gran instituci\u00f3n, que la llevo dentro de mi coraz\u00f3n\u201d.<\/p>\n<p>La Escuela Independencia consta de una matr\u00edcula de 130 alumnos, desde pre-kinder a octavo a\u00f1o b\u00e1sico, en su mayor\u00eda menores del sector La Pirca de la comuna de Panquehue. Asimismo la actividad cont\u00f3 con la asistencia de los concejales Elvira Ahumada, Patricio Morales y Gonzalo Vergara.<\/p>\n<p>&nbsp;<\/p>\n","protected":false},"excerpt":{"rendered":"<p>PANQUEHUE.&#8211; El escenario elegido para el homenaje a Carabineros en su 87\u00ba aniversario, fue la Escuela Independencia, ubicada en el sector La Pirca, donde estudiantes de distintos niveles, inclusive los menores que&#8230;<\/p>\n","protected":false},"author":482,"featured_media":45980,"comment_status":"open","ping_status":"closed","sticky":false,"template":"","format":"standard","meta":{"advanced_seo_description":"","jetpack_seo_html_title":"","jetpack_seo_noindex":false,"_jetpack_memberships_contains_paid_content":false,"footnotes":""},"categories":[15],"tags":[],"class_list":["post-45979","post","type-post","status-publish","format-standard","has-post-thumbnail","hentry","category-comunidad"],"jetpack_featured_media_url":"https:\/\/i0.wp.com\/eltrabajo.cl\/portal\/wp-content\/uploads\/2014\/04\/Celebracion1.jpg?fit=528%2C298&ssl=1","jetpack_sharing_enabled":true,"jetpack_likes_enabled":true,"jetpack-related-posts":[],"_links":{"self":[{"href":"https:\/\/eltrabajo.cl\/portal\/wp-json\/wp\/v2\/posts\/45979","targetHints":{"allow":["GET"]}}],"collection":[{"href":"https:\/\/eltrabajo.cl\/portal\/wp-json\/wp\/v2\/posts"}],"about":[{"href":"https:\/\/eltrabajo.cl\/portal\/wp-json\/wp\/v2\/types\/post"}],"author":[{"embeddable":true,"href":"https:\/\/eltrabajo.cl\/portal\/wp-json\/wp\/v2\/users\/482"}],"replies":[{"embeddable":true,"href":"https:\/\/eltrabajo.cl\/portal\/wp-json\/wp\/v2\/comments?post=45979"}],"version-history":[{"count":0,"href":"https:\/\/eltrabajo.cl\/portal\/wp-json\/wp\/v2\/posts\/45979\/revisions"}],"wp:featuredmedia":[{"embeddable":true,"href":"https:\/\/eltrabajo.cl\/portal\/wp-json\/wp\/v2\/media\/45980"}],"wp:attachment":[{"href":"https:\/\/eltrabajo.cl\/portal\/wp-json\/wp\/v2\/media?parent=45979"}],"wp:term":[{"taxonomy":"category","embeddable":true,"href":"https:\/\/eltrabajo.cl\/portal\/wp-json\/wp\/v2\/categories?post=45979"},{"taxonomy":"post_tag","embeddable":true,"href":"https:\/\/eltrabajo.cl\/portal\/wp-json\/wp\/v2\/tags?post=45979"}],"curies":[{"name":"wp","href":"https:\/\/api.w.org\/{rel}","templated":true}]}}