{"id":45982,"date":"2014-04-29T09:30:21","date_gmt":"2014-04-29T13:30:21","guid":{"rendered":"http:\/\/www.eltrabajo.cl\/portal\/?p=45982"},"modified":"2014-04-29T09:30:21","modified_gmt":"2014-04-29T13:30:21","slug":"se-inicia-entrega-de-pase-adulto-mayor-en-aconcagua","status":"publish","type":"post","link":"https:\/\/eltrabajo.cl\/portal\/se-inicia-entrega-de-pase-adulto-mayor-en-aconcagua\/","title":{"rendered":"Se inicia entrega de Pase Adulto Mayor en Aconcagua"},"content":{"rendered":"<figure id=\"attachment_45983\" aria-describedby=\"caption-attachment-45983\" style=\"width: 423px\" class=\"wp-caption alignleft\"><a href=\"https:\/\/i0.wp.com\/www.eltrabajo.cl\/portal\/wp-content\/uploads\/2014\/04\/Pase3.jpg\"><img data-recalc-dims=\"1\" loading=\"lazy\" decoding=\"async\" class=\" wp-image-45983 \" alt=\"El Pase del Adulto Mayor 2014 les permite viajar en la locomoci\u00f3n colectiva mayor, con una tarifa rebajada, seg\u00fan el destino de viaje y la l\u00ednea de buses.\" src=\"https:\/\/i0.wp.com\/www.eltrabajo.cl\/portal\/wp-content\/uploads\/2014\/04\/Pase3.jpg?resize=423%2C330\" width=\"423\" height=\"330\" srcset=\"https:\/\/i0.wp.com\/eltrabajo.cl\/portal\/wp-content\/uploads\/2014\/04\/Pase3.jpg?w=529&amp;ssl=1 529w, https:\/\/i0.wp.com\/eltrabajo.cl\/portal\/wp-content\/uploads\/2014\/04\/Pase3.jpg?resize=192%2C150&amp;ssl=1 192w, https:\/\/i0.wp.com\/eltrabajo.cl\/portal\/wp-content\/uploads\/2014\/04\/Pase3.jpg?resize=300%2C233&amp;ssl=1 300w, https:\/\/i0.wp.com\/eltrabajo.cl\/portal\/wp-content\/uploads\/2014\/04\/Pase3.jpg?resize=150%2C116&amp;ssl=1 150w, https:\/\/i0.wp.com\/eltrabajo.cl\/portal\/wp-content\/uploads\/2014\/04\/Pase3.jpg?resize=400%2C311&amp;ssl=1 400w\" sizes=\"auto, (max-width: 423px) 100vw, 423px\" \/><\/a><figcaption id=\"caption-attachment-45983\" class=\"wp-caption-text\">El Pase del Adulto Mayor 2014 les permite viajar en la locomoci\u00f3n colectiva mayor, con una tarifa rebajada, seg\u00fan el destino de viaje y la l\u00ednea de buses.<\/figcaption><\/figure>\n<p>Con la presencia del Gobernador Eduardo Le\u00f3n, los alcaldes de Catemu, Panquehue y Putaendo, adem\u00e1s del presidente de la Federaci\u00f3n de Transporte Colectivo Mayor de la Provincia de Aconcagua, se entreg\u00f3 el Pase del Adulto Mayor 2014, el cual les permite viajar en la locomoci\u00f3n colectiva mayor, con una tarifa rebajada, seg\u00fan el destino de viaje y la l\u00ednea de buses.<\/p>\n<p>Para el Presidente de la Federaci\u00f3n, Alex Vera S\u00e1nchez, \u201ces parte de la responsabilidad social empresarial, dando un aporte importante a los adultos mayores sobre los 60 a\u00f1os\u201d. El a\u00f1o pasado este beneficio, que se entrega a los adultos mayores, benefici\u00f3 a m\u00e1s de 2.000 personas, lo cual es realmente importante, comprendiendo que este ben\u00e9fico se traduce en una tarifa rebajada y por tanto un significativo ahorro para ellos.<\/p>\n<p>As\u00ed por ejemplo, para una persona que vive en la Comuna de Catemu o Llay Llay, la tarifa adulta es de $900, sin embargo quienes poseen esta tarjeta, hoy en d\u00eda s\u00f3lo pagar\u00e1 450 pesos.<\/p>\n<p>Asimismo, el Gobernador Eduardo Le\u00f3n manifest\u00f3 que esta iniciativa se desarrolla en la zona desde el a\u00f1o 2000, adem\u00e1s agradeci\u00f3 a la federaci\u00f3n dando a conocer que \u201cse continuar\u00e1 con la misma mec\u00e1nica, la gobernaci\u00f3n seguir\u00e1 coordinando con el municipio de cada comuna para inscribir a los adulto mayores y obtener el Pase Adulto Mayor a la brevedad\u201d, dijo Le\u00f3n.<\/p>\n<p>El principal requisito es tener 60 a\u00f1os de edad (mujeres y varones) y cancelar $6.000, que es el costo del Pase. El periodo de inscripci\u00f3n va desde mediados de marzo hasta fines de abril de cada a\u00f1o. Se destaca el aporte de la comuna de Santa Mar\u00eda, la que subvenciona el 50% del valor del Pase a los Adultos Mayores. En la Provincia el a\u00f1o 2013 se entregaron m\u00e1s de 1.500 Pases.<\/p>\n<p>Este Pase les sirve para las empresas adscritas a la Federaci\u00f3n de Transporte Colectivo Mayor de las Provincias de Aconcagua, compuesta por Buses Puma, Buses Vera Arcos y Buses Portus, a partir del 2008 se incorpora la Federaci\u00f3n de Transporte Rurales Quinta Regi\u00f3n A.G., Fetrag con las empresas Sol del Pacifico, La Porte\u00f1a y D\u2019hinos.<\/p>\n<div class=\"tiled-gallery type-rectangular tiled-gallery-unresized\" data-original-width=\"640\" data-carousel-extra='null' itemscope itemtype=\"http:\/\/schema.org\/ImageGallery\" > <div class=\"gallery-row\" style=\"width: 640px; height: 281px;\" data-original-width=\"640\" data-original-height=\"281\" > <div class=\"gallery-group images-1\" style=\"width: 271px; height: 281px;\" data-original-width=\"271\" data-original-height=\"281\" > <div class=\"tiled-gallery-item tiled-gallery-item-large\" itemprop=\"associatedMedia\" itemscope itemtype=\"http:\/\/schema.org\/ImageObject\"> <a href=\"https:\/\/eltrabajo.cl\/portal\/se-inicia-entrega-de-pase-adulto-mayor-en-aconcagua\/eduardo-leon-5\/\" border=\"0\" itemprop=\"url\"> <meta itemprop=\"width\" content=\"267\"> <meta itemprop=\"height\" content=\"277\"> <img decoding=\"async\" class=\"\" data-attachment-id=\"45984\" data-orig-file=\"https:\/\/eltrabajo.cl\/portal\/wp-content\/uploads\/2014\/04\/Eduardo-Leon.jpg\" data-orig-size=\"529,549\" data-comments-opened=\"1\" data-image-meta=\"{&quot;aperture&quot;:&quot;2.8&quot;,&quot;credit&quot;:&quot;&quot;,&quot;camera&quot;:&quot;COOLPIX P90&quot;,&quot;caption&quot;:&quot;&quot;,&quot;created_timestamp&quot;:&quot;1398342067&quot;,&quot;copyright&quot;:&quot;&quot;,&quot;focal_length&quot;:&quot;4.6&quot;,&quot;iso&quot;:&quot;400&quot;,&quot;shutter_speed&quot;:&quot;0.04950495049505&quot;,&quot;title&quot;:&quot;&quot;}\" data-image-title=\"Eduardo Leon\" data-image-description=\"&lt;p&gt;El Gobernador Eduardo Le\u00f3n manifest\u00f3 que esta iniciativa se desarrolla en la zona desde el a\u00f1o 2000.&lt;\/p&gt; \" data-medium-file=\"https:\/\/i0.wp.com\/eltrabajo.cl\/portal\/wp-content\/uploads\/2014\/04\/Eduardo-Leon.jpg?fit=289%2C300&#038;ssl=1\" data-large-file=\"https:\/\/i0.wp.com\/eltrabajo.cl\/portal\/wp-content\/uploads\/2014\/04\/Eduardo-Leon.jpg?fit=529%2C549&#038;ssl=1\" src=\"https:\/\/i0.wp.com\/eltrabajo.cl\/portal\/wp-content\/uploads\/2014\/04\/Eduardo-Leon.jpg?w=267&#038;h=277&#038;ssl=1\" srcset=\"https:\/\/i0.wp.com\/eltrabajo.cl\/portal\/wp-content\/uploads\/2014\/04\/Eduardo-Leon.jpg?w=529&amp;ssl=1 529w, https:\/\/i0.wp.com\/eltrabajo.cl\/portal\/wp-content\/uploads\/2014\/04\/Eduardo-Leon.jpg?resize=144%2C150&amp;ssl=1 144w, https:\/\/i0.wp.com\/eltrabajo.cl\/portal\/wp-content\/uploads\/2014\/04\/Eduardo-Leon.jpg?resize=289%2C300&amp;ssl=1 289w, https:\/\/i0.wp.com\/eltrabajo.cl\/portal\/wp-content\/uploads\/2014\/04\/Eduardo-Leon.jpg?resize=400%2C415&amp;ssl=1 400w\" width=\"267\" height=\"277\" loading=\"lazy\" data-original-width=\"267\" data-original-height=\"277\" itemprop=\"http:\/\/schema.org\/image\" title=\"Eduardo Leon\" alt=\"El Gobernador Eduardo Le\u00f3n manifest\u00f3 que esta iniciativa se desarrolla en la zona desde el a\u00f1o 2000.\" style=\"width: 267px; height: 277px;\" \/> <\/a> <div class=\"tiled-gallery-caption\" itemprop=\"caption description\"> El Gobernador Eduardo Le\u00f3n manifest\u00f3 que esta iniciativa se desarrolla en la zona desde el a\u00f1o 2000. <\/div> <\/div> <\/div> <!-- close group --> <div class=\"gallery-group images-1\" style=\"width: 369px; height: 281px;\" data-original-width=\"369\" data-original-height=\"281\" > <div class=\"tiled-gallery-item tiled-gallery-item-large\" itemprop=\"associatedMedia\" itemscope itemtype=\"http:\/\/schema.org\/ImageObject\"> <a href=\"https:\/\/eltrabajo.cl\/portal\/se-inicia-entrega-de-pase-adulto-mayor-en-aconcagua\/pase2\/\" border=\"0\" itemprop=\"url\"> <meta itemprop=\"width\" content=\"365\"> <meta itemprop=\"height\" content=\"277\"> <img decoding=\"async\" class=\"\" data-attachment-id=\"45985\" data-orig-file=\"https:\/\/eltrabajo.cl\/portal\/wp-content\/uploads\/2014\/04\/Pase2.jpg\" data-orig-size=\"529,401\" data-comments-opened=\"1\" data-image-meta=\"{&quot;aperture&quot;:&quot;3.2&quot;,&quot;credit&quot;:&quot;&quot;,&quot;camera&quot;:&quot;COOLPIX P90&quot;,&quot;caption&quot;:&quot;&quot;,&quot;created_timestamp&quot;:&quot;1398341833&quot;,&quot;copyright&quot;:&quot;&quot;,&quot;focal_length&quot;:&quot;6.6&quot;,&quot;iso&quot;:&quot;400&quot;,&quot;shutter_speed&quot;:&quot;0.046082949308756&quot;,&quot;title&quot;:&quot;&quot;}\" data-image-title=\"Pase2\" data-image-description=\"&lt;p&gt;El a\u00f1o pasado este beneficio, que se entrega a los adultos mayores, benefici\u00f3 a m\u00e1s de 2.000 personas.&lt;\/p&gt; \" data-medium-file=\"https:\/\/i0.wp.com\/eltrabajo.cl\/portal\/wp-content\/uploads\/2014\/04\/Pase2.jpg?fit=300%2C227&#038;ssl=1\" data-large-file=\"https:\/\/i0.wp.com\/eltrabajo.cl\/portal\/wp-content\/uploads\/2014\/04\/Pase2.jpg?fit=529%2C401&#038;ssl=1\" src=\"https:\/\/i0.wp.com\/eltrabajo.cl\/portal\/wp-content\/uploads\/2014\/04\/Pase2.jpg?w=365&#038;h=277&#038;ssl=1\" srcset=\"https:\/\/i0.wp.com\/eltrabajo.cl\/portal\/wp-content\/uploads\/2014\/04\/Pase2.jpg?w=529&amp;ssl=1 529w, https:\/\/i0.wp.com\/eltrabajo.cl\/portal\/wp-content\/uploads\/2014\/04\/Pase2.jpg?resize=197%2C150&amp;ssl=1 197w, https:\/\/i0.wp.com\/eltrabajo.cl\/portal\/wp-content\/uploads\/2014\/04\/Pase2.jpg?resize=300%2C227&amp;ssl=1 300w, https:\/\/i0.wp.com\/eltrabajo.cl\/portal\/wp-content\/uploads\/2014\/04\/Pase2.jpg?resize=150%2C113&amp;ssl=1 150w, https:\/\/i0.wp.com\/eltrabajo.cl\/portal\/wp-content\/uploads\/2014\/04\/Pase2.jpg?resize=400%2C303&amp;ssl=1 400w\" width=\"365\" height=\"277\" loading=\"lazy\" data-original-width=\"365\" data-original-height=\"277\" itemprop=\"http:\/\/schema.org\/image\" title=\"Pase2\" alt=\"El a\u00f1o pasado este beneficio, que se entrega a los adultos mayores, benefici\u00f3 a m\u00e1s de 2.000 personas.\" style=\"width: 365px; height: 277px;\" \/> <\/a> <div class=\"tiled-gallery-caption\" itemprop=\"caption description\"> El a\u00f1o pasado este beneficio, que se entrega a los adultos mayores, benefici\u00f3 a m\u00e1s de 2.000 personas. <\/div> <\/div> <\/div> <!-- close group --> <\/div> <!-- close row --> <\/div>\n","protected":false},"excerpt":{"rendered":"<p>Con la presencia del Gobernador Eduardo Le\u00f3n, los alcaldes de Catemu, Panquehue y Putaendo, adem\u00e1s del presidente de la Federaci\u00f3n de Transporte Colectivo Mayor de la Provincia de Aconcagua, se entreg\u00f3 el&#8230;<\/p>\n","protected":false},"author":482,"featured_media":45983,"comment_status":"open","ping_status":"closed","sticky":false,"template":"","format":"standard","meta":{"advanced_seo_description":"","jetpack_seo_html_title":"","jetpack_seo_noindex":false,"_jetpack_memberships_contains_paid_content":false,"footnotes":""},"categories":[1],"tags":[],"class_list":["post-45982","post","type-post","status-publish","format-standard","has-post-thumbnail","hentry","category-cronica"],"jetpack_featured_media_url":"https:\/\/i0.wp.com\/eltrabajo.cl\/portal\/wp-content\/uploads\/2014\/04\/Pase3.jpg?fit=529%2C412&ssl=1","jetpack_sharing_enabled":true,"jetpack_likes_enabled":true,"jetpack-related-posts":[],"_links":{"self":[{"href":"https:\/\/eltrabajo.cl\/portal\/wp-json\/wp\/v2\/posts\/45982","targetHints":{"allow":["GET"]}}],"collection":[{"href":"https:\/\/eltrabajo.cl\/portal\/wp-json\/wp\/v2\/posts"}],"about":[{"href":"https:\/\/eltrabajo.cl\/portal\/wp-json\/wp\/v2\/types\/post"}],"author":[{"embeddable":true,"href":"https:\/\/eltrabajo.cl\/portal\/wp-json\/wp\/v2\/users\/482"}],"replies":[{"embeddable":true,"href":"https:\/\/eltrabajo.cl\/portal\/wp-json\/wp\/v2\/comments?post=45982"}],"version-history":[{"count":0,"href":"https:\/\/eltrabajo.cl\/portal\/wp-json\/wp\/v2\/posts\/45982\/revisions"}],"wp:featuredmedia":[{"embeddable":true,"href":"https:\/\/eltrabajo.cl\/portal\/wp-json\/wp\/v2\/media\/45983"}],"wp:attachment":[{"href":"https:\/\/eltrabajo.cl\/portal\/wp-json\/wp\/v2\/media?parent=45982"}],"wp:term":[{"taxonomy":"category","embeddable":true,"href":"https:\/\/eltrabajo.cl\/portal\/wp-json\/wp\/v2\/categories?post=45982"},{"taxonomy":"post_tag","embeddable":true,"href":"https:\/\/eltrabajo.cl\/portal\/wp-json\/wp\/v2\/tags?post=45982"}],"curies":[{"name":"wp","href":"https:\/\/api.w.org\/{rel}","templated":true}]}}