{"id":45989,"date":"2014-04-29T09:32:25","date_gmt":"2014-04-29T13:32:25","guid":{"rendered":"http:\/\/www.eltrabajo.cl\/portal\/?p=45989"},"modified":"2014-04-29T09:32:25","modified_gmt":"2014-04-29T13:32:25","slug":"aplicaran-plan-para-prevenir-el-suicidio-en-pacientes-del-psiquiatrico","status":"publish","type":"post","link":"https:\/\/eltrabajo.cl\/portal\/aplicaran-plan-para-prevenir-el-suicidio-en-pacientes-del-psiquiatrico\/","title":{"rendered":"Aplicar\u00e1n plan para prevenir el suicidio en pacientes del psiqui\u00e1trico"},"content":{"rendered":"<figure id=\"attachment_45990\" aria-describedby=\"caption-attachment-45990\" style=\"width: 528px\" class=\"wp-caption alignnone\"><a href=\"https:\/\/i0.wp.com\/www.eltrabajo.cl\/portal\/wp-content\/uploads\/2014\/04\/Suicidio1.jpg\"><img data-recalc-dims=\"1\" loading=\"lazy\" decoding=\"async\" class=\"size-full wp-image-45990\" alt=\"La Comisi\u00f3n de Protecci\u00f3n de los Derechos de las Personas con Discapacidad Mental, representantes de la comunidad; profesionales del Hospital Psiqui\u00e1trico y de la Direcci\u00f3n del Servicio de Salud Aconcagua, lideran este proyecto preventivo de salud mental.\" src=\"https:\/\/i0.wp.com\/www.eltrabajo.cl\/portal\/wp-content\/uploads\/2014\/04\/Suicidio1.jpg?resize=528%2C261\" width=\"528\" height=\"261\" srcset=\"https:\/\/i0.wp.com\/eltrabajo.cl\/portal\/wp-content\/uploads\/2014\/04\/Suicidio1.jpg?w=528&amp;ssl=1 528w, https:\/\/i0.wp.com\/eltrabajo.cl\/portal\/wp-content\/uploads\/2014\/04\/Suicidio1.jpg?resize=200%2C98&amp;ssl=1 200w, https:\/\/i0.wp.com\/eltrabajo.cl\/portal\/wp-content\/uploads\/2014\/04\/Suicidio1.jpg?resize=300%2C148&amp;ssl=1 300w, https:\/\/i0.wp.com\/eltrabajo.cl\/portal\/wp-content\/uploads\/2014\/04\/Suicidio1.jpg?resize=150%2C74&amp;ssl=1 150w, https:\/\/i0.wp.com\/eltrabajo.cl\/portal\/wp-content\/uploads\/2014\/04\/Suicidio1.jpg?resize=400%2C197&amp;ssl=1 400w\" sizes=\"auto, (max-width: 528px) 100vw, 528px\" \/><\/a><figcaption id=\"caption-attachment-45990\" class=\"wp-caption-text\">La Comisi\u00f3n de Protecci\u00f3n de los Derechos de las Personas con Discapacidad Mental, representantes de la comunidad; profesionales del Hospital Psiqui\u00e1trico y de la Direcci\u00f3n del Servicio de Salud Aconcagua, lideran este proyecto preventivo de salud mental.<\/figcaption><\/figure>\n<p><strong>PUTAENDO.<\/strong>&#8211; Con el prop\u00f3sito de elaborar un Plan de Intervenci\u00f3n para la prevenci\u00f3n del suicidio, el Director del Servicio de Salud Aconcagua, Alejandro C\u00e1rdenas, junto a integrantes de la Comisi\u00f3n Regional de Protecci\u00f3n de los Derechos de las Personas con Discapacidad Mental y autoridades del Hospital Psiqui\u00e1trico de Putaendo, se reunieron y en un plazo de un mes una mesa de trabajo intersectorial elaborar\u00e1 una propuesta.<\/p>\n<p>Junto a los resultados de las auditor\u00edas cl\u00ednicas que se est\u00e1n desarrollando en el Hospital Psiqui\u00e1trico y la investigaci\u00f3n sumaria instruida por el Director del Servicio de Salud Aconcagua, a ra\u00edz de los fallecimientos ocurridos estos \u00faltimos d\u00edas al interior de dicho establecimiento, esta mesa de trabajo se comprometi\u00f3 a emitir un informe que considere medidas de mejoramiento de infraestructura, apoyo psicosocial a familiares, pacientes y funcionarios y la aplicaci\u00f3n del Plan Nacional de Prevenci\u00f3n del Suicidio del Ministerio de Salud.<\/p>\n<p>\u201cSon hechos lamentables los que han ocurrido en uno de nuestros hospitales. Por lo mismo, adem\u00e1s de las medidas administrativas instruidas consideramos necesario abordar integralmente este tema junto a profesionales de la Seremi de Salud, del Hospital Psiqui\u00e1trico y representantes de la comunidad. Hemos tenido una jornada de trabajo valiosa y en las primeras semanas de junio conoceremos un informe con medidas concretas para minimizar y evitar estos hechos dolorosos\u201d, opin\u00f3 C\u00e1rdenas.<\/p>\n<p>Finalmente para los integrantes de la Comisi\u00f3n Regional de Protecci\u00f3n de los Derechos de las Personas con Discapacidad Mental, Cecilia Villalobos, la Psic\u00f3loga Camila Reyes y el Psiquiatra Fernando Voight, junto con destacar y valorar la conformaci\u00f3n de esta mesa de trabajo manifestaron su confianza que esta iniciativa generar\u00e1 herramientas que puedan aplicarse en \u00e9ste y otros establecimientos psiqui\u00e1tricos del pa\u00eds.<\/p>\n","protected":false},"excerpt":{"rendered":"<p>PUTAENDO.&#8211; Con el prop\u00f3sito de elaborar un Plan de Intervenci\u00f3n para la prevenci\u00f3n del suicidio, el Director del Servicio de Salud Aconcagua, Alejandro C\u00e1rdenas, junto a integrantes de la Comisi\u00f3n Regional de&#8230;<\/p>\n","protected":false},"author":482,"featured_media":45990,"comment_status":"open","ping_status":"closed","sticky":false,"template":"","format":"standard","meta":{"advanced_seo_description":"","jetpack_seo_html_title":"","jetpack_seo_noindex":false,"_jetpack_memberships_contains_paid_content":false,"footnotes":""},"categories":[1],"tags":[],"class_list":["post-45989","post","type-post","status-publish","format-standard","has-post-thumbnail","hentry","category-cronica"],"jetpack_featured_media_url":"https:\/\/i0.wp.com\/eltrabajo.cl\/portal\/wp-content\/uploads\/2014\/04\/Suicidio1.jpg?fit=528%2C261&ssl=1","jetpack_sharing_enabled":true,"jetpack_likes_enabled":true,"jetpack-related-posts":[],"_links":{"self":[{"href":"https:\/\/eltrabajo.cl\/portal\/wp-json\/wp\/v2\/posts\/45989","targetHints":{"allow":["GET"]}}],"collection":[{"href":"https:\/\/eltrabajo.cl\/portal\/wp-json\/wp\/v2\/posts"}],"about":[{"href":"https:\/\/eltrabajo.cl\/portal\/wp-json\/wp\/v2\/types\/post"}],"author":[{"embeddable":true,"href":"https:\/\/eltrabajo.cl\/portal\/wp-json\/wp\/v2\/users\/482"}],"replies":[{"embeddable":true,"href":"https:\/\/eltrabajo.cl\/portal\/wp-json\/wp\/v2\/comments?post=45989"}],"version-history":[{"count":0,"href":"https:\/\/eltrabajo.cl\/portal\/wp-json\/wp\/v2\/posts\/45989\/revisions"}],"wp:featuredmedia":[{"embeddable":true,"href":"https:\/\/eltrabajo.cl\/portal\/wp-json\/wp\/v2\/media\/45990"}],"wp:attachment":[{"href":"https:\/\/eltrabajo.cl\/portal\/wp-json\/wp\/v2\/media?parent=45989"}],"wp:term":[{"taxonomy":"category","embeddable":true,"href":"https:\/\/eltrabajo.cl\/portal\/wp-json\/wp\/v2\/categories?post=45989"},{"taxonomy":"post_tag","embeddable":true,"href":"https:\/\/eltrabajo.cl\/portal\/wp-json\/wp\/v2\/tags?post=45989"}],"curies":[{"name":"wp","href":"https:\/\/api.w.org\/{rel}","templated":true}]}}