{"id":45992,"date":"2014-04-29T09:39:43","date_gmt":"2014-04-29T13:39:43","guid":{"rendered":"http:\/\/www.eltrabajo.cl\/portal\/?p=45992"},"modified":"2014-04-29T09:39:43","modified_gmt":"2014-04-29T13:39:43","slug":"sanfelipenos-ganan-campeonato-provincial-de-cueca","status":"publish","type":"post","link":"https:\/\/eltrabajo.cl\/portal\/sanfelipenos-ganan-campeonato-provincial-de-cueca\/","title":{"rendered":"Sanfelipe\u00f1os ganan Campeonato Provincial de Cueca"},"content":{"rendered":"<figure id=\"attachment_45993\" aria-describedby=\"caption-attachment-45993\" style=\"width: 423px\" class=\"wp-caption alignleft\"><a href=\"https:\/\/i0.wp.com\/www.eltrabajo.cl\/portal\/wp-content\/uploads\/2014\/04\/campeonato-provincial.jpg\"><img data-recalc-dims=\"1\" loading=\"lazy\" decoding=\"async\" class=\" wp-image-45993 \" alt=\"LOS MEJORES.- La pareja de San Felipe conformada por Jorge Mu\u00f1oz y Karina Palma, result\u00f3 ganadora del Campeonato provincial de cueca que se realiz\u00f3 este domingo 27 de abril en la Plaza C\u00edvica de nuestra ciudad.\" src=\"https:\/\/i0.wp.com\/www.eltrabajo.cl\/portal\/wp-content\/uploads\/2014\/04\/campeonato-provincial.jpg?resize=423%2C369\" width=\"423\" height=\"369\" srcset=\"https:\/\/i0.wp.com\/eltrabajo.cl\/portal\/wp-content\/uploads\/2014\/04\/campeonato-provincial.jpg?w=529&amp;ssl=1 529w, https:\/\/i0.wp.com\/eltrabajo.cl\/portal\/wp-content\/uploads\/2014\/04\/campeonato-provincial.jpg?resize=172%2C150&amp;ssl=1 172w, https:\/\/i0.wp.com\/eltrabajo.cl\/portal\/wp-content\/uploads\/2014\/04\/campeonato-provincial.jpg?resize=300%2C261&amp;ssl=1 300w, https:\/\/i0.wp.com\/eltrabajo.cl\/portal\/wp-content\/uploads\/2014\/04\/campeonato-provincial.jpg?resize=150%2C130&amp;ssl=1 150w, https:\/\/i0.wp.com\/eltrabajo.cl\/portal\/wp-content\/uploads\/2014\/04\/campeonato-provincial.jpg?resize=400%2C348&amp;ssl=1 400w\" sizes=\"auto, (max-width: 423px) 100vw, 423px\" \/><\/a><figcaption id=\"caption-attachment-45993\" class=\"wp-caption-text\">LOS MEJORES.- La pareja de San Felipe conformada por Jorge Mu\u00f1oz y Karina Palma, result\u00f3 ganadora del Campeonato provincial de cueca que se realiz\u00f3 este domingo 27 de abril en la Plaza C\u00edvica de nuestra ciudad.<\/figcaption><\/figure>\n<p>La pareja de San Felipe conformada por Jorge Mu\u00f1oz y Karina Palma, result\u00f3 ganadora del Campeonato provincial de cueca que se realiz\u00f3 este domingo 27 de abril en la Plaza C\u00edvica de nuestra ciudad. La actividad parti\u00f3 cerca de las 16:00 horas y cont\u00f3 con la participaci\u00f3n de seis parejas, provenientes de distintas comunas de la provincia, quienes bailaron tres cuecas cada una, mostrando el dominio y el encanto de nuestro baile nacional.<\/p>\n<p>La pareja ha participado anteriormente en otros campeonatos, pero se\u00f1alaron que siempre es un orgullo ser parte de este tipo de competencias.<\/p>\n<p>\u201cContentos por el gran nivel de parejas que hab\u00eda en la competencia, pero siempre es un orgullo ganar limpiamente a las otras parejas que tambi\u00e9n tienen sus m\u00e9ritos\u201d, dijo Mu\u00f1oz.<\/p>\n<p>Los ganadores se\u00f1alaron que esta semana continuar\u00e1n prepar\u00e1ndose para enfrentar a los participantes en el campeonato regional, que se desarrollar\u00e1 el pr\u00f3ximo s\u00e1bado 3 de mayo en Los Andes y as\u00ed poder lograr un cupo para representar a la regi\u00f3n en el Campeonato Nacional de Cueca que se realiza en el mes de junio en Arica.<\/p>\n<p>\u201cSeguimos perfeccionando la cueca, las mismas cuecas que presentamos ac\u00e1, pero viendo los errores que pudimos tener. Para cualquier cuequero de Chile hablar del Campeonato de Arica es lo m\u00e1ximo, cualquier cuequero querr\u00eda participar en ese campeonato alguna vez en su vida, es el gran sue\u00f1o de todos\u201d, manifest\u00f3 Mu\u00f1oz.<\/p>\n<div class=\"tiled-gallery type-rectangular tiled-gallery-unresized\" data-original-width=\"640\" data-carousel-extra='null' itemscope itemtype=\"http:\/\/schema.org\/ImageGallery\" > <div class=\"gallery-row\" style=\"width: 640px; height: 220px;\" data-original-width=\"640\" data-original-height=\"220\" > <div class=\"gallery-group images-1\" style=\"width: 289px; height: 220px;\" data-original-width=\"289\" data-original-height=\"220\" > <div class=\"tiled-gallery-item tiled-gallery-item-large\" itemprop=\"associatedMedia\" itemscope itemtype=\"http:\/\/schema.org\/ImageObject\"> <a href=\"https:\/\/eltrabajo.cl\/portal\/sanfelipenos-ganan-campeonato-provincial-de-cueca\/campeonato-2-2\/\" border=\"0\" itemprop=\"url\"> <meta itemprop=\"width\" content=\"285\"> <meta itemprop=\"height\" content=\"216\"> <img decoding=\"async\" class=\"\" data-attachment-id=\"45994\" data-orig-file=\"https:\/\/eltrabajo.cl\/portal\/wp-content\/uploads\/2014\/04\/campeonato-2.jpg\" data-orig-size=\"528,400\" data-comments-opened=\"1\" data-image-meta=\"{&quot;aperture&quot;:&quot;4&quot;,&quot;credit&quot;:&quot;&quot;,&quot;camera&quot;:&quot;NIKON D3000&quot;,&quot;caption&quot;:&quot;&quot;,&quot;created_timestamp&quot;:&quot;1398618511&quot;,&quot;copyright&quot;:&quot;&quot;,&quot;focal_length&quot;:&quot;18&quot;,&quot;iso&quot;:&quot;1600&quot;,&quot;shutter_speed&quot;:&quot;0.002&quot;,&quot;title&quot;:&quot;&quot;}\" data-image-title=\"campeonato (2)\" data-image-description=\"&lt;p&gt;MUCHA ASISTENCIA.- La actividad parti\u00f3 cerca de las 16:00 horas y cont\u00f3 con la participaci\u00f3n de seis parejas, provenientes de distintas comunas de la provincia, el p\u00fablico supo premiarlos con sus aplausos.&lt;\/p&gt; \" data-medium-file=\"https:\/\/i0.wp.com\/eltrabajo.cl\/portal\/wp-content\/uploads\/2014\/04\/campeonato-2.jpg?fit=300%2C227&#038;ssl=1\" data-large-file=\"https:\/\/i0.wp.com\/eltrabajo.cl\/portal\/wp-content\/uploads\/2014\/04\/campeonato-2.jpg?fit=528%2C400&#038;ssl=1\" src=\"https:\/\/i0.wp.com\/eltrabajo.cl\/portal\/wp-content\/uploads\/2014\/04\/campeonato-2.jpg?w=285&#038;h=216&#038;ssl=1\" srcset=\"https:\/\/i0.wp.com\/eltrabajo.cl\/portal\/wp-content\/uploads\/2014\/04\/campeonato-2.jpg?w=528&amp;ssl=1 528w, https:\/\/i0.wp.com\/eltrabajo.cl\/portal\/wp-content\/uploads\/2014\/04\/campeonato-2.jpg?resize=198%2C150&amp;ssl=1 198w, https:\/\/i0.wp.com\/eltrabajo.cl\/portal\/wp-content\/uploads\/2014\/04\/campeonato-2.jpg?resize=300%2C227&amp;ssl=1 300w, https:\/\/i0.wp.com\/eltrabajo.cl\/portal\/wp-content\/uploads\/2014\/04\/campeonato-2.jpg?resize=150%2C113&amp;ssl=1 150w, https:\/\/i0.wp.com\/eltrabajo.cl\/portal\/wp-content\/uploads\/2014\/04\/campeonato-2.jpg?resize=400%2C303&amp;ssl=1 400w\" width=\"285\" height=\"216\" loading=\"lazy\" data-original-width=\"285\" data-original-height=\"216\" itemprop=\"http:\/\/schema.org\/image\" title=\"campeonato (2)\" alt=\"MUCHA ASISTENCIA.- La actividad parti\u00f3 cerca de las 16:00 horas y cont\u00f3 con la participaci\u00f3n de seis parejas, provenientes de distintas comunas de la provincia, el p\u00fablico supo premiarlos con sus aplausos.\" style=\"width: 285px; height: 216px;\" \/> <\/a> <div class=\"tiled-gallery-caption\" itemprop=\"caption description\"> MUCHA ASISTENCIA.- La actividad parti\u00f3 cerca de las 16:00 horas y cont\u00f3 con la participaci\u00f3n de seis parejas, provenientes de distintas comunas de la provincia, el p\u00fablico supo premiarlos con sus aplausos. <\/div> <\/div> <\/div> <!-- close group --> <div class=\"gallery-group images-1\" style=\"width: 351px; height: 220px;\" data-original-width=\"351\" data-original-height=\"220\" > <div class=\"tiled-gallery-item tiled-gallery-item-large\" itemprop=\"associatedMedia\" itemscope itemtype=\"http:\/\/schema.org\/ImageObject\"> <a href=\"https:\/\/eltrabajo.cl\/portal\/sanfelipenos-ganan-campeonato-provincial-de-cueca\/campeonato-3-2\/\" border=\"0\" itemprop=\"url\"> <meta itemprop=\"width\" content=\"347\"> <meta itemprop=\"height\" content=\"216\"> <img decoding=\"async\" class=\"\" data-attachment-id=\"45995\" data-orig-file=\"https:\/\/eltrabajo.cl\/portal\/wp-content\/uploads\/2014\/04\/campeonato-3.jpg\" data-orig-size=\"528,329\" data-comments-opened=\"1\" data-image-meta=\"{&quot;aperture&quot;:&quot;5.3&quot;,&quot;credit&quot;:&quot;&quot;,&quot;camera&quot;:&quot;NIKON D3000&quot;,&quot;caption&quot;:&quot;&quot;,&quot;created_timestamp&quot;:&quot;1398618307&quot;,&quot;copyright&quot;:&quot;&quot;,&quot;focal_length&quot;:&quot;40&quot;,&quot;iso&quot;:&quot;1600&quot;,&quot;shutter_speed&quot;:&quot;0.002&quot;,&quot;title&quot;:&quot;&quot;}\" data-image-title=\"campeonato (3)\" data-image-description=\"&lt;p&gt;ALCALDE REGAL\u00d3N.- El Alcalde Patricio Freire premi\u00f3 a los ganadores y los inst\u00f3 a continuar mostrando todo el encanto de la cueca, ahora en el campeonato regional donde nos representar\u00e1n.&lt;\/p&gt; \" data-medium-file=\"https:\/\/i0.wp.com\/eltrabajo.cl\/portal\/wp-content\/uploads\/2014\/04\/campeonato-3.jpg?fit=300%2C186&#038;ssl=1\" data-large-file=\"https:\/\/i0.wp.com\/eltrabajo.cl\/portal\/wp-content\/uploads\/2014\/04\/campeonato-3.jpg?fit=528%2C329&#038;ssl=1\" src=\"https:\/\/i0.wp.com\/eltrabajo.cl\/portal\/wp-content\/uploads\/2014\/04\/campeonato-3.jpg?w=347&#038;h=216&#038;ssl=1\" srcset=\"https:\/\/i0.wp.com\/eltrabajo.cl\/portal\/wp-content\/uploads\/2014\/04\/campeonato-3.jpg?w=528&amp;ssl=1 528w, https:\/\/i0.wp.com\/eltrabajo.cl\/portal\/wp-content\/uploads\/2014\/04\/campeonato-3.jpg?resize=200%2C124&amp;ssl=1 200w, https:\/\/i0.wp.com\/eltrabajo.cl\/portal\/wp-content\/uploads\/2014\/04\/campeonato-3.jpg?resize=300%2C186&amp;ssl=1 300w, https:\/\/i0.wp.com\/eltrabajo.cl\/portal\/wp-content\/uploads\/2014\/04\/campeonato-3.jpg?resize=150%2C93&amp;ssl=1 150w, https:\/\/i0.wp.com\/eltrabajo.cl\/portal\/wp-content\/uploads\/2014\/04\/campeonato-3.jpg?resize=400%2C249&amp;ssl=1 400w\" width=\"347\" height=\"216\" loading=\"lazy\" data-original-width=\"347\" data-original-height=\"216\" itemprop=\"http:\/\/schema.org\/image\" title=\"campeonato (3)\" alt=\"ALCALDE REGAL\u00d3N.- El Alcalde Patricio Freire premi\u00f3 a los ganadores y los inst\u00f3 a continuar mostrando todo el encanto de la cueca, ahora en el campeonato regional donde nos representar\u00e1n.\" style=\"width: 347px; height: 216px;\" \/> <\/a> <div class=\"tiled-gallery-caption\" itemprop=\"caption description\"> ALCALDE REGAL\u00d3N.- El Alcalde Patricio Freire premi\u00f3 a los ganadores y los inst\u00f3 a continuar mostrando todo el encanto de la cueca, ahora en el campeonato regional donde nos representar\u00e1n. <\/div> <\/div> <\/div> <!-- close group --> <\/div> <!-- close row --> <\/div>\n","protected":false},"excerpt":{"rendered":"<p>La pareja de San Felipe conformada por Jorge Mu\u00f1oz y Karina Palma, result\u00f3 ganadora del Campeonato provincial de cueca que se realiz\u00f3 este domingo 27 de abril en la Plaza C\u00edvica de&#8230;<\/p>\n","protected":false},"author":482,"featured_media":45993,"comment_status":"open","ping_status":"closed","sticky":false,"template":"","format":"standard","meta":{"advanced_seo_description":"","jetpack_seo_html_title":"","jetpack_seo_noindex":false,"_jetpack_memberships_contains_paid_content":false,"footnotes":""},"categories":[15],"tags":[],"class_list":["post-45992","post","type-post","status-publish","format-standard","has-post-thumbnail","hentry","category-comunidad"],"jetpack_featured_media_url":"https:\/\/i0.wp.com\/eltrabajo.cl\/portal\/wp-content\/uploads\/2014\/04\/campeonato-provincial.jpg?fit=529%2C461&ssl=1","jetpack_sharing_enabled":true,"jetpack_likes_enabled":true,"jetpack-related-posts":[],"_links":{"self":[{"href":"https:\/\/eltrabajo.cl\/portal\/wp-json\/wp\/v2\/posts\/45992","targetHints":{"allow":["GET"]}}],"collection":[{"href":"https:\/\/eltrabajo.cl\/portal\/wp-json\/wp\/v2\/posts"}],"about":[{"href":"https:\/\/eltrabajo.cl\/portal\/wp-json\/wp\/v2\/types\/post"}],"author":[{"embeddable":true,"href":"https:\/\/eltrabajo.cl\/portal\/wp-json\/wp\/v2\/users\/482"}],"replies":[{"embeddable":true,"href":"https:\/\/eltrabajo.cl\/portal\/wp-json\/wp\/v2\/comments?post=45992"}],"version-history":[{"count":0,"href":"https:\/\/eltrabajo.cl\/portal\/wp-json\/wp\/v2\/posts\/45992\/revisions"}],"wp:featuredmedia":[{"embeddable":true,"href":"https:\/\/eltrabajo.cl\/portal\/wp-json\/wp\/v2\/media\/45993"}],"wp:attachment":[{"href":"https:\/\/eltrabajo.cl\/portal\/wp-json\/wp\/v2\/media?parent=45992"}],"wp:term":[{"taxonomy":"category","embeddable":true,"href":"https:\/\/eltrabajo.cl\/portal\/wp-json\/wp\/v2\/categories?post=45992"},{"taxonomy":"post_tag","embeddable":true,"href":"https:\/\/eltrabajo.cl\/portal\/wp-json\/wp\/v2\/tags?post=45992"}],"curies":[{"name":"wp","href":"https:\/\/api.w.org\/{rel}","templated":true}]}}