{"id":46025,"date":"2014-04-30T09:07:24","date_gmt":"2014-04-30T13:07:24","guid":{"rendered":"http:\/\/www.eltrabajo.cl\/portal\/?p=46025"},"modified":"2014-04-30T09:07:24","modified_gmt":"2014-04-30T13:07:24","slug":"salud-y-educacion-destacan-en-cuenta-publica-de-pradenas","status":"publish","type":"post","link":"https:\/\/eltrabajo.cl\/portal\/salud-y-educacion-destacan-en-cuenta-publica-de-pradenas\/","title":{"rendered":"Salud y Educaci\u00f3n destacan en Cuenta P\u00fablica de Pradenas"},"content":{"rendered":"<figure id=\"attachment_46026\" aria-describedby=\"caption-attachment-46026\" style=\"width: 317px\" class=\"wp-caption alignleft\"><a href=\"https:\/\/i0.wp.com\/www.eltrabajo.cl\/portal\/wp-content\/uploads\/2014\/04\/Pradenas1.jpg\"><img data-recalc-dims=\"1\" loading=\"lazy\" decoding=\"async\" class=\" wp-image-46026 \" alt=\"El Alcalde de Panquehue, Luis Pradenas, ofrecer\u00e1 este mi\u00e9rcoles su Cuenta P\u00fablica 2013. El edil destacara el nivel de inversi\u00f3n que tuvo la comuna en el 2013 y los avances logrados en temas Sociales, Educaci\u00f3n y Salud. \" src=\"https:\/\/i0.wp.com\/www.eltrabajo.cl\/portal\/wp-content\/uploads\/2014\/04\/Pradenas1.jpg?resize=317%2C240\" width=\"317\" height=\"240\" srcset=\"https:\/\/i0.wp.com\/eltrabajo.cl\/portal\/wp-content\/uploads\/2014\/04\/Pradenas1.jpg?w=528&amp;ssl=1 528w, https:\/\/i0.wp.com\/eltrabajo.cl\/portal\/wp-content\/uploads\/2014\/04\/Pradenas1.jpg?resize=198%2C150&amp;ssl=1 198w, https:\/\/i0.wp.com\/eltrabajo.cl\/portal\/wp-content\/uploads\/2014\/04\/Pradenas1.jpg?resize=300%2C227&amp;ssl=1 300w, https:\/\/i0.wp.com\/eltrabajo.cl\/portal\/wp-content\/uploads\/2014\/04\/Pradenas1.jpg?resize=150%2C113&amp;ssl=1 150w, https:\/\/i0.wp.com\/eltrabajo.cl\/portal\/wp-content\/uploads\/2014\/04\/Pradenas1.jpg?resize=400%2C303&amp;ssl=1 400w\" sizes=\"auto, (max-width: 317px) 100vw, 317px\" \/><\/a><figcaption id=\"caption-attachment-46026\" class=\"wp-caption-text\">El Alcalde de Panquehue, Luis Pradenas, ofrecer\u00e1 este mi\u00e9rcoles su Cuenta P\u00fablica 2013. El edil destacara el nivel de inversi\u00f3n que tuvo la comuna en el 2013 y los avances logrados en temas Sociales, Educaci\u00f3n y Salud.<\/figcaption><\/figure>\n<p><strong>PANQUEHUE.<\/strong>&#8211; Destacar los avances logrados en materia Social, Educaci\u00f3n y Salud, son el tenor de los puntos que ser\u00e1n informados por el Alcalde Luis Pradenas, al rendir su cuenta p\u00fablica. La actividad est\u00e1 programada a las 19:30 horas de este mi\u00e9rcoles en la sala cultural, lugar donde han sido invitados la totalidad del Concejo Municipal; autoridades provinciales; parlamentarios; de orden y seguridad p\u00fablica; juntas de vecinos; clubes de adultos mayores; clubes deportivos; talleres femeninos y representantes de la sociedad civil.<\/p>\n<p>De acuerdo a lo se\u00f1alado por Pradenas, se trata de una exposici\u00f3n que destacar\u00e1 los avances que se han logrado en la comuna de Panquehue el a\u00f1o 2013 en materia Social, espec\u00edficamente la relaci\u00f3n que se ha logrado con cada una de las organizaciones comunitarias.<\/p>\n<p>Otro de los puntos que ser\u00e1 informado por la autoridad comunal se refiere al proceso de la educaci\u00f3n y las mejoras que han logrado las escuelas de la comuna, como asimismo el sistema operativo del Cesfam, siendo uno de los centros de atenci\u00f3n primaria que ha experimentado grandes avances.<\/p>\n<p>\u201cHemos cursado las invitaciones a toda la comunidad, pues es importante que cada organizaci\u00f3n como asimismo las autoridades, se informen como se ha estado administrando esta municipalidad. Hemos dispuesto de buses de acercamiento para las respectivas localidades de la comuna de Panquehue, porque nos interesa que los vecinos puedan conocer el manejo administrativo y financiero de la municipalidad\u201d.<\/p>\n<p>De acuerdo a lo establecido en la Ley n\u00ba 18.695 en su Art\u00edculo 67, le corresponde al alcalde, Luis Pradenas Mor\u00e1n, rendir cuenta p\u00fablica a la comunidad y al Honorable Concejo Municipal, de la situaci\u00f3n administrativa y contable de esta corporaci\u00f3n.<\/p>\n<p>&nbsp;<\/p>\n","protected":false},"excerpt":{"rendered":"<p>PANQUEHUE.&#8211; Destacar los avances logrados en materia Social, Educaci\u00f3n y Salud, son el tenor de los puntos que ser\u00e1n informados por el Alcalde Luis Pradenas, al rendir su cuenta p\u00fablica. La actividad&#8230;<\/p>\n","protected":false},"author":482,"featured_media":46026,"comment_status":"open","ping_status":"closed","sticky":false,"template":"","format":"standard","meta":{"advanced_seo_description":"","jetpack_seo_html_title":"","jetpack_seo_noindex":false,"_jetpack_memberships_contains_paid_content":false,"footnotes":""},"categories":[1],"tags":[],"class_list":["post-46025","post","type-post","status-publish","format-standard","has-post-thumbnail","hentry","category-cronica"],"jetpack_featured_media_url":"https:\/\/i0.wp.com\/eltrabajo.cl\/portal\/wp-content\/uploads\/2014\/04\/Pradenas1.jpg?fit=528%2C400&ssl=1","jetpack_sharing_enabled":true,"jetpack_likes_enabled":true,"jetpack-related-posts":[],"_links":{"self":[{"href":"https:\/\/eltrabajo.cl\/portal\/wp-json\/wp\/v2\/posts\/46025","targetHints":{"allow":["GET"]}}],"collection":[{"href":"https:\/\/eltrabajo.cl\/portal\/wp-json\/wp\/v2\/posts"}],"about":[{"href":"https:\/\/eltrabajo.cl\/portal\/wp-json\/wp\/v2\/types\/post"}],"author":[{"embeddable":true,"href":"https:\/\/eltrabajo.cl\/portal\/wp-json\/wp\/v2\/users\/482"}],"replies":[{"embeddable":true,"href":"https:\/\/eltrabajo.cl\/portal\/wp-json\/wp\/v2\/comments?post=46025"}],"version-history":[{"count":0,"href":"https:\/\/eltrabajo.cl\/portal\/wp-json\/wp\/v2\/posts\/46025\/revisions"}],"wp:featuredmedia":[{"embeddable":true,"href":"https:\/\/eltrabajo.cl\/portal\/wp-json\/wp\/v2\/media\/46026"}],"wp:attachment":[{"href":"https:\/\/eltrabajo.cl\/portal\/wp-json\/wp\/v2\/media?parent=46025"}],"wp:term":[{"taxonomy":"category","embeddable":true,"href":"https:\/\/eltrabajo.cl\/portal\/wp-json\/wp\/v2\/categories?post=46025"},{"taxonomy":"post_tag","embeddable":true,"href":"https:\/\/eltrabajo.cl\/portal\/wp-json\/wp\/v2\/tags?post=46025"}],"curies":[{"name":"wp","href":"https:\/\/api.w.org\/{rel}","templated":true}]}}