{"id":46029,"date":"2014-04-30T09:08:43","date_gmt":"2014-04-30T13:08:43","guid":{"rendered":"http:\/\/www.eltrabajo.cl\/portal\/?p=46029"},"modified":"2014-04-30T09:08:43","modified_gmt":"2014-04-30T13:08:43","slug":"programaran-agenda-de-trabajo-para-tratar-tema-de-medioambiente","status":"publish","type":"post","link":"https:\/\/eltrabajo.cl\/portal\/programaran-agenda-de-trabajo-para-tratar-tema-de-medioambiente\/","title":{"rendered":"Programar\u00e1n agenda de trabajo para tratar tema de Medioambiente"},"content":{"rendered":"<figure id=\"attachment_46030\" aria-describedby=\"caption-attachment-46030\" style=\"width: 338px\" class=\"wp-caption alignleft\"><a href=\"https:\/\/i0.wp.com\/www.eltrabajo.cl\/portal\/wp-content\/uploads\/2014\/04\/Claudio-Nunez.jpg\"><img data-recalc-dims=\"1\" loading=\"lazy\" decoding=\"async\" class=\" wp-image-46030  \" alt=\"El Concejal Claudio N\u00fa\u00f1ez pos\u00f3 para las c\u00e1maras de Diario El Trabajo junto al Ministro y la Seremi de Medio Ambiente.\" src=\"https:\/\/i0.wp.com\/www.eltrabajo.cl\/portal\/wp-content\/uploads\/2014\/04\/Claudio-Nunez.jpg?resize=338%2C277\" width=\"338\" height=\"277\" srcset=\"https:\/\/i0.wp.com\/eltrabajo.cl\/portal\/wp-content\/uploads\/2014\/04\/Claudio-Nunez.jpg?w=529&amp;ssl=1 529w, https:\/\/i0.wp.com\/eltrabajo.cl\/portal\/wp-content\/uploads\/2014\/04\/Claudio-Nunez.jpg?resize=183%2C150&amp;ssl=1 183w, https:\/\/i0.wp.com\/eltrabajo.cl\/portal\/wp-content\/uploads\/2014\/04\/Claudio-Nunez.jpg?resize=150%2C122&amp;ssl=1 150w\" sizes=\"auto, (max-width: 338px) 100vw, 338px\" \/><\/a><figcaption id=\"caption-attachment-46030\" class=\"wp-caption-text\">El Concejal Claudio N\u00fa\u00f1ez pos\u00f3 para las c\u00e1maras de Diario El Trabajo junto al Ministro y la Seremi de Medio Ambiente.<\/figcaption><\/figure>\n<p><strong>CATEMU.-<\/strong> El concejal catemino, Claudio N\u00fa\u00f1ez, luego de reunirse con el Ministro y la Secretaria Regional Ministerial de Medio Ambiente, Pablo Badenier y Tania Bertoglio respectivamente, inform\u00f3 que concordaron una agenda de trabajo medioambiental para la comuna de Catemu y el Valle de Aconcagua.<\/p>\n<p>\u201cTuve la oportunidad de exponer al Ministro y a la Seremi de Medio Ambiente el estado de contaminaci\u00f3n que presenta Catemu y otras comunas del Valle de Aconcagua, principalmente los resultados del estudio regional de la calidad del aire ejecutado entre los a\u00f1os 2009 y 2013, el que detecta zonas afectadas, fuentes emisoras y tipo de contaminaci\u00f3n existente en las comunas de nuestra regi\u00f3n. El resultado de dicho estudio no es bueno para Catemu, ratifica que en nuestra comuna existe una alta concentraci\u00f3n de material particulado y SO2. Motivo por el cual le solicite al Ministro que debemos pasar del diagnostico al tratamiento del caso\u201d, indic\u00f3 el Concejal N\u00fa\u00f1ez.<\/p>\n<p>Posterior a la exposici\u00f3n, el Ministro y la Seremi le propusieron al Concejal N\u00fa\u00f1ez coordinar una agenda de trabajo medioambiental para la comuna de Catemu y el Valle de Aconcagua.<\/p>\n<p><strong>CALIDAD DEL AIRE<\/strong><\/p>\n<p>Los resultados del estudio regional de la calidad del aire en el Valle de Aconcagua se\u00f1alan que la ciudad de Catemu tiene alta concentraci\u00f3n de SO2, PM10 y Ozono, Los Andes est\u00e1 saturada de Ozono, San Felipe saturada de PM10 y alta concentraci\u00f3n de Ozono y Llay Llay saturada de PM2.5 y alta concentraci\u00f3n de Ozono.<\/p>\n<p>&nbsp;<\/p>\n","protected":false},"excerpt":{"rendered":"<p>CATEMU.- El concejal catemino, Claudio N\u00fa\u00f1ez, luego de reunirse con el Ministro y la Secretaria Regional Ministerial de Medio Ambiente, Pablo Badenier y Tania Bertoglio respectivamente, inform\u00f3 que concordaron una agenda de&#8230;<\/p>\n","protected":false},"author":482,"featured_media":46030,"comment_status":"open","ping_status":"closed","sticky":false,"template":"","format":"standard","meta":{"advanced_seo_description":"","jetpack_seo_html_title":"","jetpack_seo_noindex":false,"_jetpack_memberships_contains_paid_content":false,"footnotes":""},"categories":[1],"tags":[],"class_list":["post-46029","post","type-post","status-publish","format-standard","has-post-thumbnail","hentry","category-cronica"],"jetpack_featured_media_url":"https:\/\/i0.wp.com\/eltrabajo.cl\/portal\/wp-content\/uploads\/2014\/04\/Claudio-Nunez.jpg?fit=529%2C432&ssl=1","jetpack_sharing_enabled":true,"jetpack_likes_enabled":true,"jetpack-related-posts":[],"_links":{"self":[{"href":"https:\/\/eltrabajo.cl\/portal\/wp-json\/wp\/v2\/posts\/46029","targetHints":{"allow":["GET"]}}],"collection":[{"href":"https:\/\/eltrabajo.cl\/portal\/wp-json\/wp\/v2\/posts"}],"about":[{"href":"https:\/\/eltrabajo.cl\/portal\/wp-json\/wp\/v2\/types\/post"}],"author":[{"embeddable":true,"href":"https:\/\/eltrabajo.cl\/portal\/wp-json\/wp\/v2\/users\/482"}],"replies":[{"embeddable":true,"href":"https:\/\/eltrabajo.cl\/portal\/wp-json\/wp\/v2\/comments?post=46029"}],"version-history":[{"count":0,"href":"https:\/\/eltrabajo.cl\/portal\/wp-json\/wp\/v2\/posts\/46029\/revisions"}],"wp:featuredmedia":[{"embeddable":true,"href":"https:\/\/eltrabajo.cl\/portal\/wp-json\/wp\/v2\/media\/46030"}],"wp:attachment":[{"href":"https:\/\/eltrabajo.cl\/portal\/wp-json\/wp\/v2\/media?parent=46029"}],"wp:term":[{"taxonomy":"category","embeddable":true,"href":"https:\/\/eltrabajo.cl\/portal\/wp-json\/wp\/v2\/categories?post=46029"},{"taxonomy":"post_tag","embeddable":true,"href":"https:\/\/eltrabajo.cl\/portal\/wp-json\/wp\/v2\/tags?post=46029"}],"curies":[{"name":"wp","href":"https:\/\/api.w.org\/{rel}","templated":true}]}}