{"id":46034,"date":"2014-04-30T09:10:23","date_gmt":"2014-04-30T13:10:23","guid":{"rendered":"http:\/\/www.eltrabajo.cl\/portal\/?p=46034"},"modified":"2014-04-30T09:10:23","modified_gmt":"2014-04-30T13:10:23","slug":"entregan-agenda-institucional-a-alumnos-de-la-escuela-carmela-carvajal","status":"publish","type":"post","link":"https:\/\/eltrabajo.cl\/portal\/entregan-agenda-institucional-a-alumnos-de-la-escuela-carmela-carvajal\/","title":{"rendered":"Entregan agenda institucional a alumnos de la Escuela Carmela Carvajal"},"content":{"rendered":"<figure id=\"attachment_46035\" aria-describedby=\"caption-attachment-46035\" style=\"width: 529px\" class=\"wp-caption alignnone\"><a href=\"https:\/\/i0.wp.com\/www.eltrabajo.cl\/portal\/wp-content\/uploads\/2014\/04\/Carvajal1.jpg\"><img data-recalc-dims=\"1\" loading=\"lazy\" decoding=\"async\" class=\"size-full wp-image-46035\" alt=\"AGENDA EFICAZ.- La entrega de la Agenda Escolar a la totalidad de la comunidad educativa, posibilitar\u00e1 entre otras cosas, mantener un canal de comunicaci\u00f3n directo entre el apoderado y la escuela.\" src=\"https:\/\/i0.wp.com\/www.eltrabajo.cl\/portal\/wp-content\/uploads\/2014\/04\/Carvajal1.jpg?resize=529%2C351\" width=\"529\" height=\"351\" srcset=\"https:\/\/i0.wp.com\/eltrabajo.cl\/portal\/wp-content\/uploads\/2014\/04\/Carvajal1.jpg?w=529&amp;ssl=1 529w, https:\/\/i0.wp.com\/eltrabajo.cl\/portal\/wp-content\/uploads\/2014\/04\/Carvajal1.jpg?resize=200%2C132&amp;ssl=1 200w, https:\/\/i0.wp.com\/eltrabajo.cl\/portal\/wp-content\/uploads\/2014\/04\/Carvajal1.jpg?resize=300%2C199&amp;ssl=1 300w, https:\/\/i0.wp.com\/eltrabajo.cl\/portal\/wp-content\/uploads\/2014\/04\/Carvajal1.jpg?resize=150%2C99&amp;ssl=1 150w, https:\/\/i0.wp.com\/eltrabajo.cl\/portal\/wp-content\/uploads\/2014\/04\/Carvajal1.jpg?resize=400%2C265&amp;ssl=1 400w\" sizes=\"auto, (max-width: 529px) 100vw, 529px\" \/><\/a><figcaption id=\"caption-attachment-46035\" class=\"wp-caption-text\">AGENDA EFICAZ.- La entrega de la Agenda Escolar a la totalidad de la comunidad educativa, posibilitar\u00e1 entre otras cosas, mantener un canal de comunicaci\u00f3n directo entre el apoderado y la escuela.<\/figcaption><\/figure>\n<p>Un verdadero hito en la historia de la Escuela Carmela Carvajal de Prat, ubicada en el sector de Curim\u00f3n, fue lo realizado el lunes 28 de abril, y consisti\u00f3 en la entrega por primera vez, de la Agenda Escolar a la totalidad de la comunidad educativa, lo que posibilitar\u00e1, entre otras cosas, mantener un canal de comunicaci\u00f3n directo entre el apoderado y la escuela, conocer el manual de convivencia interna que viene impreso en su interior, lo que es exigido por la normativa vigente y la identidad con la esencia del establecimiento.<\/p>\n<figure id=\"attachment_46036\" aria-describedby=\"caption-attachment-46036\" style=\"width: 423px\" class=\"wp-caption alignright\"><a href=\"https:\/\/i0.wp.com\/www.eltrabajo.cl\/portal\/wp-content\/uploads\/2014\/04\/Carvajal2.jpg\"><img data-recalc-dims=\"1\" loading=\"lazy\" decoding=\"async\" class=\" wp-image-46036 \" alt=\"Los recursos para la elaboraci\u00f3n de las agendas, fueron obtenidos de la Ley SEP (Subvenci\u00f3n Especial Preferencial).\" src=\"https:\/\/i0.wp.com\/www.eltrabajo.cl\/portal\/wp-content\/uploads\/2014\/04\/Carvajal2.jpg?resize=423%2C321\" width=\"423\" height=\"321\" srcset=\"https:\/\/i0.wp.com\/eltrabajo.cl\/portal\/wp-content\/uploads\/2014\/04\/Carvajal2.jpg?w=529&amp;ssl=1 529w, https:\/\/i0.wp.com\/eltrabajo.cl\/portal\/wp-content\/uploads\/2014\/04\/Carvajal2.jpg?resize=197%2C150&amp;ssl=1 197w, https:\/\/i0.wp.com\/eltrabajo.cl\/portal\/wp-content\/uploads\/2014\/04\/Carvajal2.jpg?resize=300%2C227&amp;ssl=1 300w, https:\/\/i0.wp.com\/eltrabajo.cl\/portal\/wp-content\/uploads\/2014\/04\/Carvajal2.jpg?resize=150%2C113&amp;ssl=1 150w, https:\/\/i0.wp.com\/eltrabajo.cl\/portal\/wp-content\/uploads\/2014\/04\/Carvajal2.jpg?resize=400%2C303&amp;ssl=1 400w\" sizes=\"auto, (max-width: 423px) 100vw, 423px\" \/><\/a><figcaption id=\"caption-attachment-46036\" class=\"wp-caption-text\">Los recursos para la elaboraci\u00f3n de las agendas, fueron obtenidos de la Ley SEP (Subvenci\u00f3n Especial Preferencial).<\/figcaption><\/figure>\n<p>La idea nace a comienzo del a\u00f1o 2013, al interior del Consejo de Profesores, momento en el que se percibe la falta de un canal oficial y directo de comunicaci\u00f3n entre el profesorado y la familia, lo que si bien, significa que muchas veces se puede verbalizar la informaci\u00f3n, siempre en necesario dejarla plasmado a trav\u00e9s de un documento oficial, lo que hoy se ha concretado con la entrega de la agenda escolar.<\/p>\n<p>Los recursos para la elaboraci\u00f3n de las agendas, fueron obtenidos de la Ley SEP (Subvenci\u00f3n Especial Preferencial), que permite la adquisici\u00f3n de recursos, cuando va en beneficio de los alumnos, participando en el dise\u00f1o, todo el cuerpo docente y directivo de la escuela.<\/p>\n<p>Ana Mar\u00eda Donoso, directora del establecimiento, se\u00f1al\u00f3 que \u201cla entrega de esta agenda no tiene costo alguno para los apoderados, ya que est\u00e1 contemplado dentro de los beneficios de la SEP, contando con el importante apoyo de la Municipalidad de San Felipe y de la Daem, y queremos dejarlo instalado dentro de la cultura de la escuela, modificar lo que sea necesario, e incorporar aspectos que sean relevantes integrar, siendo 236 los alumnos que tendr\u00e1n esta agenda\u201d, puntualiz\u00f3 Donoso.<\/p>\n<p>&nbsp;<\/p>\n","protected":false},"excerpt":{"rendered":"<p>Un verdadero hito en la historia de la Escuela Carmela Carvajal de Prat, ubicada en el sector de Curim\u00f3n, fue lo realizado el lunes 28 de abril, y consisti\u00f3 en la entrega&#8230;<\/p>\n","protected":false},"author":482,"featured_media":46035,"comment_status":"open","ping_status":"closed","sticky":false,"template":"","format":"standard","meta":{"advanced_seo_description":"","jetpack_seo_html_title":"","jetpack_seo_noindex":false,"_jetpack_memberships_contains_paid_content":false,"footnotes":""},"categories":[15],"tags":[],"class_list":["post-46034","post","type-post","status-publish","format-standard","has-post-thumbnail","hentry","category-comunidad"],"jetpack_featured_media_url":"https:\/\/i0.wp.com\/eltrabajo.cl\/portal\/wp-content\/uploads\/2014\/04\/Carvajal1.jpg?fit=529%2C351&ssl=1","jetpack_sharing_enabled":true,"jetpack_likes_enabled":true,"jetpack-related-posts":[],"_links":{"self":[{"href":"https:\/\/eltrabajo.cl\/portal\/wp-json\/wp\/v2\/posts\/46034","targetHints":{"allow":["GET"]}}],"collection":[{"href":"https:\/\/eltrabajo.cl\/portal\/wp-json\/wp\/v2\/posts"}],"about":[{"href":"https:\/\/eltrabajo.cl\/portal\/wp-json\/wp\/v2\/types\/post"}],"author":[{"embeddable":true,"href":"https:\/\/eltrabajo.cl\/portal\/wp-json\/wp\/v2\/users\/482"}],"replies":[{"embeddable":true,"href":"https:\/\/eltrabajo.cl\/portal\/wp-json\/wp\/v2\/comments?post=46034"}],"version-history":[{"count":0,"href":"https:\/\/eltrabajo.cl\/portal\/wp-json\/wp\/v2\/posts\/46034\/revisions"}],"wp:featuredmedia":[{"embeddable":true,"href":"https:\/\/eltrabajo.cl\/portal\/wp-json\/wp\/v2\/media\/46035"}],"wp:attachment":[{"href":"https:\/\/eltrabajo.cl\/portal\/wp-json\/wp\/v2\/media?parent=46034"}],"wp:term":[{"taxonomy":"category","embeddable":true,"href":"https:\/\/eltrabajo.cl\/portal\/wp-json\/wp\/v2\/categories?post=46034"},{"taxonomy":"post_tag","embeddable":true,"href":"https:\/\/eltrabajo.cl\/portal\/wp-json\/wp\/v2\/tags?post=46034"}],"curies":[{"name":"wp","href":"https:\/\/api.w.org\/{rel}","templated":true}]}}