{"id":46043,"date":"2014-04-30T09:13:09","date_gmt":"2014-04-30T13:13:09","guid":{"rendered":"http:\/\/www.eltrabajo.cl\/portal\/?p=46043"},"modified":"2014-04-30T09:13:09","modified_gmt":"2014-04-30T13:13:09","slug":"clientes-deambulan-por-la-ciudad-en-busca-de-oficinas-de-esval-para-pagar","status":"publish","type":"post","link":"https:\/\/eltrabajo.cl\/portal\/clientes-deambulan-por-la-ciudad-en-busca-de-oficinas-de-esval-para-pagar\/","title":{"rendered":"Clientes deambulan por la ciudad en busca de oficinas de Esval para pagar"},"content":{"rendered":"<figure id=\"attachment_46044\" aria-describedby=\"caption-attachment-46044\" style=\"width: 317px\" class=\"wp-caption alignleft\"><a href=\"https:\/\/i0.wp.com\/www.eltrabajo.cl\/portal\/wp-content\/uploads\/2014\/04\/Rolando-Stevenson.jpg\"><img data-recalc-dims=\"1\" loading=\"lazy\" decoding=\"async\" class=\" wp-image-46044 \" alt=\"Consejero Regional Rolando Stevenson Velasco.\" src=\"https:\/\/i0.wp.com\/www.eltrabajo.cl\/portal\/wp-content\/uploads\/2014\/04\/Rolando-Stevenson.jpg?resize=317%2C310\" width=\"317\" height=\"310\" srcset=\"https:\/\/i0.wp.com\/eltrabajo.cl\/portal\/wp-content\/uploads\/2014\/04\/Rolando-Stevenson.jpg?w=529&amp;ssl=1 529w, https:\/\/i0.wp.com\/eltrabajo.cl\/portal\/wp-content\/uploads\/2014\/04\/Rolando-Stevenson.jpg?resize=153%2C150&amp;ssl=1 153w, https:\/\/i0.wp.com\/eltrabajo.cl\/portal\/wp-content\/uploads\/2014\/04\/Rolando-Stevenson.jpg?resize=300%2C292&amp;ssl=1 300w, https:\/\/i0.wp.com\/eltrabajo.cl\/portal\/wp-content\/uploads\/2014\/04\/Rolando-Stevenson.jpg?resize=150%2C146&amp;ssl=1 150w, https:\/\/i0.wp.com\/eltrabajo.cl\/portal\/wp-content\/uploads\/2014\/04\/Rolando-Stevenson.jpg?resize=400%2C390&amp;ssl=1 400w\" sizes=\"auto, (max-width: 317px) 100vw, 317px\" \/><\/a><figcaption id=\"caption-attachment-46044\" class=\"wp-caption-text\">Consejero Regional Rolando Stevenson Velasco.<\/figcaption><\/figure>\n<p>D\u00eda a d\u00eda se acumulan los reclamos de los clientes de Esval por la eliminaci\u00f3n de las oficinas de pago de este servicio, indic\u00f3 el Consejero Regional Rolando Stevenson, quien desde hace mucho tiempo se\u00f1al\u00f3 los inconvenientes de esta decisi\u00f3n empresarial.<\/p>\n<p>\u00abEn efecto, son muchas las personas de la tercera edad en especial que deambulan por diferentes centros de pago para cumplir con la cancelaci\u00f3n de sus cuentas de agua, sin embargo no todos los lugares ofertados por Esval acogen los pagos, pues tienen diversas exigencias, en algunos no se pueden usar tarjetas de d\u00e9bito, en otros cheques o simplemente las personas no est\u00e1n en condiciones de seguir todas las instrucciones de servicios en pantalla o v\u00eda Internet\u00bb.<\/p>\n<p>A lo expuesto hay que agregar que los dineros pagados no se abonan al instante en la cuenta de Esval, por lo tanto muchas veces se cobran multas por pago fuera de plazo sin que esto sea responsabilidad del pagador.<\/p>\n<p>\u00abEs incre\u00edble que los miles de usuarios de Esval del Valle del Aconcagua tengan que realizar verdaderos viacrucis para cumplir con el pago de las cuentas del consumo de agua potable, valores que se aumentan con el cobro de arriendo de medidor, uso de alcantarillado y tratamiento de aguas servidas lo que dobla generalmente el valor del consumo de metros c\u00fabicos de agua\u00bb, agreg\u00f3 Stevenson.<\/p>\n<p>Cuando la empresa anunci\u00f3 la eliminaci\u00f3n de sus cajas receptoras de pago, ello se present\u00f3 como una decisi\u00f3n en beneficio de sus clientes, cosa que ha resultado totalmente al contrario.<\/p>\n<p>El Core Stevenson se entrevistar\u00e1 en Valpara\u00edso con los ejecutivos de Esval, de manera de encontrar una soluci\u00f3n favorable a los consumidores del Valle de Aconcagua en una situaci\u00f3n que afecta sobre todo a las personas de la tercera edad, discapacitados y personas que no se manejan con sistemas bancarios o computacionales.<\/p>\n<p>&nbsp;<\/p>\n","protected":false},"excerpt":{"rendered":"<p>D\u00eda a d\u00eda se acumulan los reclamos de los clientes de Esval por la eliminaci\u00f3n de las oficinas de pago de este servicio, indic\u00f3 el Consejero Regional Rolando Stevenson, quien desde hace&#8230;<\/p>\n","protected":false},"author":482,"featured_media":46044,"comment_status":"open","ping_status":"closed","sticky":false,"template":"","format":"standard","meta":{"advanced_seo_description":"","jetpack_seo_html_title":"","jetpack_seo_noindex":false,"_jetpack_memberships_contains_paid_content":false,"footnotes":""},"categories":[15],"tags":[],"class_list":["post-46043","post","type-post","status-publish","format-standard","has-post-thumbnail","hentry","category-comunidad"],"jetpack_featured_media_url":"https:\/\/i0.wp.com\/eltrabajo.cl\/portal\/wp-content\/uploads\/2014\/04\/Rolando-Stevenson.jpg?fit=529%2C516&ssl=1","jetpack_sharing_enabled":true,"jetpack_likes_enabled":true,"jetpack-related-posts":[],"_links":{"self":[{"href":"https:\/\/eltrabajo.cl\/portal\/wp-json\/wp\/v2\/posts\/46043","targetHints":{"allow":["GET"]}}],"collection":[{"href":"https:\/\/eltrabajo.cl\/portal\/wp-json\/wp\/v2\/posts"}],"about":[{"href":"https:\/\/eltrabajo.cl\/portal\/wp-json\/wp\/v2\/types\/post"}],"author":[{"embeddable":true,"href":"https:\/\/eltrabajo.cl\/portal\/wp-json\/wp\/v2\/users\/482"}],"replies":[{"embeddable":true,"href":"https:\/\/eltrabajo.cl\/portal\/wp-json\/wp\/v2\/comments?post=46043"}],"version-history":[{"count":0,"href":"https:\/\/eltrabajo.cl\/portal\/wp-json\/wp\/v2\/posts\/46043\/revisions"}],"wp:featuredmedia":[{"embeddable":true,"href":"https:\/\/eltrabajo.cl\/portal\/wp-json\/wp\/v2\/media\/46044"}],"wp:attachment":[{"href":"https:\/\/eltrabajo.cl\/portal\/wp-json\/wp\/v2\/media?parent=46043"}],"wp:term":[{"taxonomy":"category","embeddable":true,"href":"https:\/\/eltrabajo.cl\/portal\/wp-json\/wp\/v2\/categories?post=46043"},{"taxonomy":"post_tag","embeddable":true,"href":"https:\/\/eltrabajo.cl\/portal\/wp-json\/wp\/v2\/tags?post=46043"}],"curies":[{"name":"wp","href":"https:\/\/api.w.org\/{rel}","templated":true}]}}