{"id":46052,"date":"2014-04-30T09:16:36","date_gmt":"2014-04-30T13:16:36","guid":{"rendered":"http:\/\/www.eltrabajo.cl\/portal\/?p=46052"},"modified":"2014-04-30T09:16:36","modified_gmt":"2014-04-30T13:16:36","slug":"desarrollaran-mejoramiento-urbano-en-24-nuevos-barrios-de-la-region","status":"publish","type":"post","link":"https:\/\/eltrabajo.cl\/portal\/desarrollaran-mejoramiento-urbano-en-24-nuevos-barrios-de-la-region\/","title":{"rendered":"Desarrollar\u00e1n mejoramiento urbano en 24 nuevos barrios de la Regi\u00f3n"},"content":{"rendered":"<figure id=\"attachment_46053\" aria-describedby=\"caption-attachment-46053\" style=\"width: 528px\" class=\"wp-caption alignnone\"><a href=\"https:\/\/i0.wp.com\/www.eltrabajo.cl\/portal\/wp-content\/uploads\/2014\/04\/Trasandino1.jpg\"><img data-recalc-dims=\"1\" loading=\"lazy\" decoding=\"async\" class=\"size-full wp-image-46053\" alt=\"Las comunas que cuentan con este requisito son Villa Alemana, Quilpu\u00e9, San Felipe, Vi\u00f1a del Mar, Los Andes, San Antonio, La Calera, Valpara\u00edso, Quintero, Llay Llay, Quillota y Con Con.\" src=\"https:\/\/i0.wp.com\/www.eltrabajo.cl\/portal\/wp-content\/uploads\/2014\/04\/Trasandino1.jpg?resize=528%2C401\" width=\"528\" height=\"401\" srcset=\"https:\/\/i0.wp.com\/eltrabajo.cl\/portal\/wp-content\/uploads\/2014\/04\/Trasandino1.jpg?w=528&amp;ssl=1 528w, https:\/\/i0.wp.com\/eltrabajo.cl\/portal\/wp-content\/uploads\/2014\/04\/Trasandino1.jpg?resize=197%2C150&amp;ssl=1 197w, https:\/\/i0.wp.com\/eltrabajo.cl\/portal\/wp-content\/uploads\/2014\/04\/Trasandino1.jpg?resize=300%2C227&amp;ssl=1 300w, https:\/\/i0.wp.com\/eltrabajo.cl\/portal\/wp-content\/uploads\/2014\/04\/Trasandino1.jpg?resize=150%2C113&amp;ssl=1 150w, https:\/\/i0.wp.com\/eltrabajo.cl\/portal\/wp-content\/uploads\/2014\/04\/Trasandino1.jpg?resize=400%2C303&amp;ssl=1 400w\" sizes=\"auto, (max-width: 528px) 100vw, 528px\" \/><\/a><figcaption id=\"caption-attachment-46053\" class=\"wp-caption-text\">Las comunas que cuentan con este requisito son Villa Alemana, Quilpu\u00e9, San Felipe, Vi\u00f1a del Mar, Los Andes, San Antonio, La Calera, Valpara\u00edso, Quintero, Llay Llay, Quillota y Con Con.<\/figcaption><\/figure>\n<p><strong>ACONCAGUA-<\/strong> Un jurado regional deber\u00e1 seleccionar los 24 nuevos barrios que ser\u00e1n intervenidos urbana y socialmente a trav\u00e9s del Programa Quiero mi barrio, del Ministerio de Vivienda y Urbanismo (Minvu). El equipo profesional y t\u00e9cnico de la Seremi de Vivienda y Urbanismo est\u00e1 trabajando en la coordinaci\u00f3n del proceso de selecci\u00f3n de los nuevos barrios, que deben ser postulados por los municipios de cada comuna de acuerdo a requisitos y especificaciones t\u00e9cnicas establecidas por el Minvu.<\/p>\n<p><strong>\u00a0JURADO REGIONAL<\/strong><\/p>\n<p>El concurso de barrio se encuentra en proceso de postulaci\u00f3n. Hasta el 30 de abril tienen plazo los municipios para ingresar sus expedientes. Luego viene la etapa de revisi\u00f3n y admisibilidad de las propuestas. El Jurado Regional deber\u00e1 definir los nombres de los 24 barrios antes del 6 de junio del presente a\u00f1o.<\/p>\n<p>Este Jurado Regional estar\u00e1 compuesto por el Intendente Regional; un representante del Gobierno Regional; el Seremi de Vivienda y Urbanismo; el Seremi de Desarrollo Social; el Director del Serviu; el Jefe Unidad Regional Subdere; el Secretario T\u00e9cnico de Barrios Seremi Minvu y un representante de la Secretar\u00eda Ejecutiva de Barrios Minvu.<\/p>\n<p>El Seremi de Vivienda y Urbanismo, Mauricio Candia, destac\u00f3 que \u201cesto es parte de la medida 50 de los compromisos presidenciales para los primeros 100 d\u00edas de la Presidente Michelle Bachelet. Para este gobierno toda familia merece vivir en un barrio amable, con espacios p\u00fablicos bien acondicionados, con lugares para el encuentro, el deporte y la recreaci\u00f3n. Por eso, seguiremos trabajando con fuerza en el Programa Quiero mi barrio para aportar en el mejoramiento de la calidad de vida que miles de familias de la Regi\u00f3n de Valpara\u00edso se merecen\u201d, se\u00f1al\u00f3 Candia.<\/p>\n<p>En tanto el Director de Serviu, Nelson Basaes, se\u00f1al\u00f3 que \u201cnuestra acci\u00f3n p\u00fablica mandatada por la Presidente Michelle Bachelet es generar ciudades m\u00e1s equitativas, inclusivas y justas, donde las personas puedan sentirse parte de esa ciudad que le es propia. Como Ministerio en la Regi\u00f3n, tenemos que hacernos cargo de enfrentar la desigualdad, a trav\u00e9s de todos nuestros programas, poniendo especial \u00e9nfasis en restablecer una pol\u00edtica urbano habitacional que garantice equidad e integraci\u00f3n social, orientado a satisfacer las necesidades de vivienda, pero poniendo acento tanto en la calidad de \u00e9sta como en la de los barrios en los que se sit\u00faan\u201d, asegur\u00f3 Basaes.<\/p>\n<p>El Ministerio de Vivienda y Urbanismo ha programado una inversi\u00f3n aproximada de $16.500 millones a distribuir en los 24 barrios seleccionados. La implementaci\u00f3n del programa en cada uno de ellos ser\u00e1 diferida dentro del periodo 2014 y 2018.<\/p>\n<p><strong>\u00a0SAN FELIPE\u00a0EN LA LISTA<\/strong><\/p>\n<p>Este trabajo se sumar\u00e1 a los 20 Barrios que actualmente se encuentran en ejecuci\u00f3n en distintas comunas de la Regi\u00f3n de Valpara\u00edso. Los 24 barrios a seleccionar estar\u00e1n definidos de la siguiente manera: Unos 15 Barrios deber\u00e1n ser identificados a trav\u00e9s de comunas que cuentan con Zonas Prioritaria y m\u00e1s de 20.000 habitantes. Las ciudades que pueden postular son: San Antonio, Valpara\u00edso, Vi\u00f1a del Mar, Quilpu\u00e9, Villa Alemana, Limache, Quillota, La Calera, San Felipe, Los Andes, La Ligua.<\/p>\n<p>Seis barrios deber\u00e1n ser identificados porque cuentan con una intervenci\u00f3n previa del Programa Condominios Sociales del Minvu. Las comunas que cuentan con este requisito son Villa Alemana, Quilpu\u00e9, San Felipe, Vi\u00f1a del Mar, Los Andes, San Antonio, La Calera, Valpara\u00edso, Quintero, Llay Llay, Quillota y Con Con.<\/p>\n<p>Tres barrios deber\u00e1n ser identificados como prioritarios por la Seremi Minvu y seleccionados por un Jurado Regional. Estas zonas deben cumplir con las siguientes caracter\u00edsticas: presentar altos niveles de vulnerabilidad f\u00edsica y social, tener entre 250 y 500 viviendas, podr\u00e1n ser barrios con caracter\u00edsticas patrimoniales u otras de inter\u00e9s de la Regi\u00f3n.<\/p>\n","protected":false},"excerpt":{"rendered":"<p>ACONCAGUA- Un jurado regional deber\u00e1 seleccionar los 24 nuevos barrios que ser\u00e1n intervenidos urbana y socialmente a trav\u00e9s del Programa Quiero mi barrio, del Ministerio de Vivienda y Urbanismo (Minvu). El equipo&#8230;<\/p>\n","protected":false},"author":482,"featured_media":46053,"comment_status":"open","ping_status":"closed","sticky":false,"template":"","format":"standard","meta":{"advanced_seo_description":"","jetpack_seo_html_title":"","jetpack_seo_noindex":false,"_jetpack_memberships_contains_paid_content":false,"footnotes":""},"categories":[1],"tags":[],"class_list":["post-46052","post","type-post","status-publish","format-standard","has-post-thumbnail","hentry","category-cronica"],"jetpack_featured_media_url":"https:\/\/i0.wp.com\/eltrabajo.cl\/portal\/wp-content\/uploads\/2014\/04\/Trasandino1.jpg?fit=528%2C401&ssl=1","jetpack_sharing_enabled":true,"jetpack_likes_enabled":true,"jetpack-related-posts":[],"_links":{"self":[{"href":"https:\/\/eltrabajo.cl\/portal\/wp-json\/wp\/v2\/posts\/46052","targetHints":{"allow":["GET"]}}],"collection":[{"href":"https:\/\/eltrabajo.cl\/portal\/wp-json\/wp\/v2\/posts"}],"about":[{"href":"https:\/\/eltrabajo.cl\/portal\/wp-json\/wp\/v2\/types\/post"}],"author":[{"embeddable":true,"href":"https:\/\/eltrabajo.cl\/portal\/wp-json\/wp\/v2\/users\/482"}],"replies":[{"embeddable":true,"href":"https:\/\/eltrabajo.cl\/portal\/wp-json\/wp\/v2\/comments?post=46052"}],"version-history":[{"count":0,"href":"https:\/\/eltrabajo.cl\/portal\/wp-json\/wp\/v2\/posts\/46052\/revisions"}],"wp:featuredmedia":[{"embeddable":true,"href":"https:\/\/eltrabajo.cl\/portal\/wp-json\/wp\/v2\/media\/46053"}],"wp:attachment":[{"href":"https:\/\/eltrabajo.cl\/portal\/wp-json\/wp\/v2\/media?parent=46052"}],"wp:term":[{"taxonomy":"category","embeddable":true,"href":"https:\/\/eltrabajo.cl\/portal\/wp-json\/wp\/v2\/categories?post=46052"},{"taxonomy":"post_tag","embeddable":true,"href":"https:\/\/eltrabajo.cl\/portal\/wp-json\/wp\/v2\/tags?post=46052"}],"curies":[{"name":"wp","href":"https:\/\/api.w.org\/{rel}","templated":true}]}}