{"id":46055,"date":"2014-04-30T09:18:01","date_gmt":"2014-04-30T13:18:01","guid":{"rendered":"http:\/\/www.eltrabajo.cl\/portal\/?p=46055"},"modified":"2014-04-30T09:18:01","modified_gmt":"2014-04-30T13:18:01","slug":"presentan-proyectos-a-distintos-tipos-de-financiamiento","status":"publish","type":"post","link":"https:\/\/eltrabajo.cl\/portal\/presentan-proyectos-a-distintos-tipos-de-financiamiento\/","title":{"rendered":"Presentan proyectos a distintos tipos de financiamiento"},"content":{"rendered":"<figure id=\"attachment_46056\" aria-describedby=\"caption-attachment-46056\" style=\"width: 317px\" class=\"wp-caption alignleft\"><a href=\"https:\/\/i0.wp.com\/www.eltrabajo.cl\/portal\/wp-content\/uploads\/2014\/04\/claudio-paredes1.jpg\"><img data-recalc-dims=\"1\" loading=\"lazy\" decoding=\"async\" class=\" wp-image-46056 \" alt=\"Secretario Comunal de Planificaci\u00f3n, Claudio Paredes.\" src=\"https:\/\/i0.wp.com\/www.eltrabajo.cl\/portal\/wp-content\/uploads\/2014\/04\/claudio-paredes1.jpg?resize=317%2C297\" width=\"317\" height=\"297\" srcset=\"https:\/\/i0.wp.com\/eltrabajo.cl\/portal\/wp-content\/uploads\/2014\/04\/claudio-paredes1.jpg?w=529&amp;ssl=1 529w, https:\/\/i0.wp.com\/eltrabajo.cl\/portal\/wp-content\/uploads\/2014\/04\/claudio-paredes1.jpg?resize=160%2C150&amp;ssl=1 160w, https:\/\/i0.wp.com\/eltrabajo.cl\/portal\/wp-content\/uploads\/2014\/04\/claudio-paredes1.jpg?resize=300%2C280&amp;ssl=1 300w, https:\/\/i0.wp.com\/eltrabajo.cl\/portal\/wp-content\/uploads\/2014\/04\/claudio-paredes1.jpg?resize=150%2C140&amp;ssl=1 150w, https:\/\/i0.wp.com\/eltrabajo.cl\/portal\/wp-content\/uploads\/2014\/04\/claudio-paredes1.jpg?resize=400%2C374&amp;ssl=1 400w\" sizes=\"auto, (max-width: 317px) 100vw, 317px\" \/><\/a><figcaption id=\"caption-attachment-46056\" class=\"wp-caption-text\">Secretario Comunal de Planificaci\u00f3n, Claudio Paredes.<\/figcaption><\/figure>\n<p>Una importante cantidad de proyectos han sido presentados por la Municipalidad de San Felipe en lo que va del a\u00f1o a distintos tipos de financiamiento, lo que constituye una cartera nueva de iniciativas que buscan mejorar la calidad de vida de los vecinos de los distintos sectores de la comuna.<\/p>\n<p>Seg\u00fan explic\u00f3 el Secretario Comunal de Planificaci\u00f3n, Claudio Paredes, ya se present\u00f3 el proyecto de dise\u00f1o para la construcci\u00f3n de una nueva sede en el sector de La Santita, una iniciativa bastante importante, de alrededor de $100 millones y que contempla el mejoramiento de la multi-cancha; la construcci\u00f3n de una sede nueva que albergar\u00e1 a la junta de vecinos y al club deportivo, a lo que se suma el mejoramiento del entorno. Este es un proyecto que la Secretar\u00eda de Planificaci\u00f3n est\u00e1 trabajando y que fue presentado el Gobierno Regional.<\/p>\n<p>Asimismo, una de las l\u00edneas prioritarias del Alcalde Patricio Freire es el mejoramiento de los pavimentos, por lo que se presentaron, en etapa de dise\u00f1o, cuatro proyectos importantes, que contemplan el mejoramiento de las calles Merced, Prat, Coimas y la apertura de Avenida Costanera Norte.<\/p>\n<p>\u00abTodo esto est\u00e1 en etapa de dise\u00f1o y lo que buscan es una mejor conexi\u00f3n y est\u00e1ndar de los pavimentos de la comuna\u00bb, dijo Paredes. Otro aspecto importante es el saneamiento sanitario, y en este \u00e1mbito se presentaron para el a\u00f1o 2014 los proyectos de construcci\u00f3n del alcantarillado, en etapa de ejecuci\u00f3n, los sectores de 21 de Mayo, La Troya y el agua potable para el sector de Parras\u00eda.<\/p>\n<p>\u00abEn su conjunto son proyectos que involucran sobre $1.600 millones, esperamos contar con la aprobaci\u00f3n t\u00e9cnica este a\u00f1o para poder obtener los recursos, con el apoyo de nuestros Consejeros Regionales para el a\u00f1o 2015\u00bb, sostuvo Paredes.<\/p>\n<p>En tanto el proyecto de pavimentaci\u00f3n de Belisario Montenegro, est\u00e1 en etapa de Aprobaci\u00f3n Serviu, con una inversi\u00f3n cercana a los $800 millones.<\/p>\n<p>Esta cartera de proyectos ha sido presentada desde el mes de marzo y actualmente el municipio se encuentra en etapa de observaci\u00f3n del an\u00e1lisis t\u00e9cnico del Ministerio de Desarrollo Social, adem\u00e1s de conseguir las aprobaciones de Serviu para el caso de los pavimentos y de Esval para los proyectos de alcantarillado.<\/p>\n<p>&nbsp;<\/p>\n","protected":false},"excerpt":{"rendered":"<p>Una importante cantidad de proyectos han sido presentados por la Municipalidad de San Felipe en lo que va del a\u00f1o a distintos tipos de financiamiento, lo que constituye una cartera nueva de&#8230;<\/p>\n","protected":false},"author":482,"featured_media":46056,"comment_status":"open","ping_status":"closed","sticky":false,"template":"","format":"standard","meta":{"advanced_seo_description":"","jetpack_seo_html_title":"","jetpack_seo_noindex":false,"_jetpack_memberships_contains_paid_content":false,"footnotes":""},"categories":[1],"tags":[],"class_list":["post-46055","post","type-post","status-publish","format-standard","has-post-thumbnail","hentry","category-cronica"],"jetpack_featured_media_url":"https:\/\/i0.wp.com\/eltrabajo.cl\/portal\/wp-content\/uploads\/2014\/04\/claudio-paredes1.jpg?fit=529%2C495&ssl=1","jetpack_sharing_enabled":true,"jetpack_likes_enabled":true,"jetpack-related-posts":[],"_links":{"self":[{"href":"https:\/\/eltrabajo.cl\/portal\/wp-json\/wp\/v2\/posts\/46055","targetHints":{"allow":["GET"]}}],"collection":[{"href":"https:\/\/eltrabajo.cl\/portal\/wp-json\/wp\/v2\/posts"}],"about":[{"href":"https:\/\/eltrabajo.cl\/portal\/wp-json\/wp\/v2\/types\/post"}],"author":[{"embeddable":true,"href":"https:\/\/eltrabajo.cl\/portal\/wp-json\/wp\/v2\/users\/482"}],"replies":[{"embeddable":true,"href":"https:\/\/eltrabajo.cl\/portal\/wp-json\/wp\/v2\/comments?post=46055"}],"version-history":[{"count":0,"href":"https:\/\/eltrabajo.cl\/portal\/wp-json\/wp\/v2\/posts\/46055\/revisions"}],"wp:featuredmedia":[{"embeddable":true,"href":"https:\/\/eltrabajo.cl\/portal\/wp-json\/wp\/v2\/media\/46056"}],"wp:attachment":[{"href":"https:\/\/eltrabajo.cl\/portal\/wp-json\/wp\/v2\/media?parent=46055"}],"wp:term":[{"taxonomy":"category","embeddable":true,"href":"https:\/\/eltrabajo.cl\/portal\/wp-json\/wp\/v2\/categories?post=46055"},{"taxonomy":"post_tag","embeddable":true,"href":"https:\/\/eltrabajo.cl\/portal\/wp-json\/wp\/v2\/tags?post=46055"}],"curies":[{"name":"wp","href":"https:\/\/api.w.org\/{rel}","templated":true}]}}