{"id":46073,"date":"2014-04-30T09:27:41","date_gmt":"2014-04-30T13:27:41","guid":{"rendered":"http:\/\/www.eltrabajo.cl\/portal\/?p=46073"},"modified":"2014-04-30T09:27:41","modified_gmt":"2014-04-30T13:27:41","slug":"denuncian-graves-irregularidades-en-jardines-infantiles-vtf","status":"publish","type":"post","link":"https:\/\/eltrabajo.cl\/portal\/denuncian-graves-irregularidades-en-jardines-infantiles-vtf\/","title":{"rendered":"Denuncian graves irregularidades en jardines infantiles VTF"},"content":{"rendered":"<figure id=\"attachment_46074\" aria-describedby=\"caption-attachment-46074\" style=\"width: 528px\" class=\"wp-caption alignnone\"><a href=\"https:\/\/i0.wp.com\/www.eltrabajo.cl\/portal\/wp-content\/uploads\/2014\/04\/Jardin1.jpg\"><img data-recalc-dims=\"1\" loading=\"lazy\" decoding=\"async\" class=\"size-full wp-image-46074\" alt=\"Las anomal\u00edas estar\u00edan ocurriendo en la mayor\u00eda de los jardines infantiles y de manera especial en el Jard\u00edn Infantil Huipi Peiki\u00f1n de Las Coimas.\" src=\"https:\/\/i0.wp.com\/www.eltrabajo.cl\/portal\/wp-content\/uploads\/2014\/04\/Jardin1.jpg?resize=528%2C289\" width=\"528\" height=\"289\" srcset=\"https:\/\/i0.wp.com\/eltrabajo.cl\/portal\/wp-content\/uploads\/2014\/04\/Jardin1.jpg?w=528&amp;ssl=1 528w, https:\/\/i0.wp.com\/eltrabajo.cl\/portal\/wp-content\/uploads\/2014\/04\/Jardin1.jpg?resize=200%2C109&amp;ssl=1 200w, https:\/\/i0.wp.com\/eltrabajo.cl\/portal\/wp-content\/uploads\/2014\/04\/Jardin1.jpg?resize=300%2C164&amp;ssl=1 300w, https:\/\/i0.wp.com\/eltrabajo.cl\/portal\/wp-content\/uploads\/2014\/04\/Jardin1.jpg?resize=150%2C82&amp;ssl=1 150w, https:\/\/i0.wp.com\/eltrabajo.cl\/portal\/wp-content\/uploads\/2014\/04\/Jardin1.jpg?resize=400%2C218&amp;ssl=1 400w\" sizes=\"auto, (max-width: 528px) 100vw, 528px\" \/><\/a><figcaption id=\"caption-attachment-46074\" class=\"wp-caption-text\">Las anomal\u00edas estar\u00edan ocurriendo en la mayor\u00eda de los jardines infantiles y de manera especial en el Jard\u00edn Infantil Huipi Peiki\u00f1n de Las Coimas.<\/figcaption><\/figure>\n<p><strong>PUTAENDO.<\/strong>&#8211; Una grave denuncia de irregularidades que se estar\u00edan cometiendo en algunos jardines infantiles VTF (V\u00eda Transferencia Fondos) recibi\u00f3 nuestro medio. Quienes realizaron estas denuncias se contactaron con Diario El Trabajo y pidieron reserva de su identidad por miedo a eventuales represalias.<\/p>\n<p><strong>\u00a0ANOMAL\u00cdAS EN ASISTENCIAS<\/strong><\/p>\n<p>Las denunciantes se\u00f1alan que en la mayor\u00eda de los jardines infantiles VTF, las profesionales encargadas ordenan adulterar la asistencia diaria de los peque\u00f1os, esto con la finalidad de que el pago de la subvenci\u00f3n no se vea afectado, lo que seg\u00fan las denunciantes, incluso ser\u00eda ordenado por parte de una funcionaria de la Municipalidad de Putaendo.<\/p>\n<figure id=\"attachment_46075\" aria-describedby=\"caption-attachment-46075\" style=\"width: 317px\" class=\"wp-caption alignright\"><a href=\"https:\/\/i0.wp.com\/www.eltrabajo.cl\/portal\/wp-content\/uploads\/2014\/04\/Guillermo-Reyes.jpg\"><img data-recalc-dims=\"1\" loading=\"lazy\" decoding=\"async\" class=\" wp-image-46075 \" alt=\"El Alcalde Guillermo Reyes orden\u00f3 una inmediata y profunda investigaci\u00f3n.\" src=\"https:\/\/i0.wp.com\/www.eltrabajo.cl\/portal\/wp-content\/uploads\/2014\/04\/Guillermo-Reyes.jpg?resize=317%2C215\" width=\"317\" height=\"215\" srcset=\"https:\/\/i0.wp.com\/eltrabajo.cl\/portal\/wp-content\/uploads\/2014\/04\/Guillermo-Reyes.jpg?w=528&amp;ssl=1 528w, https:\/\/i0.wp.com\/eltrabajo.cl\/portal\/wp-content\/uploads\/2014\/04\/Guillermo-Reyes.jpg?resize=200%2C135&amp;ssl=1 200w, https:\/\/i0.wp.com\/eltrabajo.cl\/portal\/wp-content\/uploads\/2014\/04\/Guillermo-Reyes.jpg?resize=300%2C203&amp;ssl=1 300w, https:\/\/i0.wp.com\/eltrabajo.cl\/portal\/wp-content\/uploads\/2014\/04\/Guillermo-Reyes.jpg?resize=150%2C101&amp;ssl=1 150w, https:\/\/i0.wp.com\/eltrabajo.cl\/portal\/wp-content\/uploads\/2014\/04\/Guillermo-Reyes.jpg?resize=400%2C271&amp;ssl=1 400w\" sizes=\"auto, (max-width: 317px) 100vw, 317px\" \/><\/a><figcaption id=\"caption-attachment-46075\" class=\"wp-caption-text\">El Alcalde Guillermo Reyes orden\u00f3 una inmediata y profunda investigaci\u00f3n.<\/figcaption><\/figure>\n<p>En este punto una de las denunciantes asegura que cuando consult\u00f3 por esta situaci\u00f3n, a lo menos an\u00f3mala, la encargada de uno de los jardines infantiles le se\u00f1al\u00f3 que esto es normal y que todos saben que as\u00ed se hace.<\/p>\n<p><strong>\u00a0ROBAN ALIMENTOS<\/strong><\/p>\n<p>Otra grave denuncia dice relaci\u00f3n con que las raciones de alimentos que son entregadas a los peque\u00f1os estar\u00edan siendo disminuidas en su proporci\u00f3n y que parte de la mercader\u00eda o alimentos ser\u00edan retirados desde los jardines infantiles por funcionarias que tienen a cargo esa tarea, en una pr\u00e1ctica que tambi\u00e9n ser\u00eda habitual.<\/p>\n<p><strong>\u00a0PERSONAL NO\u00a0ES TITULADO<\/strong><\/p>\n<p>Ser\u00edan las funcionarias o las \u2018t\u00edas\u2019, quienes estar\u00edan trabajando en jardines infantiles que no han obtenido su t\u00edtulo y que incluso no han aprobado los ex\u00e1menes psicol\u00f3gicos para desempe\u00f1ar sus funciones a cargo de menores de edad, lo que estar\u00eda en conocimiento de los encargados de los jardines infantiles y tambi\u00e9n de las autoridades de educaci\u00f3n del municipio.<\/p>\n<p><strong>SIN JUGUETES<\/strong><\/p>\n<p>Otra de las denuncias dice relaci\u00f3n con la falta de material did\u00e1ctico en algunos jardines infantiles y el mal estado de algunos juguetes, e incluso las denunciantes se\u00f1alaron que hay estantes de juguetes que literalmente est\u00e1n vac\u00edos.<\/p>\n<p>Estas denuncias se encuentran dentro de un contexto de situaciones, que seg\u00fan las denunciantes, estar\u00edan ocurriendo en la mayor\u00eda de los jardines infantiles y de manera especial en el Jard\u00edn Infantil Huipi Peiki\u00f1n de Las Coimas.<\/p>\n<p><strong>EN INVESTIGACI\u00d3N<\/strong><\/p>\n<p>Entendiendo que no podemos desmerecer el testimonio entregado a nuestro medio, es nuestra obligaci\u00f3n consultar a la contra parte por estas graves acusaciones, por lo que solicitamos ser recibidos por el Alcalde Guillermo Reyes para hablar de este delicado tema. Fue as\u00ed como en horas de la tarde de este lunes el alcalde de Putaendo junto al Administrador Municipal, Fabi\u00e1n Mu\u00f1oz, recibieron a Diario El Trabajo y en la ocasi\u00f3n Guillermo Reyes confirm\u00f3 que el jueves reci\u00e9n pasado recibi\u00f3 una denuncia formal en su despacho con la mayor parte de los hechos aqu\u00ed planteados por parte de una funcionaria de uno de los jardines infantiles VTF de Putaendo.<\/p>\n<p><strong>ORDENAN SUMARIO<\/strong><\/p>\n<p>El edil dijo que luego de recopilar algunos antecedentes, a primera hora de este lunes solicit\u00f3 al director de la Daem que se constituyera en el Jard\u00edn Infantil Huipi Peiki\u00f1n, adem\u00e1s asegur\u00f3 que firm\u00f3 un decreto para iniciar una investigaci\u00f3n sumaria en forma inmediata.<\/p>\n<p>Guillermo Reyes indic\u00f3 que le cuesta pensar que existan personas que pudiesen estar apropi\u00e1ndose de la alimentaci\u00f3n de los ni\u00f1os, ya que de acuerdo a lo que se le ha informado, la alimentaci\u00f3n la prepara un organismo externo con subvenci\u00f3n de la Junaeb, que son los que preparan los alimentos y que las raciones se preparan seg\u00fan la matr\u00edcula, por lo que al sobrar alg\u00fan tipo de alimento este se vota y la mercader\u00eda es devuelta a Junaeb, pero que al existir una denuncia formal espera que esta investigaci\u00f3n sumaria pueda clarificar esta grave situaci\u00f3n.<\/p>\n<p>Referente a las eventuales adulteraciones en la asistencia, el alcalde de Putaendo se\u00f1al\u00f3 que la Junji siempre ha fiscalizado exhaustivamente los jardines infantiles y que nunca se ha detectado una irregularidad, adem\u00e1s asegur\u00f3 que es de falsedad absoluta que alg\u00fan funcionario municipal est\u00e9 ordenando la adulteraci\u00f3n de la asistencia, ya que en cinco a\u00f1os como alcalde jam\u00e1s la Junji ha encontrado irregularidades de ese tipo y que s\u00f3lo las observaciones han sido por cosas menores y puso como ejemplo que en el caso de un jard\u00edn infantil la Junji encontr\u00f3 algunas observaciones luego que la directora no presentara una documentaci\u00f3n pues se encontraba con licencia m\u00e9dica.<\/p>\n<p>Guillermo Reyes dijo que hay per\u00edodos en los que se permite asimilar la asistencia en algunos meses, pero eso est\u00e1 normado y no es una adulteraci\u00f3n, aunque se\u00f1al\u00f3 que al recibir esta denuncia corresponde investigarla con absoluta seriedad.<\/p>\n<p>El alcalde de Putaendo asegur\u00f3 que hoy son tres los casos de t\u00edas o parvularias a las que le faltan horas de pr\u00e1ctica para obtener sus t\u00edtulos, pero indic\u00f3 que esto ya est\u00e1 autorizado por la Junji que permite que estas personas puedan trabajar mientras cumplen con las indicaciones para obtener su t\u00edtulo.<\/p>\n<p>Finalmente el edil dijo que no sabe si la persona que entreg\u00f3 los antecedentes y las denuncias personalmente en su despacho es una de las personas que realiz\u00f3 la denuncia a Diario El Trabajo, pero que como corresponde al recibir una denuncia formal y de manera personal los hechos deben ser investigados y que en ese sentido puede dar garant\u00edas que ya est\u00e1n siendo investigados, por lo que hizo un llamado a la prudencia y a no emitir juicios anticipados.<\/p>\n<p>Patricio Gallardo M.<\/p>\n","protected":false},"excerpt":{"rendered":"<p>PUTAENDO.&#8211; Una grave denuncia de irregularidades que se estar\u00edan cometiendo en algunos jardines infantiles VTF (V\u00eda Transferencia Fondos) recibi\u00f3 nuestro medio. Quienes realizaron estas denuncias se contactaron con Diario El Trabajo y&#8230;<\/p>\n","protected":false},"author":482,"featured_media":46074,"comment_status":"open","ping_status":"closed","sticky":false,"template":"","format":"standard","meta":{"advanced_seo_description":"","jetpack_seo_html_title":"","jetpack_seo_noindex":false,"_jetpack_memberships_contains_paid_content":false,"footnotes":""},"categories":[1],"tags":[],"class_list":["post-46073","post","type-post","status-publish","format-standard","has-post-thumbnail","hentry","category-cronica"],"jetpack_featured_media_url":"https:\/\/i0.wp.com\/eltrabajo.cl\/portal\/wp-content\/uploads\/2014\/04\/Jardin1.jpg?fit=528%2C289&ssl=1","jetpack_sharing_enabled":true,"jetpack_likes_enabled":true,"jetpack-related-posts":[],"_links":{"self":[{"href":"https:\/\/eltrabajo.cl\/portal\/wp-json\/wp\/v2\/posts\/46073","targetHints":{"allow":["GET"]}}],"collection":[{"href":"https:\/\/eltrabajo.cl\/portal\/wp-json\/wp\/v2\/posts"}],"about":[{"href":"https:\/\/eltrabajo.cl\/portal\/wp-json\/wp\/v2\/types\/post"}],"author":[{"embeddable":true,"href":"https:\/\/eltrabajo.cl\/portal\/wp-json\/wp\/v2\/users\/482"}],"replies":[{"embeddable":true,"href":"https:\/\/eltrabajo.cl\/portal\/wp-json\/wp\/v2\/comments?post=46073"}],"version-history":[{"count":0,"href":"https:\/\/eltrabajo.cl\/portal\/wp-json\/wp\/v2\/posts\/46073\/revisions"}],"wp:featuredmedia":[{"embeddable":true,"href":"https:\/\/eltrabajo.cl\/portal\/wp-json\/wp\/v2\/media\/46074"}],"wp:attachment":[{"href":"https:\/\/eltrabajo.cl\/portal\/wp-json\/wp\/v2\/media?parent=46073"}],"wp:term":[{"taxonomy":"category","embeddable":true,"href":"https:\/\/eltrabajo.cl\/portal\/wp-json\/wp\/v2\/categories?post=46073"},{"taxonomy":"post_tag","embeddable":true,"href":"https:\/\/eltrabajo.cl\/portal\/wp-json\/wp\/v2\/tags?post=46073"}],"curies":[{"name":"wp","href":"https:\/\/api.w.org\/{rel}","templated":true}]}}