{"id":46086,"date":"2014-05-02T09:45:37","date_gmt":"2014-05-02T13:45:37","guid":{"rendered":"http:\/\/www.eltrabajo.cl\/portal\/?p=46086"},"modified":"2014-05-02T09:45:37","modified_gmt":"2014-05-02T13:45:37","slug":"centro-de-apoyo-a-la-educacion-especial-inaugura-nuevo-patio-techado","status":"publish","type":"post","link":"https:\/\/eltrabajo.cl\/portal\/centro-de-apoyo-a-la-educacion-especial-inaugura-nuevo-patio-techado\/","title":{"rendered":"Centro de Apoyo a la Educaci\u00f3n Especial inaugura nuevo patio techado"},"content":{"rendered":"<figure id=\"attachment_46087\" aria-describedby=\"caption-attachment-46087\" style=\"width: 529px\" class=\"wp-caption alignnone\"><a href=\"https:\/\/i0.wp.com\/www.eltrabajo.cl\/portal\/wp-content\/uploads\/2014\/05\/Cinta1.jpg\"><img data-recalc-dims=\"1\" loading=\"lazy\" decoding=\"async\" class=\"size-full wp-image-46087\" alt=\"Apoderados junto a profesores procedieron al corte de cinta, que dio por inaugurado este hermoso patio techado que desde hoy en adelante proteger\u00e1 a los ni\u00f1os de la lluvia en el invierno y del sol en el verano.\" src=\"https:\/\/i0.wp.com\/www.eltrabajo.cl\/portal\/wp-content\/uploads\/2014\/05\/Cinta1.jpg?resize=529%2C387\" width=\"529\" height=\"387\" srcset=\"https:\/\/i0.wp.com\/eltrabajo.cl\/portal\/wp-content\/uploads\/2014\/05\/Cinta1.jpg?w=529&amp;ssl=1 529w, https:\/\/i0.wp.com\/eltrabajo.cl\/portal\/wp-content\/uploads\/2014\/05\/Cinta1.jpg?resize=200%2C146&amp;ssl=1 200w, https:\/\/i0.wp.com\/eltrabajo.cl\/portal\/wp-content\/uploads\/2014\/05\/Cinta1.jpg?resize=300%2C219&amp;ssl=1 300w, https:\/\/i0.wp.com\/eltrabajo.cl\/portal\/wp-content\/uploads\/2014\/05\/Cinta1.jpg?resize=150%2C109&amp;ssl=1 150w, https:\/\/i0.wp.com\/eltrabajo.cl\/portal\/wp-content\/uploads\/2014\/05\/Cinta1.jpg?resize=400%2C292&amp;ssl=1 400w\" sizes=\"auto, (max-width: 529px) 100vw, 529px\" \/><\/a><figcaption id=\"caption-attachment-46087\" class=\"wp-caption-text\">Apoderados junto a profesores procedieron al corte de cinta, que dio por inaugurado este hermoso patio techado que desde hoy en adelante proteger\u00e1 a los ni\u00f1os de la lluvia en el invierno y del sol en el verano.<\/figcaption><\/figure>\n<p><strong>PUTAENDO<\/strong>.- El Centro de Apoyo a la Educaci\u00f3n Especial de Putaendo, celebr\u00f3 su sexto aniversario con la inauguraci\u00f3n del anhelado nuevo patio techado del recinto.<\/p>\n<p>En el patio principal del colegio y con la presencia del Alcalde Guillermo Reyes; los concejales Sergio Zamora y Luis Sandoval; el Director del Daem Patricio Moreno; el Sargento Ren\u00e1n Cruz; la directora del establecimiento J\u00e9ssica N\u00fa\u00f1ez; la Presidente del Centro General de Padres y Apoderados, Soledad Gallardo; el personal docente, padres y apoderados, adem\u00e1s de los estudiantes del colegio, se dio inicio a la ceremonia en la cual el Centro de Apoyo a la Educaci\u00f3n Especial de Putaendo celebr\u00f3 su sexto aniversario.<\/p>\n<p>La directora del establecimiento, J\u00e9ssica N\u00fa\u00f1ez, record\u00f3 como hace seis a\u00f1os naci\u00f3 este proyecto cuya misi\u00f3n es promover el desarrollo integral de los estudiantes con capacidades diferentes y potenciar las habilidades a trav\u00e9s de un curr\u00edculum ecol\u00f3gico que fortalece la autoestima y la rehabilitaci\u00f3n, agregando que contar con un equipo de trabajo proactivo y multidisciplinario, un centro de padres comprometido con sus pupilos y docentes y una red de apoyo que siempre est\u00e1 dispuesta a colaborar ha permitido que por tercer per\u00edodo consecutivo este establecimiento educacional cuente con excelencia acad\u00e9mica.<\/p>\n<p>N\u00fa\u00f1ez adem\u00e1s indic\u00f3 que seguir\u00e1n trabajando para lograr un incremento de subvenci\u00f3n para aquellos estudiantes que presentan mayor necesidad educativa y dijo que la tarea continuar\u00e1 d\u00eda a d\u00eda con un trabajo sistem\u00e1tico y colaborativo, adem\u00e1s agradeci\u00f3 el compromiso y apoyo de las autoridades locales, lo que permitir\u00e1 seguir entregando una buena educaci\u00f3n a ni\u00f1os y j\u00f3venes con capacidades diferentes que merecen que la sociedad sea m\u00e1s justa con ellos, m\u00e1s inclusiva y m\u00e1s respetuosa.<\/p>\n<p>Los estudiantes de los distintos niveles cautivaron a todos los presentes con hermosas representaciones que mostraron a trav\u00e9s de la poes\u00eda, el baile y el humor, un tremendo esfuerzo por parte de los estudiantes y un excelente trabajo de quienes tienen la noble labor de ense\u00f1arles.<\/p>\n<p>Para ninguno de los presentes pas\u00f3 inadvertida cada una de las presentaciones de los estudiantes que se ganaron el aplauso, el reconocimiento e incluso la emoci\u00f3n de quienes asistieron a esta ceremonia.<\/p>\n<p>Las autoridades presentes y miembros del Centro General de Padres y Apoderados junto a los profesores procedieron al corte de cinta que dio por inaugurado este hermoso patio techado que desde hoy en adelante proteger\u00e1 a los ni\u00f1os de la lluvia en el invierno y del sol en el verano, lo que era ampliamente esperado por toda la comunidad educativa.<\/p>\n<p>En sus palabras, el Alcalde Reyes felicit\u00f3 las presentaciones art\u00edsticas y se\u00f1al\u00f3 que este proyecto educativo cuenta y contar\u00e1 con todo el respaldo de la municipalidad, pues los ni\u00f1os y ni\u00f1as con capacidades diferentes necesitan no tan s\u00f3lo de mejores lugares, infraestructura y tecnolog\u00eda, sino que lo m\u00e1s importante es amor y mucho cari\u00f1o que en ese colegio se entrega de una manera real.<\/p>\n<p>La autoridad comunal record\u00f3 que hace un a\u00f1o atr\u00e1s en el quinto aniversario del colegio prometi\u00f3 que el patio techado ser\u00eda una realidad y que con mucho orgullo hoy, sobre todo en este aniversario, cumple la palabra empe\u00f1ada para felicitar a quienes conforman el Centro de Apoyo a la Educaci\u00f3n Especial de Putaendo.<\/p>\n<p>La actividad finaliz\u00f3 con un peque\u00f1o c\u00f3ctel para todos los presentes donde el Centro General de Padres y Apoderados aprovech\u00f3 de invitar al alcalde hasta la parte alta del establecimiento en la cual alguna vez existi\u00f3 una cancha y ya le solicitaron al alcalde la posibilidad de reparar y construir en ese lugar una nueva multi-cancha para los estudiantes del colegio.<\/p>\n<p>Patricio Gallardo M.<\/p>\n<div class=\"tiled-gallery type-rectangular tiled-gallery-unresized\" data-original-width=\"640\" data-carousel-extra='null' itemscope itemtype=\"http:\/\/schema.org\/ImageGallery\" > <div class=\"gallery-row\" style=\"width: 640px; height: 227px;\" data-original-width=\"640\" data-original-height=\"227\" > <div class=\"gallery-group images-1\" style=\"width: 307px; height: 227px;\" data-original-width=\"307\" data-original-height=\"227\" > <div class=\"tiled-gallery-item tiled-gallery-item-large\" itemprop=\"associatedMedia\" itemscope itemtype=\"http:\/\/schema.org\/ImageObject\"> <a href=\"https:\/\/eltrabajo.cl\/portal\/centro-de-apoyo-a-la-educacion-especial-inaugura-nuevo-patio-techado\/escuela2\/\" border=\"0\" itemprop=\"url\"> <meta itemprop=\"width\" content=\"303\"> <meta itemprop=\"height\" content=\"223\"> <img decoding=\"async\" class=\"\" data-attachment-id=\"46089\" data-orig-file=\"https:\/\/eltrabajo.cl\/portal\/wp-content\/uploads\/2014\/05\/Escuela2.jpg\" data-orig-size=\"529,389\" data-comments-opened=\"1\" data-image-meta=\"{&quot;aperture&quot;:&quot;10&quot;,&quot;credit&quot;:&quot;&quot;,&quot;camera&quot;:&quot;Canon EOS REBEL T3&quot;,&quot;caption&quot;:&quot;&quot;,&quot;created_timestamp&quot;:&quot;1386073748&quot;,&quot;copyright&quot;:&quot;&quot;,&quot;focal_length&quot;:&quot;44&quot;,&quot;iso&quot;:&quot;800&quot;,&quot;shutter_speed&quot;:&quot;0.005&quot;,&quot;title&quot;:&quot;&quot;}\" data-image-title=\"Escuela2\" data-image-description=\"&lt;p&gt;Para ninguno de los presentes pas\u00f3 inadvertida cada una de las presentaciones de los estudiantes que se ganaron el aplauso.&lt;\/p&gt; \" data-medium-file=\"https:\/\/i0.wp.com\/eltrabajo.cl\/portal\/wp-content\/uploads\/2014\/05\/Escuela2.jpg?fit=300%2C220&#038;ssl=1\" data-large-file=\"https:\/\/i0.wp.com\/eltrabajo.cl\/portal\/wp-content\/uploads\/2014\/05\/Escuela2.jpg?fit=529%2C389&#038;ssl=1\" src=\"https:\/\/i0.wp.com\/eltrabajo.cl\/portal\/wp-content\/uploads\/2014\/05\/Escuela2.jpg?w=303&#038;h=223&#038;ssl=1\" srcset=\"https:\/\/i0.wp.com\/eltrabajo.cl\/portal\/wp-content\/uploads\/2014\/05\/Escuela2.jpg?w=529&amp;ssl=1 529w, https:\/\/i0.wp.com\/eltrabajo.cl\/portal\/wp-content\/uploads\/2014\/05\/Escuela2.jpg?resize=200%2C147&amp;ssl=1 200w, https:\/\/i0.wp.com\/eltrabajo.cl\/portal\/wp-content\/uploads\/2014\/05\/Escuela2.jpg?resize=300%2C220&amp;ssl=1 300w, https:\/\/i0.wp.com\/eltrabajo.cl\/portal\/wp-content\/uploads\/2014\/05\/Escuela2.jpg?resize=150%2C110&amp;ssl=1 150w, https:\/\/i0.wp.com\/eltrabajo.cl\/portal\/wp-content\/uploads\/2014\/05\/Escuela2.jpg?resize=400%2C294&amp;ssl=1 400w\" width=\"303\" height=\"223\" loading=\"lazy\" data-original-width=\"303\" data-original-height=\"223\" itemprop=\"http:\/\/schema.org\/image\" title=\"Escuela2\" alt=\"Para ninguno de los presentes pas\u00f3 inadvertida cada una de las presentaciones de los estudiantes que se ganaron el aplauso.\" style=\"width: 303px; height: 223px;\" \/> <\/a> <div class=\"tiled-gallery-caption\" itemprop=\"caption description\"> Para ninguno de los presentes pas\u00f3 inadvertida cada una de las presentaciones de los estudiantes que se ganaron el aplauso. <\/div> <\/div> <\/div> <!-- close group --> <div class=\"gallery-group images-1\" style=\"width: 333px; height: 227px;\" data-original-width=\"333\" data-original-height=\"227\" > <div class=\"tiled-gallery-item tiled-gallery-item-large\" itemprop=\"associatedMedia\" itemscope itemtype=\"http:\/\/schema.org\/ImageObject\"> <a href=\"https:\/\/eltrabajo.cl\/portal\/centro-de-apoyo-a-la-educacion-especial-inaugura-nuevo-patio-techado\/escuela1-3\/\" border=\"0\" itemprop=\"url\"> <meta itemprop=\"width\" content=\"329\"> <meta itemprop=\"height\" content=\"223\"> <img decoding=\"async\" class=\"\" data-attachment-id=\"46088\" data-orig-file=\"https:\/\/eltrabajo.cl\/portal\/wp-content\/uploads\/2014\/05\/Escuela1.jpg\" data-orig-size=\"529,358\" data-comments-opened=\"1\" data-image-meta=\"{&quot;aperture&quot;:&quot;6.3&quot;,&quot;credit&quot;:&quot;&quot;,&quot;camera&quot;:&quot;Canon EOS REBEL T3&quot;,&quot;caption&quot;:&quot;&quot;,&quot;created_timestamp&quot;:&quot;1386073452&quot;,&quot;copyright&quot;:&quot;&quot;,&quot;focal_length&quot;:&quot;44&quot;,&quot;iso&quot;:&quot;100&quot;,&quot;shutter_speed&quot;:&quot;0.00625&quot;,&quot;title&quot;:&quot;&quot;}\" data-image-title=\"Escuela1\" data-image-description=\"&lt;p&gt;Los estudiantes de los distintos niveles cautivaron a todos los presentes con hermosas representaciones que mostraron a trav\u00e9s de la poes\u00eda, el baile y el humor.&lt;\/p&gt; \" data-medium-file=\"https:\/\/i0.wp.com\/eltrabajo.cl\/portal\/wp-content\/uploads\/2014\/05\/Escuela1.jpg?fit=300%2C203&#038;ssl=1\" data-large-file=\"https:\/\/i0.wp.com\/eltrabajo.cl\/portal\/wp-content\/uploads\/2014\/05\/Escuela1.jpg?fit=529%2C358&#038;ssl=1\" src=\"https:\/\/i0.wp.com\/eltrabajo.cl\/portal\/wp-content\/uploads\/2014\/05\/Escuela1.jpg?w=329&#038;h=223&#038;ssl=1\" srcset=\"https:\/\/i0.wp.com\/eltrabajo.cl\/portal\/wp-content\/uploads\/2014\/05\/Escuela1.jpg?w=529&amp;ssl=1 529w, https:\/\/i0.wp.com\/eltrabajo.cl\/portal\/wp-content\/uploads\/2014\/05\/Escuela1.jpg?resize=200%2C135&amp;ssl=1 200w, https:\/\/i0.wp.com\/eltrabajo.cl\/portal\/wp-content\/uploads\/2014\/05\/Escuela1.jpg?resize=300%2C203&amp;ssl=1 300w, https:\/\/i0.wp.com\/eltrabajo.cl\/portal\/wp-content\/uploads\/2014\/05\/Escuela1.jpg?resize=150%2C101&amp;ssl=1 150w, https:\/\/i0.wp.com\/eltrabajo.cl\/portal\/wp-content\/uploads\/2014\/05\/Escuela1.jpg?resize=400%2C270&amp;ssl=1 400w\" width=\"329\" height=\"223\" loading=\"lazy\" data-original-width=\"329\" data-original-height=\"223\" itemprop=\"http:\/\/schema.org\/image\" title=\"Escuela1\" alt=\"Los estudiantes de los distintos niveles cautivaron a todos los presentes con hermosas representaciones que mostraron a trav\u00e9s de la poes\u00eda, el baile y el humor.\" style=\"width: 329px; height: 223px;\" \/> <\/a> <div class=\"tiled-gallery-caption\" itemprop=\"caption description\"> Los estudiantes de los distintos niveles cautivaron a todos los presentes con hermosas representaciones que mostraron a trav\u00e9s de la poes\u00eda, el baile y el humor. <\/div> <\/div> <\/div> <!-- close group --> <\/div> <!-- close row --> <\/div>\n","protected":false},"excerpt":{"rendered":"<p>PUTAENDO.- El Centro de Apoyo a la Educaci\u00f3n Especial de Putaendo, celebr\u00f3 su sexto aniversario con la inauguraci\u00f3n del anhelado nuevo patio techado del recinto. En el patio principal del colegio y&#8230;<\/p>\n","protected":false},"author":482,"featured_media":46087,"comment_status":"open","ping_status":"closed","sticky":false,"template":"","format":"standard","meta":{"advanced_seo_description":"","jetpack_seo_html_title":"","jetpack_seo_noindex":false,"_jetpack_memberships_contains_paid_content":false,"footnotes":""},"categories":[15],"tags":[],"class_list":["post-46086","post","type-post","status-publish","format-standard","has-post-thumbnail","hentry","category-comunidad"],"jetpack_featured_media_url":"https:\/\/i0.wp.com\/eltrabajo.cl\/portal\/wp-content\/uploads\/2014\/05\/Cinta1.jpg?fit=529%2C387&ssl=1","jetpack_sharing_enabled":true,"jetpack_likes_enabled":true,"jetpack-related-posts":[],"_links":{"self":[{"href":"https:\/\/eltrabajo.cl\/portal\/wp-json\/wp\/v2\/posts\/46086","targetHints":{"allow":["GET"]}}],"collection":[{"href":"https:\/\/eltrabajo.cl\/portal\/wp-json\/wp\/v2\/posts"}],"about":[{"href":"https:\/\/eltrabajo.cl\/portal\/wp-json\/wp\/v2\/types\/post"}],"author":[{"embeddable":true,"href":"https:\/\/eltrabajo.cl\/portal\/wp-json\/wp\/v2\/users\/482"}],"replies":[{"embeddable":true,"href":"https:\/\/eltrabajo.cl\/portal\/wp-json\/wp\/v2\/comments?post=46086"}],"version-history":[{"count":0,"href":"https:\/\/eltrabajo.cl\/portal\/wp-json\/wp\/v2\/posts\/46086\/revisions"}],"wp:featuredmedia":[{"embeddable":true,"href":"https:\/\/eltrabajo.cl\/portal\/wp-json\/wp\/v2\/media\/46087"}],"wp:attachment":[{"href":"https:\/\/eltrabajo.cl\/portal\/wp-json\/wp\/v2\/media?parent=46086"}],"wp:term":[{"taxonomy":"category","embeddable":true,"href":"https:\/\/eltrabajo.cl\/portal\/wp-json\/wp\/v2\/categories?post=46086"},{"taxonomy":"post_tag","embeddable":true,"href":"https:\/\/eltrabajo.cl\/portal\/wp-json\/wp\/v2\/tags?post=46086"}],"curies":[{"name":"wp","href":"https:\/\/api.w.org\/{rel}","templated":true}]}}