{"id":46092,"date":"2014-05-02T09:47:55","date_gmt":"2014-05-02T13:47:55","guid":{"rendered":"http:\/\/www.eltrabajo.cl\/portal\/?p=46092"},"modified":"2014-05-02T09:47:55","modified_gmt":"2014-05-02T13:47:55","slug":"apoderadas-de-alejandrina-carvajal-se-toman-el-camino-a-ramadillas","status":"publish","type":"post","link":"https:\/\/eltrabajo.cl\/portal\/apoderadas-de-alejandrina-carvajal-se-toman-el-camino-a-ramadillas\/","title":{"rendered":"Apoderadas de Alejandrina Carvajal se toman el camino a Ramadillas"},"content":{"rendered":"<figure id=\"attachment_46093\" aria-describedby=\"caption-attachment-46093\" style=\"width: 317px\" class=\"wp-caption alignleft\"><a href=\"https:\/\/i0.wp.com\/www.eltrabajo.cl\/portal\/wp-content\/uploads\/2014\/05\/Jaime-Rojas.jpg\"><img data-recalc-dims=\"1\" loading=\"lazy\" decoding=\"async\" class=\" wp-image-46093 \" alt=\"Director Escuela Alejandrina Carvajal, Profesor Jaime Rojas.\" src=\"https:\/\/i0.wp.com\/www.eltrabajo.cl\/portal\/wp-content\/uploads\/2014\/05\/Jaime-Rojas.jpg?resize=317%2C287\" width=\"317\" height=\"287\" srcset=\"https:\/\/i0.wp.com\/eltrabajo.cl\/portal\/wp-content\/uploads\/2014\/05\/Jaime-Rojas.jpg?w=529&amp;ssl=1 529w, https:\/\/i0.wp.com\/eltrabajo.cl\/portal\/wp-content\/uploads\/2014\/05\/Jaime-Rojas.jpg?resize=165%2C150&amp;ssl=1 165w, https:\/\/i0.wp.com\/eltrabajo.cl\/portal\/wp-content\/uploads\/2014\/05\/Jaime-Rojas.jpg?resize=300%2C271&amp;ssl=1 300w, https:\/\/i0.wp.com\/eltrabajo.cl\/portal\/wp-content\/uploads\/2014\/05\/Jaime-Rojas.jpg?resize=150%2C135&amp;ssl=1 150w, https:\/\/i0.wp.com\/eltrabajo.cl\/portal\/wp-content\/uploads\/2014\/05\/Jaime-Rojas.jpg?resize=400%2C362&amp;ssl=1 400w\" sizes=\"auto, (max-width: 317px) 100vw, 317px\" \/><\/a><figcaption id=\"caption-attachment-46093\" class=\"wp-caption-text\">Director Escuela Alejandrina Carvajal, Profesor Jaime Rojas.<\/figcaption><\/figure>\n<p><strong>PUTAENDO<\/strong>.- Poco m\u00e1s de 20 apoderadas de la Escuela Alejandrina Carvajal Aspe\u00e9 de Poblaci\u00f3n Hidalgo, se tomaron el camino que conduce hacia Ramadillas en protesta por las altas velocidades de los veh\u00edculos de la empresa OHL que utilizan esa ruta para dirigirse a las obras de construcci\u00f3n del Embalse Chacrillas.<\/p>\n<p>Evelyn Vilches, una de las apoderadas que particip\u00f3 en esta simb\u00f3lica protesta donde las mujeres atravesaron algunas ramas secas en el camino y se instalaron en ese lugar, indic\u00f3 que esta manifestaci\u00f3n a pesar de ser simb\u00f3lica, refleja la gran desesperaci\u00f3n que viven a diario al ir a dejar y retirar a sus hijos del colegio, ya que asegur\u00f3 que las camionetas, buses y camiones que van y vienen por ese camino en direcci\u00f3n a la construcci\u00f3n del embalse no respetan a los peatones y transitan a altas velocidades, sin tomar en cuenta que el colegio est\u00e1 ubicado a orilla del camino, por lo que no respetan que por esa zona transitan menores de edad.<\/p>\n<figure id=\"attachment_46095\" aria-describedby=\"caption-attachment-46095\" style=\"width: 317px\" class=\"wp-caption alignright\"><a href=\"https:\/\/i0.wp.com\/www.eltrabajo.cl\/portal\/wp-content\/uploads\/2014\/05\/Evelyn-Vilches.jpg\"><img data-recalc-dims=\"1\" loading=\"lazy\" decoding=\"async\" class=\" wp-image-46095 \" alt=\"Evelyn Vilches, apoderada que particip\u00f3 en esta protesta.\" src=\"https:\/\/i0.wp.com\/www.eltrabajo.cl\/portal\/wp-content\/uploads\/2014\/05\/Evelyn-Vilches.jpg?resize=317%2C286\" width=\"317\" height=\"286\" srcset=\"https:\/\/i0.wp.com\/eltrabajo.cl\/portal\/wp-content\/uploads\/2014\/05\/Evelyn-Vilches.jpg?w=529&amp;ssl=1 529w, https:\/\/i0.wp.com\/eltrabajo.cl\/portal\/wp-content\/uploads\/2014\/05\/Evelyn-Vilches.jpg?resize=166%2C150&amp;ssl=1 166w, https:\/\/i0.wp.com\/eltrabajo.cl\/portal\/wp-content\/uploads\/2014\/05\/Evelyn-Vilches.jpg?resize=150%2C134&amp;ssl=1 150w, https:\/\/i0.wp.com\/eltrabajo.cl\/portal\/wp-content\/uploads\/2014\/05\/Evelyn-Vilches.jpg?resize=400%2C359&amp;ssl=1 400w\" sizes=\"auto, (max-width: 317px) 100vw, 317px\" \/><\/a><figcaption id=\"caption-attachment-46095\" class=\"wp-caption-text\">Evelyn Vilches, apoderada que particip\u00f3 en esta protesta.<\/figcaption><\/figure>\n<p>El malestar entre las mujeres era evidente y aseguraron que este es el inicio de una serie de movilizaciones que ir\u00e1n creciendo si los conductores de los veh\u00edculos no disminuyen la velocidad, lo que fue respaldado por el Director de la Escuela Alejandrina Carvajal, Profesor Jaime Rojas, quien reconoci\u00f3 que todos los d\u00edas enfrentan un riesgo, sobre todo con los veh\u00edculos pesados como camiones que pasan a alta velocidad sin considerar que por ese camino transitan ni\u00f1os, los que incluso en algunas ocasiones han quedado literalmente llenos de tierra producto del polvo que levantan los veh\u00edculos al pasar a alta velocidad por ese camino en las afueras del colegio.<\/p>\n<p>En el lugar se present\u00f3 la Encargada de Asuntos Comunitarios de OHL, Patricia Mu\u00f1oz, quien convers\u00f3 con las manifestantes a quienes les indic\u00f3 que OHL ha tomado medidas para mitigar el tr\u00e1nsito vehicular por esa zona, aunque reconoci\u00f3 que es dif\u00edcil controlar lo que los conductores de los veh\u00edculos realizan fuera de la obra, pero de igual forma dijo que redoblar\u00e1n los esfuerzos para evitar las complicaciones de los vecinos, junto con ello adelant\u00f3 que como medida inmediata OHL instalar\u00e1 una barrera de seguridad en el frontis de la escuela para evitar que los ni\u00f1os puedan salir corriendo a la calle y ser alcanzados por alg\u00fan veh\u00edculo, lo que fue aceptado por las apoderadas.<\/p>\n<p>El tr\u00e1nsito permaneci\u00f3 suspendido por m\u00e1s de 40 minutos y gener\u00f3 inconvenientes, sobre todo a un bus que transportaba trabajadores hasta el interior de Chacrillas y a varios otros automovilistas que tambi\u00e9n ven\u00edan bajando de la obra hasta que personal de Carabineros de Guzmanes se present\u00f3 en el lugar y luego que el Suboficial Mayor Luis Campos Garay dialogara con las manifestantes, voluntariamente habilitaron nuevamente el camino.<\/p>\n<p>Patricio Gallardo M.<\/p>\n<p>&nbsp;<\/p>\n","protected":false},"excerpt":{"rendered":"<p>PUTAENDO.- Poco m\u00e1s de 20 apoderadas de la Escuela Alejandrina Carvajal Aspe\u00e9 de Poblaci\u00f3n Hidalgo, se tomaron el camino que conduce hacia Ramadillas en protesta por las altas velocidades de los veh\u00edculos&#8230;<\/p>\n","protected":false},"author":482,"featured_media":46093,"comment_status":"open","ping_status":"closed","sticky":false,"template":"","format":"standard","meta":{"advanced_seo_description":"","jetpack_seo_html_title":"","jetpack_seo_noindex":false,"_jetpack_memberships_contains_paid_content":false,"footnotes":""},"categories":[15],"tags":[],"class_list":["post-46092","post","type-post","status-publish","format-standard","has-post-thumbnail","hentry","category-comunidad"],"jetpack_featured_media_url":"https:\/\/i0.wp.com\/eltrabajo.cl\/portal\/wp-content\/uploads\/2014\/05\/Jaime-Rojas.jpg?fit=529%2C479&ssl=1","jetpack_sharing_enabled":true,"jetpack_likes_enabled":true,"jetpack-related-posts":[],"_links":{"self":[{"href":"https:\/\/eltrabajo.cl\/portal\/wp-json\/wp\/v2\/posts\/46092","targetHints":{"allow":["GET"]}}],"collection":[{"href":"https:\/\/eltrabajo.cl\/portal\/wp-json\/wp\/v2\/posts"}],"about":[{"href":"https:\/\/eltrabajo.cl\/portal\/wp-json\/wp\/v2\/types\/post"}],"author":[{"embeddable":true,"href":"https:\/\/eltrabajo.cl\/portal\/wp-json\/wp\/v2\/users\/482"}],"replies":[{"embeddable":true,"href":"https:\/\/eltrabajo.cl\/portal\/wp-json\/wp\/v2\/comments?post=46092"}],"version-history":[{"count":0,"href":"https:\/\/eltrabajo.cl\/portal\/wp-json\/wp\/v2\/posts\/46092\/revisions"}],"wp:featuredmedia":[{"embeddable":true,"href":"https:\/\/eltrabajo.cl\/portal\/wp-json\/wp\/v2\/media\/46093"}],"wp:attachment":[{"href":"https:\/\/eltrabajo.cl\/portal\/wp-json\/wp\/v2\/media?parent=46092"}],"wp:term":[{"taxonomy":"category","embeddable":true,"href":"https:\/\/eltrabajo.cl\/portal\/wp-json\/wp\/v2\/categories?post=46092"},{"taxonomy":"post_tag","embeddable":true,"href":"https:\/\/eltrabajo.cl\/portal\/wp-json\/wp\/v2\/tags?post=46092"}],"curies":[{"name":"wp","href":"https:\/\/api.w.org\/{rel}","templated":true}]}}