{"id":46098,"date":"2014-05-02T09:50:30","date_gmt":"2014-05-02T13:50:30","guid":{"rendered":"http:\/\/www.eltrabajo.cl\/portal\/?p=46098"},"modified":"2014-05-02T09:50:30","modified_gmt":"2014-05-02T13:50:30","slug":"jefe-daem-fue-investigado-por-eventual-falsificacion-de-firmas-en-parral","status":"publish","type":"post","link":"https:\/\/eltrabajo.cl\/portal\/jefe-daem-fue-investigado-por-eventual-falsificacion-de-firmas-en-parral\/","title":{"rendered":"Jefe Daem fue investigado por eventual falsificaci\u00f3n de firmas en Parral"},"content":{"rendered":"<figure id=\"attachment_46099\" aria-describedby=\"caption-attachment-46099\" style=\"width: 317px\" class=\"wp-caption alignleft\"><a href=\"https:\/\/i0.wp.com\/www.eltrabajo.cl\/portal\/wp-content\/uploads\/2014\/05\/Patricio-Moreno.jpg\"><img data-recalc-dims=\"1\" loading=\"lazy\" decoding=\"async\" class=\"wp-image-46099 \" alt=\"Actual Director de la Daem, Patricio Moreno Bustamante.\" src=\"https:\/\/i0.wp.com\/www.eltrabajo.cl\/portal\/wp-content\/uploads\/2014\/05\/Patricio-Moreno.jpg?resize=317%2C196\" width=\"317\" height=\"196\" srcset=\"https:\/\/i0.wp.com\/eltrabajo.cl\/portal\/wp-content\/uploads\/2014\/05\/Patricio-Moreno.jpg?w=528&amp;ssl=1 528w, https:\/\/i0.wp.com\/eltrabajo.cl\/portal\/wp-content\/uploads\/2014\/05\/Patricio-Moreno.jpg?resize=200%2C123&amp;ssl=1 200w, https:\/\/i0.wp.com\/eltrabajo.cl\/portal\/wp-content\/uploads\/2014\/05\/Patricio-Moreno.jpg?resize=300%2C185&amp;ssl=1 300w, https:\/\/i0.wp.com\/eltrabajo.cl\/portal\/wp-content\/uploads\/2014\/05\/Patricio-Moreno.jpg?resize=150%2C92&amp;ssl=1 150w, https:\/\/i0.wp.com\/eltrabajo.cl\/portal\/wp-content\/uploads\/2014\/05\/Patricio-Moreno.jpg?resize=400%2C247&amp;ssl=1 400w\" sizes=\"auto, (max-width: 317px) 100vw, 317px\" \/><\/a><figcaption id=\"caption-attachment-46099\" class=\"wp-caption-text\">Actual Director de la Daem, Patricio Moreno Bustamante.<\/figcaption><\/figure>\n<p><strong>PUTAENDO.<\/strong>&#8211; El actual Director de la Daem, Patricio Moreno Bustamante, fue investigado por la Municipalidad de Parral en una auditor\u00eda interna luego que el Centro General de Padres y Apoderados de un establecimiento educacional denunciara eventuales irregularidades en el dinero que le fue entregado a Moreno.<\/p>\n<p>Seg\u00fan consta en la investigaci\u00f3n llevada a cabo en mayo de 2011 para revisar la rendici\u00f3n del a\u00f1o 2010, el entonces Alcalde Israel Urrutia Escobar dio inicio a formalmente a la auditor\u00eda a los dineros del Centro General de Padres y Apoderados del Colegio Jos\u00e9 Matta Callej\u00f3n puestos a disposici\u00f3n del ex-director subrogante Patricio Moreno Bustamante, que se realizaron para determinar si los dineros fueron utilizados correctamente.<\/p>\n<p><strong>FIRMAS FALSAS<\/strong><\/p>\n<p>En esa extensa auditor\u00eda, que hoy todav\u00eda se encuentra vigente en la p\u00e1gina de Transparencia de la Municipalidad de Parral, la Contadora Auditora \u00c9rica Bascur Valladares y el Ingeniero Comercial Eduardo Ferrada Venegas, despu\u00e9s de revisar minuciosamente todos los egresos e ingresos del balance general del a\u00f1o 2010 de los dineros que pertenec\u00edan al Centro General de Padres y Apoderados del Colegio Jos\u00e9 Matta Callej\u00f3n, lleg\u00f3 a las siguientes conclusiones, \u201cEn el desarrollo del examen que se efectu\u00f3 a los dineros del Centro General de Padres y Apoderados del Colegio Jos\u00e9 Matta Callej\u00f3n, entregados al se\u00f1or Patricio Moreno Bustamante, determin\u00f3 que existen gastos por la suma de $990.407 que no tienen respaldo documental v\u00e1lido, por lo que deben ser reintegrados\u201d.<\/p>\n<p>\u201cSe investig\u00f3 aleatoriamente cuatro de los recibos presentados en la rendici\u00f3n, se\u00f1alados m\u00e1s arriba, detect\u00e1ndose que existe falsificaci\u00f3n de firmas, de acuerdo a los testimonios de las personas a cuyo nombre han sido extendidas\u201d.<\/p>\n<p>Paralelamente el actual director del Daem hoy se encuentra con un sumario activo por parte de la Contralor\u00eda General de la Rep\u00fablica, luego que fuera iniciada la investigaci\u00f3n en su contra por el extrav\u00edo de una carpeta investigativa cuando fue nombrado fiscal el a\u00f1o 2012 en otro sumario llevado en contra de un profesor de un colegio de Parral.<\/p>\n<p><strong>\u00a0EDIL SE PRONUNCIA<\/strong><\/p>\n<p>Entendiendo la gravedad de la denuncia recibida por nuestro medio y luego de chequear los antecedentes, comprobamos la veracidad, a lo menos de lo que se indica en ambos documentos, por lo que solicitamos una entrevista con el Alcalde Guillermo Reyes, quien acept\u00f3 hablar de este tema, agregando que \u00e9l se enter\u00f3 durante el proceso de postulaci\u00f3n al cargo de Director del Deam.<\/p>\n<p>El edil aclar\u00f3 que la contrataci\u00f3n del jefe del Daem no depende directamente de \u00e9l como alcalde, sino que estos cargos son obtenidos a trav\u00e9s del Concurso de Alta Direcci\u00f3n P\u00fablica y que a \u00e9l le informaron que hab\u00eda una terna en la que estaba Patricio Moreno, adem\u00e1s indic\u00f3 que tres meses antes que el actual jefe del Daem asumiera su cargo, un profesor le coment\u00f3 la situaci\u00f3n de la auditor\u00eda y el sumario, a lo que el r\u00e1pidamente se contact\u00f3 con Alta Direcci\u00f3n P\u00fablica para consultar este tema y que en la entidad le respondieron que el asunto no representaba un inconveniente.<\/p>\n<p>Adem\u00e1s, Guillermo Reyes inform\u00f3 que de la terna que hab\u00eda sido presentada en un principio, uno de los postulantes consigui\u00f3 trabajo en una municipalidad de la Quinta Regi\u00f3n y otro decidi\u00f3 quedarse en el sur del pa\u00eds por problemas familiares, por lo que finalmente el \u00fanico postulante de esta terna que qued\u00f3 disponible era Patricio Moreno, ante lo cual \u00e9l junto al ex-administrador municipal Mauricio Quiroz le realizaron la entrevista para conocer su curr\u00edculum y su visi\u00f3n para la educaci\u00f3n municipal en Putaendo y finalmente fue contratado.<\/p>\n<p>Por \u00faltimo, el Alcalde Reyes manifest\u00f3 que lo m\u00e1s id\u00f3neo en este caso era que el propio jefe de la Daem entregara su versi\u00f3n de los hechos.<\/p>\n<p><strong>\u00a0VERSI\u00d3N DE MORENO<\/strong><\/p>\n<p>Luego de solicitar una entrevista con el Director del Daem, Patricio Moreno y de plantearle los antecedentes antes se\u00f1alados, que adem\u00e1s han sido entregados por terceros a otros medios de comunicaci\u00f3n del Valle del Aconcagua, Moreno Bustamante sin inconvenientes accedi\u00f3 a contar su versi\u00f3n de los hechos.<\/p>\n<p>Moreno dijo que efectivamente la Municipalidad de Parral llev\u00f3 adelante una auditor\u00eda interna luego que el Centro General de Padres y Apoderados del Colegio Jos\u00e9 Matta Callej\u00f3n mostraran su disconformidad con la rendici\u00f3n de los dineros entregados por su persona y que \u00e9l cometi\u00f3 el error de no fiscalizar algunos gastos que fueron rendidos con comprobantes o vales que fueron objetados en esa auditor\u00eda, pero aclar\u00f3 que se logr\u00f3 demostrar que todos esos gastos se hab\u00edan ejecutado y que efectivamente aparec\u00edan algunos comprobantes de pago que se realizaron en forma err\u00f3nea vales y no con boletas o facturas, pero lo importante es que se logr\u00f3 determinar con posterioridad que todo estaba bien.<\/p>\n<p>Referente a la eventual falsificaci\u00f3n de firmas, Moreno asegur\u00f3 que en un principio en esa auditor\u00eda algunos proveedores no reconocieron su firma, lo que llev\u00f3 a que los auditores pensaran que hab\u00eda falsificaci\u00f3n de firmas, pero tambi\u00e9n con posterioridad se logr\u00f3 determinar que efectivamente las firmas correspond\u00edan a quienes hab\u00edan prestado servicios en determinados \u00edtems.<\/p>\n<p>El actual jefe del Daem se\u00f1al\u00f3 que el hecho que el ex-alcalde de Parral haya pedido una auditor\u00eda interna es un hecho normal que demuestra que esto fue aclarado, porque de lo contrario y de haberse comprobado irregularidades o falsificaciones, incluso se debi\u00f3 haber denunciado a la justicia ordinaria y por eso decidi\u00f3 hablar p\u00fablicamente del tema pues no tiene nada que ocultar referente a esa investigaci\u00f3n interna que se llev\u00f3 en su contra.<\/p>\n<p>En relaci\u00f3n al sumario que hoy la Contralor\u00eda General de la Rep\u00fablica a\u00fan mantiene vigente en su contra por el extrav\u00edo de una carpeta investigativa que estaba a su cargo, Moreno manifest\u00f3 que en dos ocasiones ha pedido a la Contralor\u00eda que cierre este caso que est\u00e1 aclarado y resuelto, pues se logr\u00f3 determinar que la carpeta, una vez finalizada su investigaci\u00f3n, fue entregada como corresponde al abogado de la Municipalidad de Parral.<\/p>\n<p>Finalmente Patricio Moreno mostr\u00f3 su sorpresa del porqu\u00e9 hoy algunas personas que eventualmente podr\u00eda ser profesores o que trabajan en el sistema de educaci\u00f3n municipal de Putaendo, han filtrado maliciosamente esta situaci\u00f3n con la clara intenci\u00f3n de perjudicarlo y da\u00f1ar el trabajo que se lleva adelante en la comuna de Putaendo en el \u00e1mbito de la educaci\u00f3n municipal.<\/p>\n<p>Patricio Gallardo M.<\/p>\n","protected":false},"excerpt":{"rendered":"<p>PUTAENDO.&#8211; El actual Director de la Daem, Patricio Moreno Bustamante, fue investigado por la Municipalidad de Parral en una auditor\u00eda interna luego que el Centro General de Padres y Apoderados de un&#8230;<\/p>\n","protected":false},"author":482,"featured_media":46099,"comment_status":"open","ping_status":"closed","sticky":false,"template":"","format":"standard","meta":{"advanced_seo_description":"","jetpack_seo_html_title":"","jetpack_seo_noindex":false,"_jetpack_memberships_contains_paid_content":false,"footnotes":""},"categories":[1],"tags":[],"class_list":["post-46098","post","type-post","status-publish","format-standard","has-post-thumbnail","hentry","category-cronica"],"jetpack_featured_media_url":"https:\/\/i0.wp.com\/eltrabajo.cl\/portal\/wp-content\/uploads\/2014\/05\/Patricio-Moreno.jpg?fit=528%2C327&ssl=1","jetpack_sharing_enabled":true,"jetpack_likes_enabled":true,"jetpack-related-posts":[],"_links":{"self":[{"href":"https:\/\/eltrabajo.cl\/portal\/wp-json\/wp\/v2\/posts\/46098","targetHints":{"allow":["GET"]}}],"collection":[{"href":"https:\/\/eltrabajo.cl\/portal\/wp-json\/wp\/v2\/posts"}],"about":[{"href":"https:\/\/eltrabajo.cl\/portal\/wp-json\/wp\/v2\/types\/post"}],"author":[{"embeddable":true,"href":"https:\/\/eltrabajo.cl\/portal\/wp-json\/wp\/v2\/users\/482"}],"replies":[{"embeddable":true,"href":"https:\/\/eltrabajo.cl\/portal\/wp-json\/wp\/v2\/comments?post=46098"}],"version-history":[{"count":0,"href":"https:\/\/eltrabajo.cl\/portal\/wp-json\/wp\/v2\/posts\/46098\/revisions"}],"wp:featuredmedia":[{"embeddable":true,"href":"https:\/\/eltrabajo.cl\/portal\/wp-json\/wp\/v2\/media\/46099"}],"wp:attachment":[{"href":"https:\/\/eltrabajo.cl\/portal\/wp-json\/wp\/v2\/media?parent=46098"}],"wp:term":[{"taxonomy":"category","embeddable":true,"href":"https:\/\/eltrabajo.cl\/portal\/wp-json\/wp\/v2\/categories?post=46098"},{"taxonomy":"post_tag","embeddable":true,"href":"https:\/\/eltrabajo.cl\/portal\/wp-json\/wp\/v2\/tags?post=46098"}],"curies":[{"name":"wp","href":"https:\/\/api.w.org\/{rel}","templated":true}]}}