{"id":46104,"date":"2014-05-02T09:52:46","date_gmt":"2014-05-02T13:52:46","guid":{"rendered":"http:\/\/www.eltrabajo.cl\/portal\/?p=46104"},"modified":"2014-05-02T09:52:46","modified_gmt":"2014-05-02T13:52:46","slug":"coe-dejo-a-luz-graves-problemas-tecnicos-de-comunicacion-en-la-provincia","status":"publish","type":"post","link":"https:\/\/eltrabajo.cl\/portal\/coe-dejo-a-luz-graves-problemas-tecnicos-de-comunicacion-en-la-provincia\/","title":{"rendered":"COE dej\u00f3 a luz graves problemas t\u00e9cnicos de comunicaci\u00f3n en la provincia"},"content":{"rendered":"<figure id=\"attachment_46105\" aria-describedby=\"caption-attachment-46105\" style=\"width: 529px\" class=\"wp-caption alignnone\"><a href=\"https:\/\/i0.wp.com\/www.eltrabajo.cl\/portal\/wp-content\/uploads\/2014\/05\/Coe1.jpg\"><img data-recalc-dims=\"1\" loading=\"lazy\" decoding=\"async\" class=\"size-full wp-image-46105\" alt=\"\u00bfDESINTER\u00c9S?.- Escasa fue la asistencia de los coordinadores de emergencia de la Provincia.\" src=\"https:\/\/i0.wp.com\/www.eltrabajo.cl\/portal\/wp-content\/uploads\/2014\/05\/Coe1.jpg?resize=529%2C401\" width=\"529\" height=\"401\" srcset=\"https:\/\/i0.wp.com\/eltrabajo.cl\/portal\/wp-content\/uploads\/2014\/05\/Coe1.jpg?w=529&amp;ssl=1 529w, https:\/\/i0.wp.com\/eltrabajo.cl\/portal\/wp-content\/uploads\/2014\/05\/Coe1.jpg?resize=197%2C150&amp;ssl=1 197w, https:\/\/i0.wp.com\/eltrabajo.cl\/portal\/wp-content\/uploads\/2014\/05\/Coe1.jpg?resize=300%2C227&amp;ssl=1 300w, https:\/\/i0.wp.com\/eltrabajo.cl\/portal\/wp-content\/uploads\/2014\/05\/Coe1.jpg?resize=150%2C113&amp;ssl=1 150w, https:\/\/i0.wp.com\/eltrabajo.cl\/portal\/wp-content\/uploads\/2014\/05\/Coe1.jpg?resize=400%2C303&amp;ssl=1 400w\" sizes=\"auto, (max-width: 529px) 100vw, 529px\" \/><\/a><figcaption id=\"caption-attachment-46105\" class=\"wp-caption-text\">\u00bfDESINTER\u00c9S?.- Escasa fue la asistencia de los coordinadores de emergencia de la Provincia.<\/figcaption><\/figure>\n<p>El pasado mi\u00e9rcoles 30 de abril en las dependencias de la Municipalidad de San Felipe, se llev\u00f3 a cabo la asamblea provincial del Comit\u00e9 Operativo de Emergencia (COE). Es as\u00ed como Claudio Mart\u00ednez, nuevo Asesor de Emergencia y Medioambiente de la Gobernaci\u00f3n de San Felipe, manifest\u00f3 que la principal preocupaci\u00f3n que en estos momentos existe en la provincia, son las dificultades t\u00e9cnicas que actualmente existen en la zona, en relaci\u00f3n a la comunicaci\u00f3n de emergencia. Esto tras el diagn\u00f3stico efectuado en las comunas el cual arroj\u00f3 que muchas de ellas, se encontrar\u00edan incomunicadas en el caso de que existiera una emergencia.<\/p>\n<p>Para esto, la Gobernaci\u00f3n Provincial est\u00e1 realizando la coordinaci\u00f3n de ejercicios de enlace con radioaficionados y los dem\u00e1s equipos de comunicaciones, de manera de poder suplir una necesidad que es latente. Mart\u00ednez manifest\u00f3 que la importancia de estas reuniones es poder estar coordinados y prevenidos frente a la emergencia, por lo cual es lamentable que a \u00e9sta reuni\u00f3n no hayan asistido todos los coordinadores convocados como PDI, Carabineros, y el encargado de emergencia de Catemu, pese a que el llamado a esta reuni\u00f3n fue hecho por oficio.<\/p>\n<p>Dentro de la asamblea se trat\u00f3 el tema de que la mayor\u00eda de las bases de comunicaciones no est\u00e1n funcionando, ante lo cual Mart\u00ednez expuso; \u201cnosotros cuando tomamos la oficina de emergencia, hicimos un peque\u00f1o catastro y comprobamos que de las seis comunas que comprenden la provincia, s\u00f3lo tres responden a un monitoreo que se hace en las ma\u00f1anas\u201d mientras que Panquehue Catemu y Putaendo no est\u00e1n en funcionamiento, adem\u00e1s de agregar de que esto de aqu\u00ed a algunos meses m\u00e1s, ya deber\u00eda estar abarcando en 100% para que en caso de emergencia \u00e9stas s\u00ed puedan funcionar. Seg\u00fan Mart\u00ednez, para el gobernador de la provincia \u00e9ste es un asunto prioritario, por lo que se est\u00e1 trabajando arduamente para lograr establecer un plan de comunicaciones lo antes posible.<\/p>\n<p>&nbsp;<\/p>\n","protected":false},"excerpt":{"rendered":"<p>El pasado mi\u00e9rcoles 30 de abril en las dependencias de la Municipalidad de San Felipe, se llev\u00f3 a cabo la asamblea provincial del Comit\u00e9 Operativo de Emergencia (COE). Es as\u00ed como Claudio&#8230;<\/p>\n","protected":false},"author":482,"featured_media":46105,"comment_status":"open","ping_status":"closed","sticky":false,"template":"","format":"standard","meta":{"advanced_seo_description":"","jetpack_seo_html_title":"","jetpack_seo_noindex":false,"_jetpack_memberships_contains_paid_content":false,"footnotes":""},"categories":[1],"tags":[],"class_list":["post-46104","post","type-post","status-publish","format-standard","has-post-thumbnail","hentry","category-cronica"],"jetpack_featured_media_url":"https:\/\/i0.wp.com\/eltrabajo.cl\/portal\/wp-content\/uploads\/2014\/05\/Coe1.jpg?fit=529%2C401&ssl=1","jetpack_sharing_enabled":true,"jetpack_likes_enabled":true,"jetpack-related-posts":[],"_links":{"self":[{"href":"https:\/\/eltrabajo.cl\/portal\/wp-json\/wp\/v2\/posts\/46104","targetHints":{"allow":["GET"]}}],"collection":[{"href":"https:\/\/eltrabajo.cl\/portal\/wp-json\/wp\/v2\/posts"}],"about":[{"href":"https:\/\/eltrabajo.cl\/portal\/wp-json\/wp\/v2\/types\/post"}],"author":[{"embeddable":true,"href":"https:\/\/eltrabajo.cl\/portal\/wp-json\/wp\/v2\/users\/482"}],"replies":[{"embeddable":true,"href":"https:\/\/eltrabajo.cl\/portal\/wp-json\/wp\/v2\/comments?post=46104"}],"version-history":[{"count":0,"href":"https:\/\/eltrabajo.cl\/portal\/wp-json\/wp\/v2\/posts\/46104\/revisions"}],"wp:featuredmedia":[{"embeddable":true,"href":"https:\/\/eltrabajo.cl\/portal\/wp-json\/wp\/v2\/media\/46105"}],"wp:attachment":[{"href":"https:\/\/eltrabajo.cl\/portal\/wp-json\/wp\/v2\/media?parent=46104"}],"wp:term":[{"taxonomy":"category","embeddable":true,"href":"https:\/\/eltrabajo.cl\/portal\/wp-json\/wp\/v2\/categories?post=46104"},{"taxonomy":"post_tag","embeddable":true,"href":"https:\/\/eltrabajo.cl\/portal\/wp-json\/wp\/v2\/tags?post=46104"}],"curies":[{"name":"wp","href":"https:\/\/api.w.org\/{rel}","templated":true}]}}