{"id":46108,"date":"2014-05-02T09:59:09","date_gmt":"2014-05-02T13:59:09","guid":{"rendered":"http:\/\/www.eltrabajo.cl\/portal\/?p=46108"},"modified":"2014-05-02T09:59:09","modified_gmt":"2014-05-02T13:59:09","slug":"prefecto-de-aconcagua-anuncio-refuerzo-en-controles-de-transito","status":"publish","type":"post","link":"https:\/\/eltrabajo.cl\/portal\/prefecto-de-aconcagua-anuncio-refuerzo-en-controles-de-transito\/","title":{"rendered":"Prefecto de Aconcagua anunci\u00f3 refuerzo en controles de tr\u00e1nsito"},"content":{"rendered":"<figure id=\"attachment_46109\" aria-describedby=\"caption-attachment-46109\" style=\"width: 317px\" class=\"wp-caption alignleft\"><a href=\"https:\/\/i0.wp.com\/www.eltrabajo.cl\/portal\/wp-content\/uploads\/2014\/05\/Marcelo-Duran.jpg\"><img data-recalc-dims=\"1\" loading=\"lazy\" decoding=\"async\" class=\" wp-image-46109 \" alt=\"Prefecto de Carabineros de Aconcagua, Coronel Marcelo Dur\u00e1n.\" src=\"https:\/\/i0.wp.com\/www.eltrabajo.cl\/portal\/wp-content\/uploads\/2014\/05\/Marcelo-Duran.jpg?resize=317%2C209\" width=\"317\" height=\"209\" srcset=\"https:\/\/i0.wp.com\/eltrabajo.cl\/portal\/wp-content\/uploads\/2014\/05\/Marcelo-Duran.jpg?w=528&amp;ssl=1 528w, https:\/\/i0.wp.com\/eltrabajo.cl\/portal\/wp-content\/uploads\/2014\/05\/Marcelo-Duran.jpg?resize=200%2C132&amp;ssl=1 200w, https:\/\/i0.wp.com\/eltrabajo.cl\/portal\/wp-content\/uploads\/2014\/05\/Marcelo-Duran.jpg?resize=300%2C198&amp;ssl=1 300w, https:\/\/i0.wp.com\/eltrabajo.cl\/portal\/wp-content\/uploads\/2014\/05\/Marcelo-Duran.jpg?resize=150%2C99&amp;ssl=1 150w, https:\/\/i0.wp.com\/eltrabajo.cl\/portal\/wp-content\/uploads\/2014\/05\/Marcelo-Duran.jpg?resize=400%2C264&amp;ssl=1 400w\" sizes=\"auto, (max-width: 317px) 100vw, 317px\" \/><\/a><figcaption id=\"caption-attachment-46109\" class=\"wp-caption-text\">Prefecto de Carabineros de Aconcagua, Coronel Marcelo Dur\u00e1n.<\/figcaption><\/figure>\n<p>El Prefecto de Carabineros de Aconcagua, Coronel Marcelo Dur\u00e1n, entreg\u00f3 esta ma\u00f1ana una serie de recomendaciones a los conductores, pasajeros del transporte p\u00fablico y a los peatones, con el prop\u00f3sito de evitar accidentes durante este fin de semana largo. El coronel enfatiz\u00f3 el llamado a no conducir si se ha bebido alcohol, y a respetar la se\u00f1alizaci\u00f3n de tr\u00e1nsito y los l\u00edmites de velocidad, los cuales se han establecido para prevenir situaciones lamentables y tragedias que empa\u00f1en los panoramas familiares en estos d\u00edas de descanso.<\/p>\n<p>Junto con lo anterior, el Oficial Superior pidi\u00f3 a los conductores respetar lo pasos peatonales, utilizar el cintur\u00f3n de seguridad, no utilizar las bermas para adelantar, mantener una distancia razonable con el veh\u00edculo que le antecede y planificar el viaje con anticipaci\u00f3n, de tal manera de darse el tiempo para chequear las condiciones mec\u00e1nicas del veh\u00edculo.<\/p>\n<p>Para el caso de quienes realicen viajes en buses interurbanos, el oficial record\u00f3 que es obligatorio utilizar el cintur\u00f3n de seguridad, as\u00ed como tambi\u00e9n en los asientos traseros de los veh\u00edculos livianos. Adem\u00e1s y respecto de los peatones, la autoridad solicit\u00f3 cruzar por pasos habilitados, circular por la acera y nunca sobre la calzada. En las v\u00edas rurales, debe transitarse por la berma y contra el sentido del tr\u00e1nsito, y durante la noche, con vestimentas claras o reflectantes, que permitan ser visibles a los conductores.<\/p>\n<p>Finalmente el prefecto asegur\u00f3 que Carabineros de Chile ha reforzado sus servicios para la seguridad vial, con mayor presencia y controles de tr\u00e1nsito en las principales rutas, tanto en los momentos de salida y regreso de los usuarios, durante este fin de semana largo.<\/p>\n<p>&nbsp;<\/p>\n","protected":false},"excerpt":{"rendered":"<p>El Prefecto de Carabineros de Aconcagua, Coronel Marcelo Dur\u00e1n, entreg\u00f3 esta ma\u00f1ana una serie de recomendaciones a los conductores, pasajeros del transporte p\u00fablico y a los peatones, con el prop\u00f3sito de evitar&#8230;<\/p>\n","protected":false},"author":482,"featured_media":46109,"comment_status":"open","ping_status":"closed","sticky":false,"template":"","format":"standard","meta":{"advanced_seo_description":"","jetpack_seo_html_title":"","jetpack_seo_noindex":false,"_jetpack_memberships_contains_paid_content":false,"footnotes":""},"categories":[1],"tags":[],"class_list":["post-46108","post","type-post","status-publish","format-standard","has-post-thumbnail","hentry","category-cronica"],"jetpack_featured_media_url":"https:\/\/i0.wp.com\/eltrabajo.cl\/portal\/wp-content\/uploads\/2014\/05\/Marcelo-Duran.jpg?fit=528%2C349&ssl=1","jetpack_sharing_enabled":true,"jetpack_likes_enabled":true,"jetpack-related-posts":[],"_links":{"self":[{"href":"https:\/\/eltrabajo.cl\/portal\/wp-json\/wp\/v2\/posts\/46108","targetHints":{"allow":["GET"]}}],"collection":[{"href":"https:\/\/eltrabajo.cl\/portal\/wp-json\/wp\/v2\/posts"}],"about":[{"href":"https:\/\/eltrabajo.cl\/portal\/wp-json\/wp\/v2\/types\/post"}],"author":[{"embeddable":true,"href":"https:\/\/eltrabajo.cl\/portal\/wp-json\/wp\/v2\/users\/482"}],"replies":[{"embeddable":true,"href":"https:\/\/eltrabajo.cl\/portal\/wp-json\/wp\/v2\/comments?post=46108"}],"version-history":[{"count":0,"href":"https:\/\/eltrabajo.cl\/portal\/wp-json\/wp\/v2\/posts\/46108\/revisions"}],"wp:featuredmedia":[{"embeddable":true,"href":"https:\/\/eltrabajo.cl\/portal\/wp-json\/wp\/v2\/media\/46109"}],"wp:attachment":[{"href":"https:\/\/eltrabajo.cl\/portal\/wp-json\/wp\/v2\/media?parent=46108"}],"wp:term":[{"taxonomy":"category","embeddable":true,"href":"https:\/\/eltrabajo.cl\/portal\/wp-json\/wp\/v2\/categories?post=46108"},{"taxonomy":"post_tag","embeddable":true,"href":"https:\/\/eltrabajo.cl\/portal\/wp-json\/wp\/v2\/tags?post=46108"}],"curies":[{"name":"wp","href":"https:\/\/api.w.org\/{rel}","templated":true}]}}