{"id":46137,"date":"2014-05-02T10:18:19","date_gmt":"2014-05-02T14:18:19","guid":{"rendered":"http:\/\/www.eltrabajo.cl\/portal\/?p=46137"},"modified":"2014-05-02T10:18:19","modified_gmt":"2014-05-02T14:18:19","slug":"baterias-robadas-de-corazon-artificial-ya-fueron-devueltas-a-su-dueno","status":"publish","type":"post","link":"https:\/\/eltrabajo.cl\/portal\/baterias-robadas-de-corazon-artificial-ya-fueron-devueltas-a-su-dueno\/","title":{"rendered":"Bater\u00edas robadas de coraz\u00f3n artificial ya fueron devueltas a su due\u00f1o"},"content":{"rendered":"<figure id=\"attachment_46138\" aria-describedby=\"caption-attachment-46138\" style=\"width: 370px\" class=\"wp-caption alignleft\"><a href=\"https:\/\/i0.wp.com\/www.eltrabajo.cl\/portal\/wp-content\/uploads\/2014\/05\/Bate24.jpg\"><img data-recalc-dims=\"1\" loading=\"lazy\" decoding=\"async\" class=\" wp-image-46138 \" alt=\"\u00abLo primero que hice al llegar a San Felipe, fue visitar Diario El Trabajo para agradecer a sus lectores toda la ayuda y solidaridad expresada durante estos meses\u00bb, coment\u00f3 Osorio.\" src=\"https:\/\/i0.wp.com\/www.eltrabajo.cl\/portal\/wp-content\/uploads\/2014\/05\/Bate24.jpg?resize=370%2C330\" width=\"370\" height=\"330\" srcset=\"https:\/\/i0.wp.com\/eltrabajo.cl\/portal\/wp-content\/uploads\/2014\/05\/Bate24.jpg?w=529&amp;ssl=1 529w, https:\/\/i0.wp.com\/eltrabajo.cl\/portal\/wp-content\/uploads\/2014\/05\/Bate24.jpg?resize=168%2C150&amp;ssl=1 168w, https:\/\/i0.wp.com\/eltrabajo.cl\/portal\/wp-content\/uploads\/2014\/05\/Bate24.jpg?resize=300%2C267&amp;ssl=1 300w, https:\/\/i0.wp.com\/eltrabajo.cl\/portal\/wp-content\/uploads\/2014\/05\/Bate24.jpg?resize=150%2C133&amp;ssl=1 150w, https:\/\/i0.wp.com\/eltrabajo.cl\/portal\/wp-content\/uploads\/2014\/05\/Bate24.jpg?resize=400%2C356&amp;ssl=1 400w\" sizes=\"auto, (max-width: 370px) 100vw, 370px\" \/><\/a><figcaption id=\"caption-attachment-46138\" class=\"wp-caption-text\">\u00abLo primero que hice al llegar a San Felipe, fue visitar Diario El Trabajo para agradecer a sus lectores toda la ayuda y solidaridad expresada durante estos meses\u00bb, coment\u00f3 Osorio.<\/figcaption><\/figure>\n<p>De manera an\u00f3nima fueron entregadas en dependencias de la Tercera Comisar\u00eda de Carabineros de Los Andes, las bater\u00edas del dispositivo de asistencia ventricular intra-corp\u00f3reo que en marzo pasado fueron robados a un paciente desde el interior de una notar\u00eda en San Felipe. El afectado, Luis Osorio Pizarro (54), hab\u00eda sufrido la sustracci\u00f3n de sus bater\u00edas el 6 de marzo pasado desde Notar\u00eda Polloni de San Felipe.<\/p>\n<p>A pesar de los llamados p\u00fablicos, \u00e9stas no hab\u00edan sido devueltas hasta el d\u00eda mi\u00e9rcoles, cuando una persona se acerc\u00f3 a la guardia de la Tercera Comisar\u00eda e hizo entrega del bolso con las tres bater\u00edas en su interior. Seg\u00fan se supo, las bater\u00edas habr\u00edan sido encontradas hace un mes en el interior de una camioneta y al existir desconocimiento de su utilidad, no fue entregada antes.<\/p>\n<p>Previo a ello, Luis Osorio hab\u00eda recibido informaci\u00f3n por parte de terceros que las bater\u00edas hab\u00edan sido encontradas y llevadas a Carabineros. De esta manera el paciente concurri\u00f3 a la unidad policial, donde la fueron devueltas las bater\u00edas, las que incluso estaban con carga.<\/p>\n<p>El Mayor Edgardo Egli, agradeci\u00f3 a la persona que devolvi\u00f3 los dispositivos, ya que estos son vitales para Luis Osorio y ahora le corresponder\u00e1 al paciente verificar que se encuentran en buenas condiciones. El oficial resalt\u00f3 la confianza de la ciudadan\u00eda en Carabineros para hacer entrega de estas bater\u00edas, agregando que el Ministerio P\u00fablico de San Felipe deber\u00e1 determinar las causas de este robo.<\/p>\n<p>Por su parte, Osorio agradeci\u00f3 a quienes devolvieron las bater\u00edas que le permiten seguir viviendo, ya que la Fundaci\u00f3n Kaplan le hab\u00eda facilitada tres que ahora deber\u00e1 pagar. Precis\u00f3 que estas bater\u00edas tienen un valor unitario de $900.000 m\u00e1s IVA cada una.<\/p>\n<p>\u00abAhora lo que corresponde es esperar a que el Alcalde Freire, como me lo ofreci\u00f3, programe la fecha del evento masivo para recaudar fondos, ya que tengo que pagar las nuevas bater\u00edas, hablo de m\u00e1s de $3 millones, muchas gracias a la persona que las devolvi\u00f3 y a Carabineros de Los Andes\u00bb, coment\u00f3 Osorio a Diario El Trabajo.<\/p>\n<p>Roberto Gonz\u00e1lez Short<\/p>\n<p>rgonzalez@eltrabajo.cl<\/p>\n<div class=\"tiled-gallery type-rectangular tiled-gallery-unresized\" data-original-width=\"640\" data-carousel-extra='null' itemscope itemtype=\"http:\/\/schema.org\/ImageGallery\" > <div class=\"gallery-row\" style=\"width: 640px; height: 325px;\" data-original-width=\"640\" data-original-height=\"325\" > <div class=\"gallery-group images-1\" style=\"width: 427px; height: 325px;\" data-original-width=\"427\" data-original-height=\"325\" > <div class=\"tiled-gallery-item tiled-gallery-item-large\" itemprop=\"associatedMedia\" itemscope itemtype=\"http:\/\/schema.org\/ImageObject\"> <a href=\"https:\/\/eltrabajo.cl\/portal\/baterias-robadas-de-corazon-artificial-ya-fueron-devueltas-a-su-dueno\/olympus-digital-camera-15\/\" border=\"0\" itemprop=\"url\"> <meta itemprop=\"width\" content=\"423\"> <meta itemprop=\"height\" content=\"321\"> <img decoding=\"async\" class=\"\" data-attachment-id=\"46139\" data-orig-file=\"https:\/\/eltrabajo.cl\/portal\/wp-content\/uploads\/2014\/05\/Baterias1.jpg\" data-orig-size=\"529,401\" data-comments-opened=\"1\" data-image-meta=\"{&quot;aperture&quot;:&quot;3.1&quot;,&quot;credit&quot;:&quot;&quot;,&quot;camera&quot;:&quot;SP-620UZ&quot;,&quot;caption&quot;:&quot;&quot;,&quot;created_timestamp&quot;:&quot;1398950430&quot;,&quot;copyright&quot;:&quot;&quot;,&quot;focal_length&quot;:&quot;4.5&quot;,&quot;iso&quot;:&quot;100&quot;,&quot;shutter_speed&quot;:&quot;0.033333333333333&quot;,&quot;title&quot;:&quot;OLYMPUS DIGITAL CAMERA&quot;}\" data-image-title=\"OLYMPUS DIGITAL CAMERA\" data-image-description=\"&lt;p&gt;ENTREGADAS.- Osorio recibi\u00f3 sus bater\u00edas de manos del Mayor Edgardo Egli, luego que an\u00f3nimamente una persona las dej\u00f3 en esas dependencias policiales.&lt;\/p&gt; \" data-medium-file=\"https:\/\/i0.wp.com\/eltrabajo.cl\/portal\/wp-content\/uploads\/2014\/05\/Baterias1.jpg?fit=300%2C227&#038;ssl=1\" data-large-file=\"https:\/\/i0.wp.com\/eltrabajo.cl\/portal\/wp-content\/uploads\/2014\/05\/Baterias1.jpg?fit=529%2C401&#038;ssl=1\" src=\"https:\/\/i0.wp.com\/eltrabajo.cl\/portal\/wp-content\/uploads\/2014\/05\/Baterias1.jpg?w=423&#038;h=321&#038;ssl=1\" srcset=\"https:\/\/i0.wp.com\/eltrabajo.cl\/portal\/wp-content\/uploads\/2014\/05\/Baterias1.jpg?w=529&amp;ssl=1 529w, https:\/\/i0.wp.com\/eltrabajo.cl\/portal\/wp-content\/uploads\/2014\/05\/Baterias1.jpg?resize=197%2C150&amp;ssl=1 197w, https:\/\/i0.wp.com\/eltrabajo.cl\/portal\/wp-content\/uploads\/2014\/05\/Baterias1.jpg?resize=300%2C227&amp;ssl=1 300w, https:\/\/i0.wp.com\/eltrabajo.cl\/portal\/wp-content\/uploads\/2014\/05\/Baterias1.jpg?resize=150%2C113&amp;ssl=1 150w, https:\/\/i0.wp.com\/eltrabajo.cl\/portal\/wp-content\/uploads\/2014\/05\/Baterias1.jpg?resize=400%2C303&amp;ssl=1 400w\" width=\"423\" height=\"321\" loading=\"lazy\" data-original-width=\"423\" data-original-height=\"321\" itemprop=\"http:\/\/schema.org\/image\" title=\"OLYMPUS DIGITAL CAMERA\" alt=\"ENTREGADAS.- Osorio recibi\u00f3 sus bater\u00edas de manos del Mayor Edgardo Egli, luego que an\u00f3nimamente una persona las dej\u00f3 en esas dependencias policiales.\" style=\"width: 423px; height: 321px;\" \/> <\/a> <div class=\"tiled-gallery-caption\" itemprop=\"caption description\"> ENTREGADAS.- Osorio recibi\u00f3 sus bater\u00edas de manos del Mayor Edgardo Egli, luego que an\u00f3nimamente una persona las dej\u00f3 en esas dependencias policiales. <\/div> <\/div> <\/div> <!-- close group --> <div class=\"gallery-group images-2\" style=\"width: 213px; height: 325px;\" data-original-width=\"213\" data-original-height=\"325\" > <div class=\"tiled-gallery-item tiled-gallery-item-small\" itemprop=\"associatedMedia\" itemscope itemtype=\"http:\/\/schema.org\/ImageObject\"> <a href=\"https:\/\/eltrabajo.cl\/portal\/baterias-robadas-de-corazon-artificial-ya-fueron-devueltas-a-su-dueno\/emilio-vera\/\" border=\"0\" itemprop=\"url\"> <meta itemprop=\"width\" content=\"209\"> <meta itemprop=\"height\" content=\"159\"> <img decoding=\"async\" class=\"\" data-attachment-id=\"46140\" data-orig-file=\"https:\/\/eltrabajo.cl\/portal\/wp-content\/uploads\/2014\/05\/Emilio-Vera.jpg\" data-orig-size=\"529,401\" data-comments-opened=\"1\" data-image-meta=\"{&quot;aperture&quot;:&quot;0&quot;,&quot;credit&quot;:&quot;&quot;,&quot;camera&quot;:&quot;&quot;,&quot;caption&quot;:&quot;&quot;,&quot;created_timestamp&quot;:&quot;0&quot;,&quot;copyright&quot;:&quot;&quot;,&quot;focal_length&quot;:&quot;0&quot;,&quot;iso&quot;:&quot;0&quot;,&quot;shutter_speed&quot;:&quot;0&quot;,&quot;title&quot;:&quot;&quot;}\" data-image-title=\"Emilio Vera\" data-image-description=\"&lt;p&gt;NIETO ALEGRE.- Emilio Vera, nieto regal\u00f3n de Luis Osorio, se mostr\u00f3 alegre con la recuperaci\u00f3n de estos vitales recursos para su abuelo.&lt;\/p&gt; \" data-medium-file=\"https:\/\/i0.wp.com\/eltrabajo.cl\/portal\/wp-content\/uploads\/2014\/05\/Emilio-Vera.jpg?fit=300%2C227&#038;ssl=1\" data-large-file=\"https:\/\/i0.wp.com\/eltrabajo.cl\/portal\/wp-content\/uploads\/2014\/05\/Emilio-Vera.jpg?fit=529%2C401&#038;ssl=1\" src=\"https:\/\/i0.wp.com\/eltrabajo.cl\/portal\/wp-content\/uploads\/2014\/05\/Emilio-Vera.jpg?w=209&#038;h=159&#038;ssl=1\" srcset=\"https:\/\/i0.wp.com\/eltrabajo.cl\/portal\/wp-content\/uploads\/2014\/05\/Emilio-Vera.jpg?w=529&amp;ssl=1 529w, https:\/\/i0.wp.com\/eltrabajo.cl\/portal\/wp-content\/uploads\/2014\/05\/Emilio-Vera.jpg?resize=197%2C150&amp;ssl=1 197w, https:\/\/i0.wp.com\/eltrabajo.cl\/portal\/wp-content\/uploads\/2014\/05\/Emilio-Vera.jpg?resize=300%2C227&amp;ssl=1 300w, https:\/\/i0.wp.com\/eltrabajo.cl\/portal\/wp-content\/uploads\/2014\/05\/Emilio-Vera.jpg?resize=150%2C113&amp;ssl=1 150w, https:\/\/i0.wp.com\/eltrabajo.cl\/portal\/wp-content\/uploads\/2014\/05\/Emilio-Vera.jpg?resize=400%2C303&amp;ssl=1 400w\" width=\"209\" height=\"159\" loading=\"lazy\" data-original-width=\"209\" data-original-height=\"159\" itemprop=\"http:\/\/schema.org\/image\" title=\"Emilio Vera\" alt=\"NIETO ALEGRE.- Emilio Vera, nieto regal\u00f3n de Luis Osorio, se mostr\u00f3 alegre con la recuperaci\u00f3n de estos vitales recursos para su abuelo.\" style=\"width: 209px; height: 159px;\" \/> <\/a> <div class=\"tiled-gallery-caption\" itemprop=\"caption description\"> NIETO ALEGRE.- Emilio Vera, nieto regal\u00f3n de Luis Osorio, se mostr\u00f3 alegre con la recuperaci\u00f3n de estos vitales recursos para su abuelo. <\/div> <\/div> <div class=\"tiled-gallery-item tiled-gallery-item-small\" itemprop=\"associatedMedia\" itemscope itemtype=\"http:\/\/schema.org\/ImageObject\"> <a href=\"https:\/\/eltrabajo.cl\/portal\/baterias-robadas-de-corazon-artificial-ya-fueron-devueltas-a-su-dueno\/olympus-digital-camera-16\/\" border=\"0\" itemprop=\"url\"> <meta itemprop=\"width\" content=\"209\"> <meta itemprop=\"height\" content=\"158\"> <img decoding=\"async\" class=\"\" data-attachment-id=\"46141\" data-orig-file=\"https:\/\/eltrabajo.cl\/portal\/wp-content\/uploads\/2014\/05\/Medios1.jpg\" data-orig-size=\"529,401\" data-comments-opened=\"1\" data-image-meta=\"{&quot;aperture&quot;:&quot;4.2&quot;,&quot;credit&quot;:&quot;&quot;,&quot;camera&quot;:&quot;SP-620UZ&quot;,&quot;caption&quot;:&quot;&quot;,&quot;created_timestamp&quot;:&quot;1398952875&quot;,&quot;copyright&quot;:&quot;&quot;,&quot;focal_length&quot;:&quot;14.6&quot;,&quot;iso&quot;:&quot;200&quot;,&quot;shutter_speed&quot;:&quot;0.00625&quot;,&quot;title&quot;:&quot;OLYMPUS DIGITAL CAMERA&quot;}\" data-image-title=\"OLYMPUS DIGITAL CAMERA\" data-image-description=\"&lt;p&gt;COBERTURA NACIONAL.- Los medios regionales y nacionales tambi\u00e9n brindaron amplia cobertura a este caso, pues la vida de un sanfelipe\u00f1o correr\u00eda peligro inminente de muerte sin esas bater\u00edas.&lt;\/p&gt; \" data-medium-file=\"https:\/\/i0.wp.com\/eltrabajo.cl\/portal\/wp-content\/uploads\/2014\/05\/Medios1.jpg?fit=300%2C227&#038;ssl=1\" data-large-file=\"https:\/\/i0.wp.com\/eltrabajo.cl\/portal\/wp-content\/uploads\/2014\/05\/Medios1.jpg?fit=529%2C401&#038;ssl=1\" src=\"https:\/\/i0.wp.com\/eltrabajo.cl\/portal\/wp-content\/uploads\/2014\/05\/Medios1.jpg?w=209&#038;h=158&#038;ssl=1\" srcset=\"https:\/\/i0.wp.com\/eltrabajo.cl\/portal\/wp-content\/uploads\/2014\/05\/Medios1.jpg?w=529&amp;ssl=1 529w, https:\/\/i0.wp.com\/eltrabajo.cl\/portal\/wp-content\/uploads\/2014\/05\/Medios1.jpg?resize=197%2C150&amp;ssl=1 197w, https:\/\/i0.wp.com\/eltrabajo.cl\/portal\/wp-content\/uploads\/2014\/05\/Medios1.jpg?resize=300%2C227&amp;ssl=1 300w, https:\/\/i0.wp.com\/eltrabajo.cl\/portal\/wp-content\/uploads\/2014\/05\/Medios1.jpg?resize=150%2C113&amp;ssl=1 150w, https:\/\/i0.wp.com\/eltrabajo.cl\/portal\/wp-content\/uploads\/2014\/05\/Medios1.jpg?resize=400%2C303&amp;ssl=1 400w\" width=\"209\" height=\"158\" loading=\"lazy\" data-original-width=\"209\" data-original-height=\"158\" itemprop=\"http:\/\/schema.org\/image\" title=\"OLYMPUS DIGITAL CAMERA\" alt=\"COBERTURA NACIONAL.- Los medios regionales y nacionales tambi\u00e9n brindaron amplia cobertura a este caso, pues la vida de un sanfelipe\u00f1o correr\u00eda peligro inminente de muerte sin esas bater\u00edas.\" style=\"width: 209px; height: 158px;\" \/> <\/a> <div class=\"tiled-gallery-caption\" itemprop=\"caption description\"> COBERTURA NACIONAL.- Los medios regionales y nacionales tambi\u00e9n brindaron amplia cobertura a este caso, pues la vida de un sanfelipe\u00f1o correr\u00eda peligro inminente de muerte sin esas bater\u00edas. <\/div> <\/div> <\/div> <!-- close group --> <\/div> <!-- close row --> <\/div>\n","protected":false},"excerpt":{"rendered":"<p>De manera an\u00f3nima fueron entregadas en dependencias de la Tercera Comisar\u00eda de Carabineros de Los Andes, las bater\u00edas del dispositivo de asistencia ventricular intra-corp\u00f3reo que en marzo pasado fueron robados a un&#8230;<\/p>\n","protected":false},"author":482,"featured_media":46138,"comment_status":"open","ping_status":"closed","sticky":false,"template":"","format":"standard","meta":{"advanced_seo_description":"","jetpack_seo_html_title":"","jetpack_seo_noindex":false,"_jetpack_memberships_contains_paid_content":false,"footnotes":""},"categories":[15],"tags":[],"class_list":["post-46137","post","type-post","status-publish","format-standard","has-post-thumbnail","hentry","category-comunidad"],"jetpack_featured_media_url":"https:\/\/i0.wp.com\/eltrabajo.cl\/portal\/wp-content\/uploads\/2014\/05\/Bate24.jpg?fit=529%2C472&ssl=1","jetpack_sharing_enabled":true,"jetpack_likes_enabled":true,"jetpack-related-posts":[],"_links":{"self":[{"href":"https:\/\/eltrabajo.cl\/portal\/wp-json\/wp\/v2\/posts\/46137","targetHints":{"allow":["GET"]}}],"collection":[{"href":"https:\/\/eltrabajo.cl\/portal\/wp-json\/wp\/v2\/posts"}],"about":[{"href":"https:\/\/eltrabajo.cl\/portal\/wp-json\/wp\/v2\/types\/post"}],"author":[{"embeddable":true,"href":"https:\/\/eltrabajo.cl\/portal\/wp-json\/wp\/v2\/users\/482"}],"replies":[{"embeddable":true,"href":"https:\/\/eltrabajo.cl\/portal\/wp-json\/wp\/v2\/comments?post=46137"}],"version-history":[{"count":0,"href":"https:\/\/eltrabajo.cl\/portal\/wp-json\/wp\/v2\/posts\/46137\/revisions"}],"wp:featuredmedia":[{"embeddable":true,"href":"https:\/\/eltrabajo.cl\/portal\/wp-json\/wp\/v2\/media\/46138"}],"wp:attachment":[{"href":"https:\/\/eltrabajo.cl\/portal\/wp-json\/wp\/v2\/media?parent=46137"}],"wp:term":[{"taxonomy":"category","embeddable":true,"href":"https:\/\/eltrabajo.cl\/portal\/wp-json\/wp\/v2\/categories?post=46137"},{"taxonomy":"post_tag","embeddable":true,"href":"https:\/\/eltrabajo.cl\/portal\/wp-json\/wp\/v2\/tags?post=46137"}],"curies":[{"name":"wp","href":"https:\/\/api.w.org\/{rel}","templated":true}]}}