{"id":46150,"date":"2014-05-05T09:21:23","date_gmt":"2014-05-05T13:21:23","guid":{"rendered":"http:\/\/www.eltrabajo.cl\/portal\/?p=46150"},"modified":"2014-05-05T09:21:23","modified_gmt":"2014-05-05T13:21:23","slug":"realizan-actividad-trafkintu-en-el-marco-del-dia-mundial-contra-la-desertificacion","status":"publish","type":"post","link":"https:\/\/eltrabajo.cl\/portal\/realizan-actividad-trafkintu-en-el-marco-del-dia-mundial-contra-la-desertificacion\/","title":{"rendered":"Realizan actividad Trafkint\u00fc en el marco del D\u00eda Mundial contra la Desertificaci\u00f3n"},"content":{"rendered":"<figure id=\"attachment_46151\" aria-describedby=\"caption-attachment-46151\" style=\"width: 529px\" class=\"wp-caption alignnone\"><a href=\"https:\/\/i0.wp.com\/www.eltrabajo.cl\/portal\/wp-content\/uploads\/2014\/05\/Mundial1.jpg\"><img data-recalc-dims=\"1\" loading=\"lazy\" decoding=\"async\" class=\"size-full wp-image-46151\" alt=\"La actividad cont\u00f3 con la participaci\u00f3n de diferentes organizaciones culturales de la zona que aprovecharon la ocasi\u00f3n para compartir su experiencia en el cuidado y protecci\u00f3n de las semillas.\" src=\"https:\/\/i0.wp.com\/www.eltrabajo.cl\/portal\/wp-content\/uploads\/2014\/05\/Mundial1.jpg?resize=529%2C331\" width=\"529\" height=\"331\" srcset=\"https:\/\/i0.wp.com\/eltrabajo.cl\/portal\/wp-content\/uploads\/2014\/05\/Mundial1.jpg?w=529&amp;ssl=1 529w, https:\/\/i0.wp.com\/eltrabajo.cl\/portal\/wp-content\/uploads\/2014\/05\/Mundial1.jpg?resize=200%2C125&amp;ssl=1 200w, https:\/\/i0.wp.com\/eltrabajo.cl\/portal\/wp-content\/uploads\/2014\/05\/Mundial1.jpg?resize=300%2C187&amp;ssl=1 300w, https:\/\/i0.wp.com\/eltrabajo.cl\/portal\/wp-content\/uploads\/2014\/05\/Mundial1.jpg?resize=150%2C93&amp;ssl=1 150w, https:\/\/i0.wp.com\/eltrabajo.cl\/portal\/wp-content\/uploads\/2014\/05\/Mundial1.jpg?resize=400%2C250&amp;ssl=1 400w\" sizes=\"auto, (max-width: 529px) 100vw, 529px\" \/><\/a><figcaption id=\"caption-attachment-46151\" class=\"wp-caption-text\">La actividad cont\u00f3 con la participaci\u00f3n de diferentes organizaciones culturales de la zona que aprovecharon la ocasi\u00f3n para compartir su experiencia en el cuidado y protecci\u00f3n de las semillas.<\/figcaption><\/figure>\n<p><strong>PUTAENDO.<\/strong>&#8211; En el marco de la presentaci\u00f3n del D\u00eda Mundial contra la Desertificaci\u00f3n, el Centro de Desarrollo y Expresi\u00f3n Cultural de Rinconada de Silva con el apoyo del programa de lucha y apoyo de pol\u00edticas p\u00fablicas contra la desertificaci\u00f3n, aplicado en comunidades y municipios rurales de zonas ecol\u00f3gicas \u00e1ridas a sub-h\u00famedas seca en Am\u00e9rica del Sur\u201d, Programa PNUD \u2013 UE de lucha contra la desertificaci\u00f3n; y de la \u201cOrganizaci\u00f3n de Mujeres Rurales e Ind\u00edgenas Hueichafe Domo\u201d, curadoras de semillas realiz\u00f3 el Encuentro Trafkint\u00fc.<\/p>\n<p>La actividad cont\u00f3 con la participaci\u00f3n de diferentes organizaciones culturales de la zona que aprovecharon la ocasi\u00f3n para compartir su experiencia en el cuidado y protecci\u00f3n de las semillas. El Trafkint\u00fc, hace referencia a un rito propio de la cultura mapuche, el cual acontec\u00eda al momento que cada comunidad presentaba bienes a intercambiar. La situaci\u00f3n previa a este encuentro se daba cuando la comunidad que lo ped\u00eda, mandaba a su werken (mensajero) a invitar a la comunidad con la cual se realizar\u00eda el intercambio. Esta forma de permuta permit\u00eda ponerse de acuerdo en las especies a intercambiar lo que consolidaba la econom\u00eda comunitaria pudiendo complementar sus recursos con los de otras comunidades locales.<\/p>\n<p>En esta ocasi\u00f3n la actividad se dividi\u00f3 en dos partes y durante la ma\u00f1ana del pasado martes 29 de abril en el Centro de Desarrollo y Expresi\u00f3n Cultural de Rinconada de Silva se realiz\u00f3 el Trafkint\u00fc y luego los presentes disfrutaron de un almuerzo de legumbres, para posteriormente en horas de la tarde realizar una jornada de capacitaci\u00f3n para conocer y aprender a preparar fertilizantes org\u00e1nicos.<\/p>\n<p>Gemma Lepe, Presidente del Centro de Desarrollo y Expresi\u00f3n Cultural de Rinconada de Silva, declar\u00f3 que \u201clo m\u00e1s importante de esta actividad es compartir los saberes y el conocimiento para dar un buen uso del suelo, conservar y usar las semillas adecuadamente, as\u00ed como las estrategias para un uso sustentable del agua y de la tierra y promover el uso de semillas locales como una forma a nivel comunal de lucha contra la desertificaci\u00f3n\u201d.<\/p>\n<p>La actividad finaliz\u00f3 pasadas las 16:30 horas con el seminario \u201cBuenas Pr\u00e1cticas Agr\u00edcolas: fertilizantes org\u00e1nicos\u201d a cargo de Pamela Contreras.<\/p>\n<p>Patricio Gallardo M.<\/p>\n<p>&nbsp;<\/p>\n","protected":false},"excerpt":{"rendered":"<p>PUTAENDO.&#8211; En el marco de la presentaci\u00f3n del D\u00eda Mundial contra la Desertificaci\u00f3n, el Centro de Desarrollo y Expresi\u00f3n Cultural de Rinconada de Silva con el apoyo del programa de lucha y&#8230;<\/p>\n","protected":false},"author":482,"featured_media":46151,"comment_status":"open","ping_status":"closed","sticky":false,"template":"","format":"standard","meta":{"advanced_seo_description":"","jetpack_seo_html_title":"","jetpack_seo_noindex":false,"_jetpack_memberships_contains_paid_content":false,"footnotes":""},"categories":[15],"tags":[],"class_list":["post-46150","post","type-post","status-publish","format-standard","has-post-thumbnail","hentry","category-comunidad"],"jetpack_featured_media_url":"https:\/\/i0.wp.com\/eltrabajo.cl\/portal\/wp-content\/uploads\/2014\/05\/Mundial1.jpg?fit=529%2C331&ssl=1","jetpack_sharing_enabled":true,"jetpack_likes_enabled":true,"jetpack-related-posts":[],"_links":{"self":[{"href":"https:\/\/eltrabajo.cl\/portal\/wp-json\/wp\/v2\/posts\/46150","targetHints":{"allow":["GET"]}}],"collection":[{"href":"https:\/\/eltrabajo.cl\/portal\/wp-json\/wp\/v2\/posts"}],"about":[{"href":"https:\/\/eltrabajo.cl\/portal\/wp-json\/wp\/v2\/types\/post"}],"author":[{"embeddable":true,"href":"https:\/\/eltrabajo.cl\/portal\/wp-json\/wp\/v2\/users\/482"}],"replies":[{"embeddable":true,"href":"https:\/\/eltrabajo.cl\/portal\/wp-json\/wp\/v2\/comments?post=46150"}],"version-history":[{"count":0,"href":"https:\/\/eltrabajo.cl\/portal\/wp-json\/wp\/v2\/posts\/46150\/revisions"}],"wp:featuredmedia":[{"embeddable":true,"href":"https:\/\/eltrabajo.cl\/portal\/wp-json\/wp\/v2\/media\/46151"}],"wp:attachment":[{"href":"https:\/\/eltrabajo.cl\/portal\/wp-json\/wp\/v2\/media?parent=46150"}],"wp:term":[{"taxonomy":"category","embeddable":true,"href":"https:\/\/eltrabajo.cl\/portal\/wp-json\/wp\/v2\/categories?post=46150"},{"taxonomy":"post_tag","embeddable":true,"href":"https:\/\/eltrabajo.cl\/portal\/wp-json\/wp\/v2\/tags?post=46150"}],"curies":[{"name":"wp","href":"https:\/\/api.w.org\/{rel}","templated":true}]}}