{"id":46153,"date":"2014-05-05T09:22:40","date_gmt":"2014-05-05T13:22:40","guid":{"rendered":"http:\/\/www.eltrabajo.cl\/portal\/?p=46153"},"modified":"2014-05-05T09:22:40","modified_gmt":"2014-05-05T13:22:40","slug":"municipalidad-comenzo-a-desarrollar-programa-preventivo-para-el-invierno","status":"publish","type":"post","link":"https:\/\/eltrabajo.cl\/portal\/municipalidad-comenzo-a-desarrollar-programa-preventivo-para-el-invierno\/","title":{"rendered":"Municipalidad comenz\u00f3 a desarrollar programa preventivo para el invierno"},"content":{"rendered":"<figure id=\"attachment_46154\" aria-describedby=\"caption-attachment-46154\" style=\"width: 529px\" class=\"wp-caption alignnone\"><a href=\"https:\/\/i0.wp.com\/www.eltrabajo.cl\/portal\/wp-content\/uploads\/2014\/05\/Invierno1.jpg\"><img data-recalc-dims=\"1\" loading=\"lazy\" decoding=\"async\" class=\"size-full wp-image-46154\" alt=\"En estas labores, los funcionarios municipales sacaron una importante cantidad de basura, hojas y latas, les supervisa el propio Alcalde Reyes.\" src=\"https:\/\/i0.wp.com\/www.eltrabajo.cl\/portal\/wp-content\/uploads\/2014\/05\/Invierno1.jpg?resize=529%2C358\" width=\"529\" height=\"358\" srcset=\"https:\/\/i0.wp.com\/eltrabajo.cl\/portal\/wp-content\/uploads\/2014\/05\/Invierno1.jpg?w=529&amp;ssl=1 529w, https:\/\/i0.wp.com\/eltrabajo.cl\/portal\/wp-content\/uploads\/2014\/05\/Invierno1.jpg?resize=200%2C135&amp;ssl=1 200w, https:\/\/i0.wp.com\/eltrabajo.cl\/portal\/wp-content\/uploads\/2014\/05\/Invierno1.jpg?resize=300%2C203&amp;ssl=1 300w, https:\/\/i0.wp.com\/eltrabajo.cl\/portal\/wp-content\/uploads\/2014\/05\/Invierno1.jpg?resize=150%2C101&amp;ssl=1 150w, https:\/\/i0.wp.com\/eltrabajo.cl\/portal\/wp-content\/uploads\/2014\/05\/Invierno1.jpg?resize=400%2C270&amp;ssl=1 400w\" sizes=\"auto, (max-width: 529px) 100vw, 529px\" \/><\/a><figcaption id=\"caption-attachment-46154\" class=\"wp-caption-text\">En estas labores, los funcionarios municipales sacaron una importante cantidad de basura, hojas y latas, les supervisa el propio Alcalde Reyes.<\/figcaption><\/figure>\n<p><strong>PUTAENDO.<\/strong>&#8211; La municipalidad comenz\u00f3 la implementaci\u00f3n del programa preventivo para las lluvias que se registrar\u00e1n con la llegada del invierno. La ma\u00f1ana de este viernes el Alcalde Guillermo Reyes supervis\u00f3 personalmente las labores de los funcionarios municipales que sacaron las rejas que est\u00e1n a un costado de la plaza en Calle Prat Oriente y comenzaron funciones de limpieza. En estas labores, los funcionarios municipales sacaron una importante cantidad de basura, hojas y latas, que de no haber sido retiradas, provocar\u00edan que ese sector colapsara con la llegada de las aguas lluvias.<\/p>\n<p>El Alcalde Reyes se\u00f1al\u00f3 que a partir del pr\u00f3ximo lunes comenzar\u00e1 un trabajo intenso de a lo menos diez d\u00edas para limpiar el Canal Cartagena, desde Calle Brasil hacia el R\u00edo Putaendo, que hace bastante a\u00f1os no es limpiado y que se encuentra embancado, para lo cual destinar\u00e1n funcionarios municipales y contratar\u00e1n a lo menos una cuadrilla de trabajadores para realizar una limpieza completa a uno de los canales que absorbe todas las aguas que vienen desde Sahonde y que desembocan a trav\u00e9s de ese canal hacia el R\u00edo Putaendo.<\/p>\n<p>El edil indic\u00f3 que otra de las preocupaciones son las viviendas existentes a un costado del Estero Seco, el cual est\u00e1 demasiado alto y es urgente un encausamiento, agregando que por a\u00f1os han pedido a la DOH las autorizaciones para realizar esta obra de encausamiento y que no han tenido inter\u00e9s ni preocupaci\u00f3n por trabajar en ese estero, por lo que asegur\u00f3 que como alcalde no descansar\u00e1 hasta que el Estero Seco pueda ser encausado.<\/p>\n<p>Reyes manifest\u00f3 que incluso una empresa present\u00f3 un proyecto para extraer \u00e1ridos desde el estero y adem\u00e1s encausarlo, pero que inexplicablemente la D.O.H. rechaz\u00f3 esa solicitud.<\/p>\n<p>El sector Sahonde con los dos esteros que cruzan por esa zona tambi\u00e9n es parte de los trabajos que desarrollar\u00e1 el municipio en el \u00e1mbito preventivo, a lo que se suman otros sectores m\u00e1s de la comuna que hist\u00f3ricamente han originado emergencias, para lo cual trabajar\u00e1n intensamente en un plan preventivo de limpieza que necesariamente debe contar con la colaboraci\u00f3n de la comunidad en cuanto a no arrojar basura a los esteros ni a los canales y preocuparse de mantener libres las v\u00edas de evacuaci\u00f3n de aguas lluvias, de los canales o acequias.<\/p>\n<p>Reyes declar\u00f3 que en caso de registrarse alguna emergencia a causa de la llegada de un frente de mal tiempo, la municipalidad est\u00e1 preparada con un equipo destinado que se constituir\u00e1 en forma inmediata en el municipio para enfrentar y dar soluci\u00f3n a los requerimientos de quienes se puedan ver afectados por las emergencias propias del invierno.<\/p>\n<p>Patricio Gallardo M.<\/p>\n<p>&nbsp;<\/p>\n","protected":false},"excerpt":{"rendered":"<p>PUTAENDO.&#8211; La municipalidad comenz\u00f3 la implementaci\u00f3n del programa preventivo para las lluvias que se registrar\u00e1n con la llegada del invierno. La ma\u00f1ana de este viernes el Alcalde Guillermo Reyes supervis\u00f3 personalmente las&#8230;<\/p>\n","protected":false},"author":482,"featured_media":46154,"comment_status":"open","ping_status":"closed","sticky":false,"template":"","format":"standard","meta":{"advanced_seo_description":"","jetpack_seo_html_title":"","jetpack_seo_noindex":false,"_jetpack_memberships_contains_paid_content":false,"footnotes":""},"categories":[1],"tags":[],"class_list":["post-46153","post","type-post","status-publish","format-standard","has-post-thumbnail","hentry","category-cronica"],"jetpack_featured_media_url":"https:\/\/i0.wp.com\/eltrabajo.cl\/portal\/wp-content\/uploads\/2014\/05\/Invierno1.jpg?fit=529%2C358&ssl=1","jetpack_sharing_enabled":true,"jetpack_likes_enabled":true,"jetpack-related-posts":[],"_links":{"self":[{"href":"https:\/\/eltrabajo.cl\/portal\/wp-json\/wp\/v2\/posts\/46153","targetHints":{"allow":["GET"]}}],"collection":[{"href":"https:\/\/eltrabajo.cl\/portal\/wp-json\/wp\/v2\/posts"}],"about":[{"href":"https:\/\/eltrabajo.cl\/portal\/wp-json\/wp\/v2\/types\/post"}],"author":[{"embeddable":true,"href":"https:\/\/eltrabajo.cl\/portal\/wp-json\/wp\/v2\/users\/482"}],"replies":[{"embeddable":true,"href":"https:\/\/eltrabajo.cl\/portal\/wp-json\/wp\/v2\/comments?post=46153"}],"version-history":[{"count":0,"href":"https:\/\/eltrabajo.cl\/portal\/wp-json\/wp\/v2\/posts\/46153\/revisions"}],"wp:featuredmedia":[{"embeddable":true,"href":"https:\/\/eltrabajo.cl\/portal\/wp-json\/wp\/v2\/media\/46154"}],"wp:attachment":[{"href":"https:\/\/eltrabajo.cl\/portal\/wp-json\/wp\/v2\/media?parent=46153"}],"wp:term":[{"taxonomy":"category","embeddable":true,"href":"https:\/\/eltrabajo.cl\/portal\/wp-json\/wp\/v2\/categories?post=46153"},{"taxonomy":"post_tag","embeddable":true,"href":"https:\/\/eltrabajo.cl\/portal\/wp-json\/wp\/v2\/tags?post=46153"}],"curies":[{"name":"wp","href":"https:\/\/api.w.org\/{rel}","templated":true}]}}