{"id":46156,"date":"2014-05-05T09:23:42","date_gmt":"2014-05-05T13:23:42","guid":{"rendered":"http:\/\/www.eltrabajo.cl\/portal\/?p=46156"},"modified":"2014-05-05T09:23:42","modified_gmt":"2014-05-05T13:23:42","slug":"bateria-de-proyectos-fue-presentada-por-la-secplac-al-gore","status":"publish","type":"post","link":"https:\/\/eltrabajo.cl\/portal\/bateria-de-proyectos-fue-presentada-por-la-secplac-al-gore\/","title":{"rendered":"Bater\u00eda de proyectos fue presentada por la Secplac al Gore"},"content":{"rendered":"<figure id=\"attachment_46157\" aria-describedby=\"caption-attachment-46157\" style=\"width: 317px\" class=\"wp-caption alignleft\"><a href=\"https:\/\/i0.wp.com\/www.eltrabajo.cl\/portal\/wp-content\/uploads\/2014\/05\/CParedes1.jpg\"><img data-recalc-dims=\"1\" loading=\"lazy\" decoding=\"async\" class=\" wp-image-46157 \" alt=\"Claudio Paredes, Secretario de Planificaci\u00f3n de la Municipalidad de San Felipe.\" src=\"https:\/\/i0.wp.com\/www.eltrabajo.cl\/portal\/wp-content\/uploads\/2014\/05\/CParedes1.jpg?resize=317%2C240\" width=\"317\" height=\"240\" srcset=\"https:\/\/i0.wp.com\/eltrabajo.cl\/portal\/wp-content\/uploads\/2014\/05\/CParedes1.jpg?w=528&amp;ssl=1 528w, https:\/\/i0.wp.com\/eltrabajo.cl\/portal\/wp-content\/uploads\/2014\/05\/CParedes1.jpg?resize=198%2C150&amp;ssl=1 198w, https:\/\/i0.wp.com\/eltrabajo.cl\/portal\/wp-content\/uploads\/2014\/05\/CParedes1.jpg?resize=300%2C227&amp;ssl=1 300w, https:\/\/i0.wp.com\/eltrabajo.cl\/portal\/wp-content\/uploads\/2014\/05\/CParedes1.jpg?resize=150%2C113&amp;ssl=1 150w, https:\/\/i0.wp.com\/eltrabajo.cl\/portal\/wp-content\/uploads\/2014\/05\/CParedes1.jpg?resize=400%2C303&amp;ssl=1 400w\" sizes=\"auto, (max-width: 317px) 100vw, 317px\" \/><\/a><figcaption id=\"caption-attachment-46157\" class=\"wp-caption-text\">Claudio Paredes, Secretario de Planificaci\u00f3n de la Municipalidad de San Felipe.<\/figcaption><\/figure>\n<p>Cerca de %100 millones en proyectos de diversa \u00edndole contempla una bater\u00eda de proyectos presentados por la Secretar\u00eda de Planificaci\u00f3n del municipio de San Felipe y que fueran presentados durante el pasado mes de marzo. As\u00ed lo dio a conocer el encargado de este departamento, Claudio Paredes, quien destac\u00f3 la importancia de los proyectos presentados, entre los cuales se destacan el proyecto de dise\u00f1o para la nueva sede para junta de vecinos y Club Deportivo La Santita, en San Felipe y el cual ya fue presentado a los vecinos del sector por el alcalde de nuestra comuna.<\/p>\n<p>Este proyecto, que contempla mejoras no s\u00f3lo en relaci\u00f3n a la sede del sector sino tambi\u00e9n de su entorno, favoreciendo tanto a la junta de vecinos como al club deportivo del sector, ya se encontrar\u00eda postulando a fondos del Gobierno Regional.<\/p>\n<p>Dentro de las l\u00edneas prioritarias de los proyectos, se encuentran el mejoramiento de los pavimentos, los que en etapa de dise\u00f1o, se presentaron los trabajos de pavimentaci\u00f3n de Calle Coimas, Merced y Prat, as\u00ed como la apertura de la Avenida Costanera Norte, la cual permitir\u00e1 una mejor conexi\u00f3n y est\u00e1ndar en los pavimentos de la comuna.<\/p>\n<p>En cuanto a saneamiento sanitario, los proyectos presentados para este a\u00f1o 2014, a trav\u00e9s de la construcci\u00f3n de alcantarillados para los sectores de 21 de Mayo y La Troya, en etapa ejecuci\u00f3n, y de agua potable para el sector Parras\u00eda. S\u00f3lo en estos tres proyectos, la suma de inversi\u00f3n superar\u00eda los $1.600 millones, de los cuales se est\u00e1 la espera de la aprobaci\u00f3n t\u00e9cnica, con el apoyo de los consejeros regionales, durante este a\u00f1o, de manera de que puedan ejecutarse durante el 2015.<\/p>\n<p>Asimismo, el Proyecto de Pavimentaci\u00f3n de Belisario Montenegro, est\u00e1 en la etapa de aprobaci\u00f3n Serviu, con una inversi\u00f3n cercana a los $800 millones, y que tambi\u00e9n destaca como proyecto relevante en la cartera de proyectos de la comuna de San Felipe.<\/p>\n<p>Paredes manifest\u00f3 que una vez presentados los proyectos durante el mes de marzo, \u201cnosotros lo que estamos haciendo es observar el an\u00e1lisis t\u00e9cnico que hace el Ministerio de Desarrollo Social y con ello tambi\u00e9n conseguir las aprobaciones de Serviu para el caso de los pavimentos y de Esval para el caso de los proyectos de alcantarillado\u201d, lo anterior permitir\u00eda que a mitad de a\u00f1o poder contar con algunos proyectos y poder darle a la comunidad una satisfacci\u00f3n en esta l\u00ednea.<\/p>\n<p>Si bien todos estos proyectos est\u00e1n planteados para ejecutarse durante el a\u00f1o 2014, lo m\u00e1s probable es que por la importancia y envergadura de \u00e9stos, se finalicen durante el 2015.<\/p>\n","protected":false},"excerpt":{"rendered":"<p>Cerca de %100 millones en proyectos de diversa \u00edndole contempla una bater\u00eda de proyectos presentados por la Secretar\u00eda de Planificaci\u00f3n del municipio de San Felipe y que fueran presentados durante el pasado&#8230;<\/p>\n","protected":false},"author":482,"featured_media":46157,"comment_status":"open","ping_status":"closed","sticky":false,"template":"","format":"standard","meta":{"advanced_seo_description":"","jetpack_seo_html_title":"","jetpack_seo_noindex":false,"_jetpack_memberships_contains_paid_content":false,"footnotes":""},"categories":[1],"tags":[],"class_list":["post-46156","post","type-post","status-publish","format-standard","has-post-thumbnail","hentry","category-cronica"],"jetpack_featured_media_url":"https:\/\/i0.wp.com\/eltrabajo.cl\/portal\/wp-content\/uploads\/2014\/05\/CParedes1.jpg?fit=528%2C400&ssl=1","jetpack_sharing_enabled":true,"jetpack_likes_enabled":true,"jetpack-related-posts":[],"_links":{"self":[{"href":"https:\/\/eltrabajo.cl\/portal\/wp-json\/wp\/v2\/posts\/46156","targetHints":{"allow":["GET"]}}],"collection":[{"href":"https:\/\/eltrabajo.cl\/portal\/wp-json\/wp\/v2\/posts"}],"about":[{"href":"https:\/\/eltrabajo.cl\/portal\/wp-json\/wp\/v2\/types\/post"}],"author":[{"embeddable":true,"href":"https:\/\/eltrabajo.cl\/portal\/wp-json\/wp\/v2\/users\/482"}],"replies":[{"embeddable":true,"href":"https:\/\/eltrabajo.cl\/portal\/wp-json\/wp\/v2\/comments?post=46156"}],"version-history":[{"count":0,"href":"https:\/\/eltrabajo.cl\/portal\/wp-json\/wp\/v2\/posts\/46156\/revisions"}],"wp:featuredmedia":[{"embeddable":true,"href":"https:\/\/eltrabajo.cl\/portal\/wp-json\/wp\/v2\/media\/46157"}],"wp:attachment":[{"href":"https:\/\/eltrabajo.cl\/portal\/wp-json\/wp\/v2\/media?parent=46156"}],"wp:term":[{"taxonomy":"category","embeddable":true,"href":"https:\/\/eltrabajo.cl\/portal\/wp-json\/wp\/v2\/categories?post=46156"},{"taxonomy":"post_tag","embeddable":true,"href":"https:\/\/eltrabajo.cl\/portal\/wp-json\/wp\/v2\/tags?post=46156"}],"curies":[{"name":"wp","href":"https:\/\/api.w.org\/{rel}","templated":true}]}}