{"id":46160,"date":"2014-05-05T09:25:34","date_gmt":"2014-05-05T13:25:34","guid":{"rendered":"http:\/\/www.eltrabajo.cl\/portal\/?p=46160"},"modified":"2014-05-05T09:25:34","modified_gmt":"2014-05-05T13:25:34","slug":"realizan-en-san-felipe-dialogo-sobre-el-convenio-189","status":"publish","type":"post","link":"https:\/\/eltrabajo.cl\/portal\/realizan-en-san-felipe-dialogo-sobre-el-convenio-189\/","title":{"rendered":"Realizan en San Felipe Di\u00e1logo sobre el Convenio 189"},"content":{"rendered":"<figure id=\"attachment_46161\" aria-describedby=\"caption-attachment-46161\" style=\"width: 529px\" class=\"wp-caption alignnone\"><a href=\"https:\/\/i0.wp.com\/www.eltrabajo.cl\/portal\/wp-content\/uploads\/2014\/05\/Ellos1.jpg\"><img data-recalc-dims=\"1\" loading=\"lazy\" decoding=\"async\" class=\"size-full wp-image-46161\" alt=\"En este foro se dio a conocer la importancia que tiene la ratificaci\u00f3n de este convenio en mejorar las condiciones laborales de los y las trabajadoras dom\u00e9sticos en nuestro Pa\u00eds.\" src=\"https:\/\/i0.wp.com\/www.eltrabajo.cl\/portal\/wp-content\/uploads\/2014\/05\/Ellos1.jpg?resize=529%2C360\" width=\"529\" height=\"360\" srcset=\"https:\/\/i0.wp.com\/eltrabajo.cl\/portal\/wp-content\/uploads\/2014\/05\/Ellos1.jpg?w=529&amp;ssl=1 529w, https:\/\/i0.wp.com\/eltrabajo.cl\/portal\/wp-content\/uploads\/2014\/05\/Ellos1.jpg?resize=200%2C136&amp;ssl=1 200w, https:\/\/i0.wp.com\/eltrabajo.cl\/portal\/wp-content\/uploads\/2014\/05\/Ellos1.jpg?resize=300%2C204&amp;ssl=1 300w, https:\/\/i0.wp.com\/eltrabajo.cl\/portal\/wp-content\/uploads\/2014\/05\/Ellos1.jpg?resize=150%2C102&amp;ssl=1 150w, https:\/\/i0.wp.com\/eltrabajo.cl\/portal\/wp-content\/uploads\/2014\/05\/Ellos1.jpg?resize=400%2C272&amp;ssl=1 400w\" sizes=\"auto, (max-width: 529px) 100vw, 529px\" \/><\/a><figcaption id=\"caption-attachment-46161\" class=\"wp-caption-text\">En este foro se dio a conocer la importancia que tiene la ratificaci\u00f3n de este convenio en mejorar las condiciones laborales de los y las trabajadoras dom\u00e9sticos en nuestro Pa\u00eds.<\/figcaption><\/figure>\n<p>Ayer domingo en el Sal\u00f3n Municipal de San Felipe, se realiz\u00f3 el foro Dialogo sobre el Convenio 189 de la OIT Chile. Al mismo asistieron la Vocera Nacional de la Coordinadora de Trabajadoras de casa particular, Ruth Olate; la Presidente Nacional de Anecap, Bernardina Mu\u00f1oz; la Presidente de Sindutcap Emilia Sol\u00eds y la Presidente Anecap San Felipe, Nilda Rodr\u00edguez.<\/p>\n<figure id=\"attachment_46162\" aria-describedby=\"caption-attachment-46162\" style=\"width: 370px\" class=\"wp-caption alignright\"><a href=\"https:\/\/i0.wp.com\/www.eltrabajo.cl\/portal\/wp-content\/uploads\/2014\/05\/Concejales1.jpg\"><img data-recalc-dims=\"1\" loading=\"lazy\" decoding=\"async\" class=\" wp-image-46162 \" alt=\"Tambi\u00e9n estuvieron el Alcalde Patricio Freire, los concejales Jeanette Sotomayor, Rodolfo Silva, Basilio Muena y el Core Mario Sottolichio.\" src=\"https:\/\/i0.wp.com\/www.eltrabajo.cl\/portal\/wp-content\/uploads\/2014\/05\/Concejales1.jpg?resize=370%2C216\" width=\"370\" height=\"216\" srcset=\"https:\/\/i0.wp.com\/eltrabajo.cl\/portal\/wp-content\/uploads\/2014\/05\/Concejales1.jpg?w=528&amp;ssl=1 528w, https:\/\/i0.wp.com\/eltrabajo.cl\/portal\/wp-content\/uploads\/2014\/05\/Concejales1.jpg?resize=200%2C117&amp;ssl=1 200w, https:\/\/i0.wp.com\/eltrabajo.cl\/portal\/wp-content\/uploads\/2014\/05\/Concejales1.jpg?resize=300%2C175&amp;ssl=1 300w, https:\/\/i0.wp.com\/eltrabajo.cl\/portal\/wp-content\/uploads\/2014\/05\/Concejales1.jpg?resize=150%2C87&amp;ssl=1 150w, https:\/\/i0.wp.com\/eltrabajo.cl\/portal\/wp-content\/uploads\/2014\/05\/Concejales1.jpg?resize=400%2C234&amp;ssl=1 400w\" sizes=\"auto, (max-width: 370px) 100vw, 370px\" \/><\/a><figcaption id=\"caption-attachment-46162\" class=\"wp-caption-text\">Tambi\u00e9n estuvieron el Alcalde Patricio Freire, los concejales Jeanette Sotomayor, Rodolfo Silva, Basilio Muena y el Core Mario Sottolichio.<\/figcaption><\/figure>\n<p>Los exponente a este foro fueron Karen Medina, Seremi del Trabajo Quinta Regi\u00f3n; Ruth Olate Moreno, vocera de la coordinadora y Alejandro Aguilar, Presidente de la Cut San Felipe. Tambi\u00e9n estuvieron el Alcalde Patricio Freire, los concejales Jeanette Sotomayor, Rodolfo Silva, Basilio Muena y el Core Mario Sottolichio.<\/p>\n<p>&nbsp;<\/p>\n","protected":false},"excerpt":{"rendered":"<p>Ayer domingo en el Sal\u00f3n Municipal de San Felipe, se realiz\u00f3 el foro Dialogo sobre el Convenio 189 de la OIT Chile. Al mismo asistieron la Vocera Nacional de la Coordinadora de&#8230;<\/p>\n","protected":false},"author":482,"featured_media":46161,"comment_status":"open","ping_status":"closed","sticky":false,"template":"","format":"standard","meta":{"advanced_seo_description":"","jetpack_seo_html_title":"","jetpack_seo_noindex":false,"_jetpack_memberships_contains_paid_content":false,"footnotes":""},"categories":[15],"tags":[],"class_list":["post-46160","post","type-post","status-publish","format-standard","has-post-thumbnail","hentry","category-comunidad"],"jetpack_featured_media_url":"https:\/\/i0.wp.com\/eltrabajo.cl\/portal\/wp-content\/uploads\/2014\/05\/Ellos1.jpg?fit=529%2C360&ssl=1","jetpack_sharing_enabled":true,"jetpack_likes_enabled":true,"jetpack-related-posts":[],"_links":{"self":[{"href":"https:\/\/eltrabajo.cl\/portal\/wp-json\/wp\/v2\/posts\/46160","targetHints":{"allow":["GET"]}}],"collection":[{"href":"https:\/\/eltrabajo.cl\/portal\/wp-json\/wp\/v2\/posts"}],"about":[{"href":"https:\/\/eltrabajo.cl\/portal\/wp-json\/wp\/v2\/types\/post"}],"author":[{"embeddable":true,"href":"https:\/\/eltrabajo.cl\/portal\/wp-json\/wp\/v2\/users\/482"}],"replies":[{"embeddable":true,"href":"https:\/\/eltrabajo.cl\/portal\/wp-json\/wp\/v2\/comments?post=46160"}],"version-history":[{"count":0,"href":"https:\/\/eltrabajo.cl\/portal\/wp-json\/wp\/v2\/posts\/46160\/revisions"}],"wp:featuredmedia":[{"embeddable":true,"href":"https:\/\/eltrabajo.cl\/portal\/wp-json\/wp\/v2\/media\/46161"}],"wp:attachment":[{"href":"https:\/\/eltrabajo.cl\/portal\/wp-json\/wp\/v2\/media?parent=46160"}],"wp:term":[{"taxonomy":"category","embeddable":true,"href":"https:\/\/eltrabajo.cl\/portal\/wp-json\/wp\/v2\/categories?post=46160"},{"taxonomy":"post_tag","embeddable":true,"href":"https:\/\/eltrabajo.cl\/portal\/wp-json\/wp\/v2\/tags?post=46160"}],"curies":[{"name":"wp","href":"https:\/\/api.w.org\/{rel}","templated":true}]}}