{"id":46165,"date":"2014-05-05T09:28:35","date_gmt":"2014-05-05T13:28:35","guid":{"rendered":"http:\/\/www.eltrabajo.cl\/portal\/?p=46165"},"modified":"2014-05-05T09:28:35","modified_gmt":"2014-05-05T13:28:35","slug":"empresarios-sanfelipenos-abren-brecha-comercialmente-viajando-a-china","status":"publish","type":"post","link":"https:\/\/eltrabajo.cl\/portal\/empresarios-sanfelipenos-abren-brecha-comercialmente-viajando-a-china\/","title":{"rendered":"Empresarios sanfelipe\u00f1os abren brecha comercialmente viajando a China"},"content":{"rendered":"<figure id=\"attachment_46166\" aria-describedby=\"caption-attachment-46166\" style=\"width: 529px\" class=\"wp-caption alignnone\"><a href=\"https:\/\/i0.wp.com\/www.eltrabajo.cl\/portal\/wp-content\/uploads\/2014\/05\/Empresarios1.jpg\"><img data-recalc-dims=\"1\" loading=\"lazy\" decoding=\"async\" class=\"size-full wp-image-46166\" alt=\"Gustavo Vera S (Bell-Phone) y Alonso Becerra M. (Tienda Alonsito), tomaron la decisi\u00f3n de enfrentar el desaf\u00edo de viajar a China y ya se aprontan a recibir sus primeros embarques.\" src=\"https:\/\/i0.wp.com\/www.eltrabajo.cl\/portal\/wp-content\/uploads\/2014\/05\/Empresarios1.jpg?resize=529%2C358\" width=\"529\" height=\"358\" srcset=\"https:\/\/i0.wp.com\/eltrabajo.cl\/portal\/wp-content\/uploads\/2014\/05\/Empresarios1.jpg?w=529&amp;ssl=1 529w, https:\/\/i0.wp.com\/eltrabajo.cl\/portal\/wp-content\/uploads\/2014\/05\/Empresarios1.jpg?resize=200%2C135&amp;ssl=1 200w, https:\/\/i0.wp.com\/eltrabajo.cl\/portal\/wp-content\/uploads\/2014\/05\/Empresarios1.jpg?resize=300%2C203&amp;ssl=1 300w, https:\/\/i0.wp.com\/eltrabajo.cl\/portal\/wp-content\/uploads\/2014\/05\/Empresarios1.jpg?resize=150%2C101&amp;ssl=1 150w, https:\/\/i0.wp.com\/eltrabajo.cl\/portal\/wp-content\/uploads\/2014\/05\/Empresarios1.jpg?resize=400%2C270&amp;ssl=1 400w\" sizes=\"auto, (max-width: 529px) 100vw, 529px\" \/><\/a><figcaption id=\"caption-attachment-46166\" class=\"wp-caption-text\">Gustavo Vera S (Bell-Phone) y Alonso Becerra M. (Tienda Alonsito), tomaron la decisi\u00f3n de enfrentar el desaf\u00edo de viajar a China y ya se aprontan a recibir sus primeros embarques.<\/figcaption><\/figure>\n<p>En el marco de un acuerdo de cooperaci\u00f3n establecido por la C\u00e1mara de Comercio de San Felipe y la empresa GW Travel y Business S.A., dos empresarios sanfelipe\u00f1os viajaron recientemente a China para tomar contacto con proveedores asi\u00e1ticos y concretar negocios. A partir de una charla informativa realizada en diciembre de 2013, la cual cont\u00f3 con una masiva presencia de nuestros asociados, Gustavo Vera S. (Bell-Phone) y Alonso Becerra M. (Tienda Alonsito) tomaron la decisi\u00f3n de enfrentar el desaf\u00edo de viajar y ya se aprontan a recibir sus primeros embarques.<\/p>\n<p>Consultado Alejandro Lagos, director de operaciones internacionales de la empresa, con amplia experiencia en el rubro- nos confirma que en esta oportunidad se consigui\u00f3 efectuar importantes compras, las que les permitir\u00e1 tener una oferta distinta, de calidad y buen precio para sus clientes. \u201cPor lo general se piensa que basta llegar a China para encontrar productos a bajos precios, pero conseguir productos de calidad a precios convenientes es un trabajo que se debe desarrollar de manera planificada. El trabajo es intenso y se cuenta con apoyo personalizado para facilitarlo, luego viene el almacenamiento y log\u00edstica para que todo llegue a Chile sin problemas\u201c, manifest\u00f3 Lagos.<\/p>\n<p>Este viaje fue patrocinado por la C\u00e1mara de Comercio de San Felipe y se enmarca en el inter\u00e9s del actual directorio, de otorgar herramientas efectivas para enfrentar la creciente competencia y ser un aporte tangible en el desarrollo del sector. \u201cComo directiva, entre otras cosas, nos hemos abocado a la tarea de vincular a nuestros socios y comerciantes en general, con instancias e instituciones que sirvan a sus intereses particulares y que reduzcan la incertidumbre l\u00f3gica en din\u00e1micas comerciales poco explotadas por la gran mayor\u00eda, procurando en todos y cada uno de los casos, evaluar de manera seria, profunda y responsable las competencias y credenciales de estas instituciones, puesto que al servir como enlace y patrocinadores, ponemos en juego la imagen de una instituci\u00f3n con a\u00f1os de trayectoria al servicio de la comunidad, sin mencionar que como gremio nos obligamos a velar por los intereses de nuestros asociados\u201d, indic\u00f3 el Presidente de la C\u00e1mara de Comercio de San Felipe, Omar Juri Cerda.<\/p>\n<p>Por su parte la Asociaci\u00f3n Gremial de San Felipe, anunci\u00f3 una nueva misi\u00f3n comercial para el mes de agosto pr\u00f3ximo, a cargo de la misma instituci\u00f3n, instancia que ser\u00e1 informada oportunamente por medio de los canales de difusi\u00f3n de la C\u00e1mara de Comercio de San Felipe A.G.<\/p>\n<p>&nbsp;<\/p>\n","protected":false},"excerpt":{"rendered":"<p>En el marco de un acuerdo de cooperaci\u00f3n establecido por la C\u00e1mara de Comercio de San Felipe y la empresa GW Travel y Business S.A., dos empresarios sanfelipe\u00f1os viajaron recientemente a China&#8230;<\/p>\n","protected":false},"author":482,"featured_media":46166,"comment_status":"open","ping_status":"closed","sticky":false,"template":"","format":"standard","meta":{"advanced_seo_description":"","jetpack_seo_html_title":"","jetpack_seo_noindex":false,"_jetpack_memberships_contains_paid_content":false,"footnotes":""},"categories":[1],"tags":[],"class_list":["post-46165","post","type-post","status-publish","format-standard","has-post-thumbnail","hentry","category-cronica"],"jetpack_featured_media_url":"https:\/\/i0.wp.com\/eltrabajo.cl\/portal\/wp-content\/uploads\/2014\/05\/Empresarios1.jpg?fit=529%2C358&ssl=1","jetpack_sharing_enabled":true,"jetpack_likes_enabled":true,"jetpack-related-posts":[],"_links":{"self":[{"href":"https:\/\/eltrabajo.cl\/portal\/wp-json\/wp\/v2\/posts\/46165","targetHints":{"allow":["GET"]}}],"collection":[{"href":"https:\/\/eltrabajo.cl\/portal\/wp-json\/wp\/v2\/posts"}],"about":[{"href":"https:\/\/eltrabajo.cl\/portal\/wp-json\/wp\/v2\/types\/post"}],"author":[{"embeddable":true,"href":"https:\/\/eltrabajo.cl\/portal\/wp-json\/wp\/v2\/users\/482"}],"replies":[{"embeddable":true,"href":"https:\/\/eltrabajo.cl\/portal\/wp-json\/wp\/v2\/comments?post=46165"}],"version-history":[{"count":0,"href":"https:\/\/eltrabajo.cl\/portal\/wp-json\/wp\/v2\/posts\/46165\/revisions"}],"wp:featuredmedia":[{"embeddable":true,"href":"https:\/\/eltrabajo.cl\/portal\/wp-json\/wp\/v2\/media\/46166"}],"wp:attachment":[{"href":"https:\/\/eltrabajo.cl\/portal\/wp-json\/wp\/v2\/media?parent=46165"}],"wp:term":[{"taxonomy":"category","embeddable":true,"href":"https:\/\/eltrabajo.cl\/portal\/wp-json\/wp\/v2\/categories?post=46165"},{"taxonomy":"post_tag","embeddable":true,"href":"https:\/\/eltrabajo.cl\/portal\/wp-json\/wp\/v2\/tags?post=46165"}],"curies":[{"name":"wp","href":"https:\/\/api.w.org\/{rel}","templated":true}]}}