{"id":46168,"date":"2014-05-05T09:30:14","date_gmt":"2014-05-05T13:30:14","guid":{"rendered":"http:\/\/www.eltrabajo.cl\/portal\/?p=46168"},"modified":"2014-05-05T09:30:14","modified_gmt":"2014-05-05T13:30:14","slug":"autoridades-presentan-el-fondo-de-iniciativas-locales-2014","status":"publish","type":"post","link":"https:\/\/eltrabajo.cl\/portal\/autoridades-presentan-el-fondo-de-iniciativas-locales-2014\/","title":{"rendered":"Autoridades presentan el Fondo de Iniciativas Locales 2014"},"content":{"rendered":"<figure id=\"attachment_46169\" aria-describedby=\"caption-attachment-46169\" style=\"width: 529px\" class=\"wp-caption alignnone\"><a href=\"https:\/\/i0.wp.com\/www.eltrabajo.cl\/portal\/wp-content\/uploads\/2014\/05\/Postulaciones1.jpg\"><img data-recalc-dims=\"1\" loading=\"lazy\" decoding=\"async\" class=\"size-full wp-image-46169\" alt=\"Con la presencia del Gobernador de la Provincia de San Felipe, Eduardo Le\u00f3n Lazcano, y m\u00e1s de 47 representantes de organizaciones sociales, se dio el inicio de los Fondos de Iniciativas Locales 2014.\" src=\"https:\/\/i0.wp.com\/www.eltrabajo.cl\/portal\/wp-content\/uploads\/2014\/05\/Postulaciones1.jpg?resize=529%2C358\" width=\"529\" height=\"358\" srcset=\"https:\/\/i0.wp.com\/eltrabajo.cl\/portal\/wp-content\/uploads\/2014\/05\/Postulaciones1.jpg?w=529&amp;ssl=1 529w, https:\/\/i0.wp.com\/eltrabajo.cl\/portal\/wp-content\/uploads\/2014\/05\/Postulaciones1.jpg?resize=200%2C135&amp;ssl=1 200w, https:\/\/i0.wp.com\/eltrabajo.cl\/portal\/wp-content\/uploads\/2014\/05\/Postulaciones1.jpg?resize=300%2C203&amp;ssl=1 300w, https:\/\/i0.wp.com\/eltrabajo.cl\/portal\/wp-content\/uploads\/2014\/05\/Postulaciones1.jpg?resize=150%2C101&amp;ssl=1 150w, https:\/\/i0.wp.com\/eltrabajo.cl\/portal\/wp-content\/uploads\/2014\/05\/Postulaciones1.jpg?resize=400%2C270&amp;ssl=1 400w\" sizes=\"auto, (max-width: 529px) 100vw, 529px\" \/><\/a><figcaption id=\"caption-attachment-46169\" class=\"wp-caption-text\">Con la presencia del Gobernador de la Provincia de San Felipe, Eduardo Le\u00f3n Lazcano, y m\u00e1s de 47 representantes de organizaciones sociales, se dio el inicio de los Fondos de Iniciativas Locales 2014.<\/figcaption><\/figure>\n<p>Con la presencia del Gobernador de la Provincia de San Felipe, Eduardo Le\u00f3n Lazcano, y m\u00e1s de 47 representantes de organizaciones sociales, se dio el inicio de los Fondos de Iniciativas Locales 2014. La actividad se desarroll\u00f3 en el Sal\u00f3n de Honor de la Municipalidad de San Felipe, con la presencia tambi\u00e9n de la Seremi de Gobierno, Katherine Araya Matus.<\/p>\n<p>El Fondo de Iniciativas Locales (FIL) es una importante fuente de financiamiento que el gobierno pone a disposici\u00f3n de las organizaciones sociales con el objeto de favorecer el fortalecimiento, la autonom\u00eda y la sustentabilidad de ellas.<\/p>\n<p>En esta oportunidad podr\u00e1n postular Organizaciones Territoriales (Junta de vecinos) y funcionales (clubes de adulto mayor, centros culturales, centros juveniles), Comunidades y Asociaciones Ind\u00edgenas, ONG\u2018s de Desarrollo, Corporaciones y Fundaciones de Derecho Privado Y Organizaciones Deportivas. S\u00f3lo podr\u00e1n postular Proyectos Ejecutados por una organizaci\u00f3n cuyo impacto o alcance se produce en una comuna. Cada organizaci\u00f3n podr\u00e1 postular un solo proyecto, existiendo dos tipos de proyectos que pueden postular: Fortalecimiento y Mejoramiento de Infraestructura Social.<\/p>\n<p>As\u00ed lo dio a conocer la Seremi de Gobierno, Katherine Araya Matus, quien destac\u00f3 que \u00abla idea de esta salida a terreno es parte del compromiso y la solicitud que ha realizado la Presidenta Bachelet, de estar junto a la ciudadan\u00eda, esta es la primera visita como autoridad a la Provincia de San Felipe, donde nos encontramos con grandes amigos como el Gobernador Eduardo Le\u00f3n Lazcano, ver la fuerte participaci\u00f3n de las organizaciones civiles, para informar y difundir estos fondos. Estos son dineros de la Secretaria General de la Presidencia, se puede participar a trav\u00e9s de la p\u00e1gina www.fondoiniciativaslocales.gob.cl, donde est\u00e1 toda la informaci\u00f3n y a en las Gobernaciones Provinciales del pa\u00eds en las Oficinas Sociales\u00bb.<\/p>\n<p>El monto a repartir en la Regi\u00f3n de Valpara\u00edso es de $60 millones, con un monto m\u00e1ximo en el fortalecimiento de un $1.500.000, y en el caso de mejoramiento de sedes es de $800.000, \u00abas\u00ed que el llamado es a las organizaciones a postular, y a informarse, el plazo de seguro se va a extender , hoy d\u00eda pueden postular hasta el 16 de mayo y se informara por los canales y medios de comunicaci\u00f3n la posibilidad de extensi\u00f3n del plazo para la postulaci\u00f3n\u00bb, ratifico la Seremi de Gobierno.<\/p>\n<p>El 21 de abril fue el inicio de postulaciones; el 09 mayo ser\u00e1 el cierre de postulaciones en papel; el 16 mayo a las 13:00 horas es el cierre de postulaci\u00f3n en Internet; en octubre ser\u00e1 el inicio del Plazo de ejecuci\u00f3n, finalmente el 30 diciembre terminar\u00e1 el plazo de ejecuci\u00f3n.<\/p>\n<p>&nbsp;<\/p>\n","protected":false},"excerpt":{"rendered":"<p>Con la presencia del Gobernador de la Provincia de San Felipe, Eduardo Le\u00f3n Lazcano, y m\u00e1s de 47 representantes de organizaciones sociales, se dio el inicio de los Fondos de Iniciativas Locales&#8230;<\/p>\n","protected":false},"author":482,"featured_media":46169,"comment_status":"open","ping_status":"closed","sticky":false,"template":"","format":"standard","meta":{"advanced_seo_description":"","jetpack_seo_html_title":"","jetpack_seo_noindex":false,"_jetpack_memberships_contains_paid_content":false,"footnotes":""},"categories":[1],"tags":[],"class_list":["post-46168","post","type-post","status-publish","format-standard","has-post-thumbnail","hentry","category-cronica"],"jetpack_featured_media_url":"https:\/\/i0.wp.com\/eltrabajo.cl\/portal\/wp-content\/uploads\/2014\/05\/Postulaciones1.jpg?fit=529%2C358&ssl=1","jetpack_sharing_enabled":true,"jetpack_likes_enabled":true,"jetpack-related-posts":[],"_links":{"self":[{"href":"https:\/\/eltrabajo.cl\/portal\/wp-json\/wp\/v2\/posts\/46168","targetHints":{"allow":["GET"]}}],"collection":[{"href":"https:\/\/eltrabajo.cl\/portal\/wp-json\/wp\/v2\/posts"}],"about":[{"href":"https:\/\/eltrabajo.cl\/portal\/wp-json\/wp\/v2\/types\/post"}],"author":[{"embeddable":true,"href":"https:\/\/eltrabajo.cl\/portal\/wp-json\/wp\/v2\/users\/482"}],"replies":[{"embeddable":true,"href":"https:\/\/eltrabajo.cl\/portal\/wp-json\/wp\/v2\/comments?post=46168"}],"version-history":[{"count":0,"href":"https:\/\/eltrabajo.cl\/portal\/wp-json\/wp\/v2\/posts\/46168\/revisions"}],"wp:featuredmedia":[{"embeddable":true,"href":"https:\/\/eltrabajo.cl\/portal\/wp-json\/wp\/v2\/media\/46169"}],"wp:attachment":[{"href":"https:\/\/eltrabajo.cl\/portal\/wp-json\/wp\/v2\/media?parent=46168"}],"wp:term":[{"taxonomy":"category","embeddable":true,"href":"https:\/\/eltrabajo.cl\/portal\/wp-json\/wp\/v2\/categories?post=46168"},{"taxonomy":"post_tag","embeddable":true,"href":"https:\/\/eltrabajo.cl\/portal\/wp-json\/wp\/v2\/tags?post=46168"}],"curies":[{"name":"wp","href":"https:\/\/api.w.org\/{rel}","templated":true}]}}