{"id":46171,"date":"2014-05-05T09:31:14","date_gmt":"2014-05-05T13:31:14","guid":{"rendered":"http:\/\/www.eltrabajo.cl\/portal\/?p=46171"},"modified":"2014-05-05T09:31:14","modified_gmt":"2014-05-05T13:31:14","slug":"se-analizan-bases-tecnicas-para-acciones-de-limpieza-en-la-ciudad","status":"publish","type":"post","link":"https:\/\/eltrabajo.cl\/portal\/se-analizan-bases-tecnicas-para-acciones-de-limpieza-en-la-ciudad\/","title":{"rendered":"Se analizan bases t\u00e9cnicas para acciones de limpieza en la ciudad"},"content":{"rendered":"<figure id=\"attachment_46172\" aria-describedby=\"caption-attachment-46172\" style=\"width: 528px\" class=\"wp-caption alignnone\"><a href=\"https:\/\/i0.wp.com\/www.eltrabajo.cl\/portal\/wp-content\/uploads\/2014\/05\/Basura1.jpg\"><img data-recalc-dims=\"1\" loading=\"lazy\" decoding=\"async\" class=\"size-full wp-image-46172\" alt=\"En el \u00faltimo Concejo Municipal se analizaron las bases t\u00e9cnicas y administrativas de la nueva licitaci\u00f3n que desarrollar\u00e1 el municipio de San Felipe respecto al aseo de la comuna, donde la colaboraci\u00f3n de los vecinos es fundamental para tener una comuna limpia. (Foto archivo).\" src=\"https:\/\/i0.wp.com\/www.eltrabajo.cl\/portal\/wp-content\/uploads\/2014\/05\/Basura1.jpg?resize=528%2C318\" width=\"528\" height=\"318\" srcset=\"https:\/\/i0.wp.com\/eltrabajo.cl\/portal\/wp-content\/uploads\/2014\/05\/Basura1.jpg?w=528&amp;ssl=1 528w, https:\/\/i0.wp.com\/eltrabajo.cl\/portal\/wp-content\/uploads\/2014\/05\/Basura1.jpg?resize=200%2C120&amp;ssl=1 200w, https:\/\/i0.wp.com\/eltrabajo.cl\/portal\/wp-content\/uploads\/2014\/05\/Basura1.jpg?resize=300%2C180&amp;ssl=1 300w, https:\/\/i0.wp.com\/eltrabajo.cl\/portal\/wp-content\/uploads\/2014\/05\/Basura1.jpg?resize=150%2C90&amp;ssl=1 150w, https:\/\/i0.wp.com\/eltrabajo.cl\/portal\/wp-content\/uploads\/2014\/05\/Basura1.jpg?resize=400%2C240&amp;ssl=1 400w\" sizes=\"auto, (max-width: 528px) 100vw, 528px\" \/><\/a><figcaption id=\"caption-attachment-46172\" class=\"wp-caption-text\">En el \u00faltimo Concejo Municipal se analizaron las bases t\u00e9cnicas y administrativas de la nueva licitaci\u00f3n que desarrollar\u00e1 el municipio de San Felipe respecto al aseo de la comuna, donde la colaboraci\u00f3n de los vecinos es fundamental para tener una comuna limpia. (Foto archivo).<\/figcaption><\/figure>\n<p>En el \u00faltimo Concejo Municipal se analizaron las bases t\u00e9cnicas y administrativas de la nueva licitaci\u00f3n que desarrollar\u00e1 el municipio de San Felipe respecto al aseo de la comuna. Si bien en la ocasi\u00f3n cada uno de los concejales pudo hacer sus observaciones y sugerencias a las bases que regir\u00e1n esta pr\u00f3xima licitaci\u00f3n, el Concejal Basilio Muena hizo saber sus apreciaciones respecto al tema, \u201cnosotros podemos tener el mejor contrato de aseo, y de hecho, lo estamos tratando de hacer as\u00ed, pero mientras no exista un compromiso, un cambio cultural de la comunidad no vamos a tener una comuna m\u00e1s limpia\u201d, expuso respecto a que entreg\u00f3 propuestas que buscan generar una co-responsabilidad con la comunidad.<\/p>\n<p>Muena destac\u00f3 que \u201ces importante avanzar en estrategias que busquen generar este cambio cultural\u201d, as\u00ed como en lo que refiere a los micro-basurales, que siguen surgiendo en diversos puntos de la comuna de San Felipe lo cual fue muy bien recibido por parte de la Secretar\u00eda de Planificaci\u00f3n del municipio, quienes incluso solicitaron al concejo que enviaran sus sugerencias para ser analizadas y anexadas, seg\u00fan su pertinencia, a las nuevas bases de licitaci\u00f3n en lo que refiere al aseo de la comuna.<\/p>\n<p>Adem\u00e1s y debido a la gran importancia de este tema para la comuna, se ha llamado a una sesi\u00f3n extraordinaria, que permitir\u00eda finiquitar los detalles de estas bases de licitaci\u00f3n, de manera de poder llevar a efecto el llamado lo antes posible.<\/p>\n<p>Muena finaliz\u00f3 enviando un mensaje a la comunidad, \u201cestamos tratando, como Concejo Municipal, en esta nueva licitaci\u00f3n, poder solucionar algunos d\u00e9ficit que existen en este tema. La gente sabe y se nota mucho que la comuna est\u00e1 sucia\u201d, lo cual es el principal aliciente para que como concejo se tomen cartas en el asunto y pueda notarse prontamente una mejora en temas tan relevantes para la comuna, el barrido de las calles, el sistema de recolecci\u00f3n de basura por otro mucho mejor que el que actualmente existe en la comuna, y todo esto con el fin de \u201cavanzar y lograr una comuna mucho m\u00e1s limpia y m\u00e1s ordenada\u201d, finaliz\u00f3.<\/p>\n<p>Esta licitaci\u00f3n ser\u00e1 p\u00fablica y se espera que pueda lograr la contrataci\u00f3n de la mejor empresa para esta labor, respondiendo a las nuevas exigencias que estas bases t\u00e9cnicas y administrativas que estas comprender\u00e1n de acuerdo a lo desarrollado por el municipio.<\/p>\n","protected":false},"excerpt":{"rendered":"<p>En el \u00faltimo Concejo Municipal se analizaron las bases t\u00e9cnicas y administrativas de la nueva licitaci\u00f3n que desarrollar\u00e1 el municipio de San Felipe respecto al aseo de la comuna. Si bien en&#8230;<\/p>\n","protected":false},"author":482,"featured_media":46172,"comment_status":"open","ping_status":"closed","sticky":false,"template":"","format":"standard","meta":{"advanced_seo_description":"","jetpack_seo_html_title":"","jetpack_seo_noindex":false,"_jetpack_memberships_contains_paid_content":false,"footnotes":""},"categories":[1],"tags":[],"class_list":["post-46171","post","type-post","status-publish","format-standard","has-post-thumbnail","hentry","category-cronica"],"jetpack_featured_media_url":"https:\/\/i0.wp.com\/eltrabajo.cl\/portal\/wp-content\/uploads\/2014\/05\/Basura1.jpg?fit=528%2C318&ssl=1","jetpack_sharing_enabled":true,"jetpack_likes_enabled":true,"jetpack-related-posts":[],"_links":{"self":[{"href":"https:\/\/eltrabajo.cl\/portal\/wp-json\/wp\/v2\/posts\/46171","targetHints":{"allow":["GET"]}}],"collection":[{"href":"https:\/\/eltrabajo.cl\/portal\/wp-json\/wp\/v2\/posts"}],"about":[{"href":"https:\/\/eltrabajo.cl\/portal\/wp-json\/wp\/v2\/types\/post"}],"author":[{"embeddable":true,"href":"https:\/\/eltrabajo.cl\/portal\/wp-json\/wp\/v2\/users\/482"}],"replies":[{"embeddable":true,"href":"https:\/\/eltrabajo.cl\/portal\/wp-json\/wp\/v2\/comments?post=46171"}],"version-history":[{"count":0,"href":"https:\/\/eltrabajo.cl\/portal\/wp-json\/wp\/v2\/posts\/46171\/revisions"}],"wp:featuredmedia":[{"embeddable":true,"href":"https:\/\/eltrabajo.cl\/portal\/wp-json\/wp\/v2\/media\/46172"}],"wp:attachment":[{"href":"https:\/\/eltrabajo.cl\/portal\/wp-json\/wp\/v2\/media?parent=46171"}],"wp:term":[{"taxonomy":"category","embeddable":true,"href":"https:\/\/eltrabajo.cl\/portal\/wp-json\/wp\/v2\/categories?post=46171"},{"taxonomy":"post_tag","embeddable":true,"href":"https:\/\/eltrabajo.cl\/portal\/wp-json\/wp\/v2\/tags?post=46171"}],"curies":[{"name":"wp","href":"https:\/\/api.w.org\/{rel}","templated":true}]}}