{"id":46177,"date":"2014-05-05T09:38:25","date_gmt":"2014-05-05T13:38:25","guid":{"rendered":"http:\/\/www.eltrabajo.cl\/portal\/?p=46177"},"modified":"2014-05-05T09:38:25","modified_gmt":"2014-05-05T13:38:25","slug":"miles-de-sanfelipenos-disfrutaron-la-vendimia-2014-en-el-almendral","status":"publish","type":"post","link":"https:\/\/eltrabajo.cl\/portal\/miles-de-sanfelipenos-disfrutaron-la-vendimia-2014-en-el-almendral\/","title":{"rendered":"Miles de sanfelipe\u00f1os disfrutaron la Vendimia 2014 en El Almendral"},"content":{"rendered":"<figure id=\"attachment_46178\" aria-describedby=\"caption-attachment-46178\" style=\"width: 529px\" class=\"wp-caption alignnone\"><a href=\"https:\/\/i0.wp.com\/www.eltrabajo.cl\/portal\/wp-content\/uploads\/2014\/05\/Reina1.jpg\"><img data-recalc-dims=\"1\" loading=\"lazy\" decoding=\"async\" class=\"size-full wp-image-46178\" alt=\"LA REINA.-Las candidatas buscaban llevarse la corona de Reina de la Fiesta de la Vendimia 2014, la que finalmente qued\u00f3 en manos de Alejandra G\u00f3mez.\" src=\"https:\/\/i0.wp.com\/www.eltrabajo.cl\/portal\/wp-content\/uploads\/2014\/05\/Reina1.jpg?resize=529%2C462\" width=\"529\" height=\"462\" srcset=\"https:\/\/i0.wp.com\/eltrabajo.cl\/portal\/wp-content\/uploads\/2014\/05\/Reina1.jpg?w=529&amp;ssl=1 529w, https:\/\/i0.wp.com\/eltrabajo.cl\/portal\/wp-content\/uploads\/2014\/05\/Reina1.jpg?resize=171%2C150&amp;ssl=1 171w, https:\/\/i0.wp.com\/eltrabajo.cl\/portal\/wp-content\/uploads\/2014\/05\/Reina1.jpg?resize=300%2C262&amp;ssl=1 300w, https:\/\/i0.wp.com\/eltrabajo.cl\/portal\/wp-content\/uploads\/2014\/05\/Reina1.jpg?resize=150%2C131&amp;ssl=1 150w, https:\/\/i0.wp.com\/eltrabajo.cl\/portal\/wp-content\/uploads\/2014\/05\/Reina1.jpg?resize=400%2C349&amp;ssl=1 400w\" sizes=\"auto, (max-width: 529px) 100vw, 529px\" \/><\/a><figcaption id=\"caption-attachment-46178\" class=\"wp-caption-text\">LA REINA.-Las candidatas buscaban llevarse la corona de Reina de la Fiesta de la Vendimia 2014, la que finalmente qued\u00f3 en manos de Alejandra G\u00f3mez.<\/figcaption><\/figure>\n<p>M\u00e1s de 5.000 personas visitaron y disfrutaron con la Fiesta de la Vendimia 2014, que se desarroll\u00f3 este s\u00e1bado en el sector de El Almendral y que congreg\u00f3 adem\u00e1s a los artesanos y las vi\u00f1as de todo el Valle de Aconcagua. Rescatando una tradici\u00f3n que por muchos a\u00f1os se mantuvo olvidada, el Departamento de Turismo de la Municipalidad de San Felipe organiz\u00f3 una nueva versi\u00f3n y este s\u00e1bado 3 de mayo dio vida a la Fiesta de la Vendimia, una de las m\u00e1s tradicionales actividades que se realizaban en el valle.<\/p>\n<p>Alrededor de 50 artesanos de las m\u00e1s distintas expresiones art\u00edsticas y las vi\u00f1as y chicher\u00edas que se ubican en Aconcagua esperaban a los asistentes que comenzaron a llegar alrededor de las once de la ma\u00f1ana, hora en que adem\u00e1s se realiz\u00f3 la misa a la chilena, en la que particip\u00f3 el Alcalde Patricio Freire.<\/p>\n<p>Una vez terminada la Misa, se present\u00f3 una morenada, agrupaci\u00f3n que recorri\u00f3 el sector de Almendral dando colorido y m\u00fasica en un agradable y soleado d\u00eda de oto\u00f1o. Y la m\u00fasica dio paso a la inauguraci\u00f3n, donde participaron las autoridades de la provincia, entre los que contaron los Core Mario Sottolichio y Rolando Stevenson; los concejales Basilio Muena, Jeanette Sotomayor y Ricardo Covarrubias; el Jefe de Gabinete de la Gobernaci\u00f3n y el Alcalde Patricio Freire, quienes estuvieron acompa\u00f1ados de cientos de vecinos que a esa hora ya recorr\u00edan los stands degustando los m\u00e1s variados vinos, chichas y espumantes.<\/p>\n<p><strong>\u00a0ALCALDE FREIRE\u00a0MUY OPTIMISTA<\/strong><\/p>\n<p>En la oportunidad, el Alcalde Freire destac\u00f3 la realizaci\u00f3n de la actividad, la que por muchos a\u00f1os se ha mantenido en el recuerdo de los sanfelipe\u00f1os y que este 2014 por fin pudieron volver a disfrutar.<\/p>\n<p>\u201cEstamos muy contentos porque \u00e9sta era una actividad que los vecinos esperaban, se hab\u00eda perdido esta gran tradici\u00f3n del Valle de Aconcagua, pero hoy d\u00eda hemos recuperado esta tradici\u00f3n y la vamos a mantener en los a\u00f1os venideros. Para nosotros es un orgullo estar en este sector de El Almendral celebrando la Vendimia 2014 y quiero agradecer a todas las vi\u00f1as que hicieron posible la actividad y a las empresas que nos apoyaron para que esta actividad sea un total \u00e9xito y sobre todo a los vecinos que participaron\u201d, dijo el jefe comunal.<\/p>\n<p><strong>REINA REGALONA<\/strong><\/p>\n<p>La fiesta continu\u00f3 con la presentaci\u00f3n del Ballet Municipal y en la tarde la actividad contempl\u00f3 el pisoteo de uvas, con tinajas ubicadas en el escenario y donde las candidatas buscaban llevarse la corona de Reina de la Fiesta de la Vendimia 2014, la que finalmente qued\u00f3 en manos de Alejandra G\u00f3mez, al lograr reunir la mayor cantidad de jugo de uva.<\/p>\n<p>\u201cEs un orgullo estar ac\u00e1 y que esta fiesta se haya recuperado, que se haya recuperado el patrimonio intangible de esta ciudad, de este lugar que tiene muchas costumbres que no deben perderse, estoy muy contenta de que esta fiesta se est\u00e9 realizando. A m\u00ed me invitaron y estoy feliz de haber participado, porque se ha generado un ambiente de amistad y es un lugar para encontrarse con los vecinos en un ambiente sano\u201d, sostuvo la nueva reina.<\/p>\n<p>Ya a esa hora eran miles los asistentes que recorr\u00edan la principal Calle de El Almendral, la mayor\u00eda con su copa de recuerdo de la actividad, disfrutando estos exquisitos brebajes aconcag\u00fcinos.<\/p>\n<p>\u201cEsto me parece muy bueno, sobre todo que se revivan las tradiciones, las costumbres y sobre todo la participaci\u00f3n de las vi\u00f1as porque todo el Valle de Aconcagua tiene muchas cosas importantes que mostrar\u201d, se\u00f1al\u00f3 Aleida Buitrago, una de las asistentes a la feria.<\/p>\n<p>Una opini\u00f3n similar manifest\u00f3 Patricia Oyan\u00e9del, quien se\u00f1al\u00f3 que \u201cesto es hermoso, esto es que debi\u00f3 hacerse siempre, por eso agradecer al Alcalde Patricio Freire este tipo de actividades y la idea es que la gente venga a ver las cosas hermosas que est\u00e1n haciendo\u201d.<\/p>\n<p>En tanto Felipe Montes, dijo que \u201cest\u00e1 muy buena esta actividad, en un lugar tan bonito, adem\u00e1s nos acompa\u00f1\u00f3 el tiempo, as\u00ed que estamos muy contentos de participar, vinimos en compa\u00f1\u00eda de amigos y con los hijos, estamos todos felices\u201d.<\/p>\n<p>Mientras, en el escenario se presentaban los palladores de la zona, quienes con ingenio hicieron re\u00edr a la gente con distintas historias.<\/p>\n<p>El show final estuvo a cargo de \u2018El Monteaguilino\u2019, un cantor popular que con sus guarachas anim\u00f3 a los asistentes que disfrutaron con su espect\u00e1culo, anim\u00e1ndose varios a bailar al ritmo de la contagiosa m\u00fasica.<\/p>\n<p>\u201cEstoy feliz de estar en esta fiesta que la gente extra\u00f1aba y veo que la gente est\u00e1 feliz de que la Fiesta de la Vendimia haya vuelto\u201d.<\/p>\n<p>La fiesta culmin\u00f3 cerca de las 21:00 horas, luego de un d\u00eda lleno de m\u00fasica, artesan\u00eda y la degustaci\u00f3n de vinos y chichas, algunas de las tradiciones de nuestro valle de Aconcagua, que nuevamente volvi\u00f3 a revivir una de las actividades m\u00e1s importantes de la zona y que promete volver el pr\u00f3ximo a\u00f1o con m\u00e1s novedades para los visitantes que llegaron desde toda la regi\u00f3n.<\/p>\n<div class=\"tiled-gallery type-rectangular tiled-gallery-unresized\" data-original-width=\"640\" data-carousel-extra='null' itemscope itemtype=\"http:\/\/schema.org\/ImageGallery\" > <div class=\"gallery-row\" style=\"width: 640px; height: 284px;\" data-original-width=\"640\" data-original-height=\"284\" > <div class=\"gallery-group images-1\" style=\"width: 434px; height: 284px;\" data-original-width=\"434\" data-original-height=\"284\" > <div class=\"tiled-gallery-item tiled-gallery-item-large\" itemprop=\"associatedMedia\" itemscope itemtype=\"http:\/\/schema.org\/ImageObject\"> <a href=\"https:\/\/eltrabajo.cl\/portal\/miles-de-sanfelipenos-disfrutaron-la-vendimia-2014-en-el-almendral\/monteaguilino1\/\" border=\"0\" itemprop=\"url\"> <meta itemprop=\"width\" content=\"430\"> <meta itemprop=\"height\" content=\"280\"> <img decoding=\"async\" class=\"\" data-attachment-id=\"46179\" data-orig-file=\"https:\/\/eltrabajo.cl\/portal\/wp-content\/uploads\/2014\/05\/monteaguilino1.jpg\" data-orig-size=\"529,344\" data-comments-opened=\"1\" data-image-meta=\"{&quot;aperture&quot;:&quot;5.6&quot;,&quot;credit&quot;:&quot;&quot;,&quot;camera&quot;:&quot;NIKON D3000&quot;,&quot;caption&quot;:&quot;&quot;,&quot;created_timestamp&quot;:&quot;1399146824&quot;,&quot;copyright&quot;:&quot;&quot;,&quot;focal_length&quot;:&quot;26&quot;,&quot;iso&quot;:&quot;1600&quot;,&quot;shutter_speed&quot;:&quot;0.016666666666667&quot;,&quot;title&quot;:&quot;&quot;}\" data-image-title=\"monteaguilino1\" data-image-description=\"&lt;p&gt;EL MONTEAGUILINO.- El show final estuvo a cargo de \u2018El Monteaguilino\u2019, un cantor popular que con sus guarachas anim\u00f3 a los asistentes que disfrutaron con su espect\u00e1culo.&lt;\/p&gt; \" data-medium-file=\"https:\/\/i0.wp.com\/eltrabajo.cl\/portal\/wp-content\/uploads\/2014\/05\/monteaguilino1.jpg?fit=300%2C195&#038;ssl=1\" data-large-file=\"https:\/\/i0.wp.com\/eltrabajo.cl\/portal\/wp-content\/uploads\/2014\/05\/monteaguilino1.jpg?fit=529%2C344&#038;ssl=1\" src=\"https:\/\/i0.wp.com\/eltrabajo.cl\/portal\/wp-content\/uploads\/2014\/05\/monteaguilino1.jpg?w=430&#038;h=280&#038;ssl=1\" srcset=\"https:\/\/i0.wp.com\/eltrabajo.cl\/portal\/wp-content\/uploads\/2014\/05\/monteaguilino1.jpg?w=529&amp;ssl=1 529w, https:\/\/i0.wp.com\/eltrabajo.cl\/portal\/wp-content\/uploads\/2014\/05\/monteaguilino1.jpg?resize=200%2C130&amp;ssl=1 200w, https:\/\/i0.wp.com\/eltrabajo.cl\/portal\/wp-content\/uploads\/2014\/05\/monteaguilino1.jpg?resize=300%2C195&amp;ssl=1 300w, https:\/\/i0.wp.com\/eltrabajo.cl\/portal\/wp-content\/uploads\/2014\/05\/monteaguilino1.jpg?resize=150%2C97&amp;ssl=1 150w, https:\/\/i0.wp.com\/eltrabajo.cl\/portal\/wp-content\/uploads\/2014\/05\/monteaguilino1.jpg?resize=400%2C260&amp;ssl=1 400w\" width=\"430\" height=\"280\" loading=\"lazy\" data-original-width=\"430\" data-original-height=\"280\" itemprop=\"http:\/\/schema.org\/image\" title=\"monteaguilino1\" alt=\"EL MONTEAGUILINO.- El show final estuvo a cargo de \u2018El Monteaguilino\u2019, un cantor popular que con sus guarachas anim\u00f3 a los asistentes que disfrutaron con su espect\u00e1culo.\" style=\"width: 430px; height: 280px;\" \/> <\/a> <div class=\"tiled-gallery-caption\" itemprop=\"caption description\"> EL MONTEAGUILINO.- El show final estuvo a cargo de \u2018El Monteaguilino\u2019, un cantor popular que con sus guarachas anim\u00f3 a los asistentes que disfrutaron con su espect\u00e1culo. <\/div> <\/div> <\/div> <!-- close group --> <div class=\"gallery-group images-2\" style=\"width: 206px; height: 284px;\" data-original-width=\"206\" data-original-height=\"284\" > <div class=\"tiled-gallery-item tiled-gallery-item-small\" itemprop=\"associatedMedia\" itemscope itemtype=\"http:\/\/schema.org\/ImageObject\"> <a href=\"https:\/\/eltrabajo.cl\/portal\/miles-de-sanfelipenos-disfrutaron-la-vendimia-2014-en-el-almendral\/morenada1\/\" border=\"0\" itemprop=\"url\"> <meta itemprop=\"width\" content=\"202\"> <meta itemprop=\"height\" content=\"138\"> <img decoding=\"async\" class=\"\" data-attachment-id=\"46180\" data-orig-file=\"https:\/\/eltrabajo.cl\/portal\/wp-content\/uploads\/2014\/05\/Morenada1.jpg\" data-orig-size=\"528,360\" data-comments-opened=\"1\" data-image-meta=\"{&quot;aperture&quot;:&quot;10&quot;,&quot;credit&quot;:&quot;&quot;,&quot;camera&quot;:&quot;NIKON D3000&quot;,&quot;caption&quot;:&quot;&quot;,&quot;created_timestamp&quot;:&quot;1399125139&quot;,&quot;copyright&quot;:&quot;&quot;,&quot;focal_length&quot;:&quot;18&quot;,&quot;iso&quot;:&quot;1600&quot;,&quot;shutter_speed&quot;:&quot;0.0025&quot;,&quot;title&quot;:&quot;&quot;}\" data-image-title=\"Morenada1\" data-image-description=\"&lt;p&gt;GRAN MORENADA.-M\u00e1s de 5.000 personas visitaron y disfrutaron con la Fiesta de la Vendimia 2014, que se desarroll\u00f3 este s\u00e1bado en el sector de El Almendral y que congreg\u00f3 adem\u00e1s a los artesanos y las vi\u00f1as de todo el Valle de Aconcagua.&lt;\/p&gt; \" data-medium-file=\"https:\/\/i0.wp.com\/eltrabajo.cl\/portal\/wp-content\/uploads\/2014\/05\/Morenada1.jpg?fit=300%2C204&#038;ssl=1\" data-large-file=\"https:\/\/i0.wp.com\/eltrabajo.cl\/portal\/wp-content\/uploads\/2014\/05\/Morenada1.jpg?fit=528%2C360&#038;ssl=1\" src=\"https:\/\/i0.wp.com\/eltrabajo.cl\/portal\/wp-content\/uploads\/2014\/05\/Morenada1.jpg?w=202&#038;h=138&#038;ssl=1\" srcset=\"https:\/\/i0.wp.com\/eltrabajo.cl\/portal\/wp-content\/uploads\/2014\/05\/Morenada1.jpg?w=528&amp;ssl=1 528w, https:\/\/i0.wp.com\/eltrabajo.cl\/portal\/wp-content\/uploads\/2014\/05\/Morenada1.jpg?resize=200%2C136&amp;ssl=1 200w, https:\/\/i0.wp.com\/eltrabajo.cl\/portal\/wp-content\/uploads\/2014\/05\/Morenada1.jpg?resize=300%2C204&amp;ssl=1 300w, https:\/\/i0.wp.com\/eltrabajo.cl\/portal\/wp-content\/uploads\/2014\/05\/Morenada1.jpg?resize=150%2C102&amp;ssl=1 150w, https:\/\/i0.wp.com\/eltrabajo.cl\/portal\/wp-content\/uploads\/2014\/05\/Morenada1.jpg?resize=400%2C272&amp;ssl=1 400w\" width=\"202\" height=\"138\" loading=\"lazy\" data-original-width=\"202\" data-original-height=\"138\" itemprop=\"http:\/\/schema.org\/image\" title=\"Morenada1\" alt=\"GRAN MORENADA.-M\u00e1s de 5.000 personas visitaron y disfrutaron con la Fiesta de la Vendimia 2014, que se desarroll\u00f3 este s\u00e1bado en el sector de El Almendral y que congreg\u00f3 adem\u00e1s a los artesanos y las vi\u00f1as de todo el Valle de Aconcagua.\" style=\"width: 202px; height: 138px;\" \/> <\/a> <div class=\"tiled-gallery-caption\" itemprop=\"caption description\"> GRAN MORENADA.-M\u00e1s de 5.000 personas visitaron y disfrutaron con la Fiesta de la Vendimia 2014, que se desarroll\u00f3 este s\u00e1bado en el sector de El Almendral y que congreg\u00f3 adem\u00e1s a los artesanos y las vi\u00f1as de todo el Valle de Aconcagua. <\/div> <\/div> <div class=\"tiled-gallery-item tiled-gallery-item-small\" itemprop=\"associatedMedia\" itemscope itemtype=\"http:\/\/schema.org\/ImageObject\"> <a href=\"https:\/\/eltrabajo.cl\/portal\/miles-de-sanfelipenos-disfrutaron-la-vendimia-2014-en-el-almendral\/pisoteo1\/\" border=\"0\" itemprop=\"url\"> <meta itemprop=\"width\" content=\"202\"> <meta itemprop=\"height\" content=\"138\"> <img decoding=\"async\" class=\"\" data-attachment-id=\"46181\" data-orig-file=\"https:\/\/eltrabajo.cl\/portal\/wp-content\/uploads\/2014\/05\/Pisoteo1.jpg\" data-orig-size=\"528,360\" data-comments-opened=\"1\" data-image-meta=\"{&quot;aperture&quot;:&quot;7.1&quot;,&quot;credit&quot;:&quot;&quot;,&quot;camera&quot;:&quot;NIKON D3000&quot;,&quot;caption&quot;:&quot;&quot;,&quot;created_timestamp&quot;:&quot;1399139892&quot;,&quot;copyright&quot;:&quot;&quot;,&quot;focal_length&quot;:&quot;20&quot;,&quot;iso&quot;:&quot;1600&quot;,&quot;shutter_speed&quot;:&quot;0.005&quot;,&quot;title&quot;:&quot;&quot;}\" data-image-title=\"Pisoteo1\" data-image-description=\"&lt;p&gt;PISOTEO DE LA UVA.- Esta bella jovencita se dispuso alegremente al pisoteo de la uva, una tradicional costumbre que ahora retoma fuerza en nuestra provincia.&lt;\/p&gt; \" data-medium-file=\"https:\/\/i0.wp.com\/eltrabajo.cl\/portal\/wp-content\/uploads\/2014\/05\/Pisoteo1.jpg?fit=300%2C204&#038;ssl=1\" data-large-file=\"https:\/\/i0.wp.com\/eltrabajo.cl\/portal\/wp-content\/uploads\/2014\/05\/Pisoteo1.jpg?fit=528%2C360&#038;ssl=1\" src=\"https:\/\/i0.wp.com\/eltrabajo.cl\/portal\/wp-content\/uploads\/2014\/05\/Pisoteo1.jpg?w=202&#038;h=138&#038;ssl=1\" srcset=\"https:\/\/i0.wp.com\/eltrabajo.cl\/portal\/wp-content\/uploads\/2014\/05\/Pisoteo1.jpg?w=528&amp;ssl=1 528w, https:\/\/i0.wp.com\/eltrabajo.cl\/portal\/wp-content\/uploads\/2014\/05\/Pisoteo1.jpg?resize=200%2C136&amp;ssl=1 200w, https:\/\/i0.wp.com\/eltrabajo.cl\/portal\/wp-content\/uploads\/2014\/05\/Pisoteo1.jpg?resize=300%2C204&amp;ssl=1 300w, https:\/\/i0.wp.com\/eltrabajo.cl\/portal\/wp-content\/uploads\/2014\/05\/Pisoteo1.jpg?resize=150%2C102&amp;ssl=1 150w, https:\/\/i0.wp.com\/eltrabajo.cl\/portal\/wp-content\/uploads\/2014\/05\/Pisoteo1.jpg?resize=400%2C272&amp;ssl=1 400w\" width=\"202\" height=\"138\" loading=\"lazy\" data-original-width=\"202\" data-original-height=\"138\" itemprop=\"http:\/\/schema.org\/image\" title=\"Pisoteo1\" alt=\"PISOTEO DE LA UVA.- Esta bella jovencita se dispuso alegremente al pisoteo de la uva, una tradicional costumbre que ahora retoma fuerza en nuestra provincia.\" style=\"width: 202px; height: 138px;\" \/> <\/a> <div class=\"tiled-gallery-caption\" itemprop=\"caption description\"> PISOTEO DE LA UVA.- Esta bella jovencita se dispuso alegremente al pisoteo de la uva, una tradicional costumbre que ahora retoma fuerza en nuestra provincia. <\/div> <\/div> <\/div> <!-- close group --> <\/div> <!-- close row --> <div class=\"gallery-row\" style=\"width: 640px; height: 498px;\" data-original-width=\"640\" data-original-height=\"498\" > <div class=\"gallery-group images-1\" style=\"width: 640px; height: 498px;\" data-original-width=\"640\" data-original-height=\"498\" > <div class=\"tiled-gallery-item tiled-gallery-item-large\" itemprop=\"associatedMedia\" itemscope itemtype=\"http:\/\/schema.org\/ImageObject\"> <a href=\"https:\/\/eltrabajo.cl\/portal\/miles-de-sanfelipenos-disfrutaron-la-vendimia-2014-en-el-almendral\/publico1-5\/\" border=\"0\" itemprop=\"url\"> <meta itemprop=\"width\" content=\"636\"> <meta itemprop=\"height\" content=\"494\"> <img decoding=\"async\" class=\"\" data-attachment-id=\"46182\" data-orig-file=\"https:\/\/eltrabajo.cl\/portal\/wp-content\/uploads\/2014\/05\/Publico1.jpg\" data-orig-size=\"529,411\" data-comments-opened=\"1\" data-image-meta=\"{&quot;aperture&quot;:&quot;6.3&quot;,&quot;credit&quot;:&quot;&quot;,&quot;camera&quot;:&quot;NIKON D3000&quot;,&quot;caption&quot;:&quot;&quot;,&quot;created_timestamp&quot;:&quot;1399140207&quot;,&quot;copyright&quot;:&quot;&quot;,&quot;focal_length&quot;:&quot;55&quot;,&quot;iso&quot;:&quot;1600&quot;,&quot;shutter_speed&quot;:&quot;0.005&quot;,&quot;title&quot;:&quot;&quot;}\" data-image-title=\"Publico1\" data-image-description=\"&lt;p&gt;GRAN ASISTENCIA.- Rescatando una tradici\u00f3n que por muchos a\u00f1os se mantuvo olvidada, el Departamento de Turismo de la Municipalidad de San Felipe organiz\u00f3 una nueva versi\u00f3n y este s\u00e1bado 3 de mayo dio vida a la Fiesta de la Vendimia.&lt;\/p&gt; \" data-medium-file=\"https:\/\/i0.wp.com\/eltrabajo.cl\/portal\/wp-content\/uploads\/2014\/05\/Publico1.jpg?fit=300%2C233&#038;ssl=1\" data-large-file=\"https:\/\/i0.wp.com\/eltrabajo.cl\/portal\/wp-content\/uploads\/2014\/05\/Publico1.jpg?fit=529%2C411&#038;ssl=1\" src=\"https:\/\/i0.wp.com\/eltrabajo.cl\/portal\/wp-content\/uploads\/2014\/05\/Publico1.jpg?w=636&#038;h=494&#038;ssl=1\" srcset=\"https:\/\/i0.wp.com\/eltrabajo.cl\/portal\/wp-content\/uploads\/2014\/05\/Publico1.jpg?w=529&amp;ssl=1 529w, https:\/\/i0.wp.com\/eltrabajo.cl\/portal\/wp-content\/uploads\/2014\/05\/Publico1.jpg?resize=193%2C150&amp;ssl=1 193w, https:\/\/i0.wp.com\/eltrabajo.cl\/portal\/wp-content\/uploads\/2014\/05\/Publico1.jpg?resize=300%2C233&amp;ssl=1 300w, https:\/\/i0.wp.com\/eltrabajo.cl\/portal\/wp-content\/uploads\/2014\/05\/Publico1.jpg?resize=150%2C116&amp;ssl=1 150w, https:\/\/i0.wp.com\/eltrabajo.cl\/portal\/wp-content\/uploads\/2014\/05\/Publico1.jpg?resize=400%2C310&amp;ssl=1 400w\" width=\"636\" height=\"494\" loading=\"lazy\" data-original-width=\"636\" data-original-height=\"494\" itemprop=\"http:\/\/schema.org\/image\" title=\"Publico1\" alt=\"GRAN ASISTENCIA.- Rescatando una tradici\u00f3n que por muchos a\u00f1os se mantuvo olvidada, el Departamento de Turismo de la Municipalidad de San Felipe organiz\u00f3 una nueva versi\u00f3n y este s\u00e1bado 3 de mayo dio vida a la Fiesta de la Vendimia.\" style=\"width: 636px; height: 494px;\" \/> <\/a> <div class=\"tiled-gallery-caption\" itemprop=\"caption description\"> GRAN ASISTENCIA.- Rescatando una tradici\u00f3n que por muchos a\u00f1os se mantuvo olvidada, el Departamento de Turismo de la Municipalidad de San Felipe organiz\u00f3 una nueva versi\u00f3n y este s\u00e1bado 3 de mayo dio vida a la Fiesta de la Vendimia. <\/div> <\/div> <\/div> <!-- close group --> <\/div> <!-- close row --> <\/div>\n","protected":false},"excerpt":{"rendered":"<p>M\u00e1s de 5.000 personas visitaron y disfrutaron con la Fiesta de la Vendimia 2014, que se desarroll\u00f3 este s\u00e1bado en el sector de El Almendral y que congreg\u00f3 adem\u00e1s a los artesanos&#8230;<\/p>\n","protected":false},"author":482,"featured_media":46178,"comment_status":"open","ping_status":"closed","sticky":false,"template":"","format":"standard","meta":{"advanced_seo_description":"","jetpack_seo_html_title":"","jetpack_seo_noindex":false,"_jetpack_memberships_contains_paid_content":false,"footnotes":""},"categories":[15],"tags":[],"class_list":["post-46177","post","type-post","status-publish","format-standard","has-post-thumbnail","hentry","category-comunidad"],"jetpack_featured_media_url":"https:\/\/i0.wp.com\/eltrabajo.cl\/portal\/wp-content\/uploads\/2014\/05\/Reina1.jpg?fit=529%2C462&ssl=1","jetpack_sharing_enabled":true,"jetpack_likes_enabled":true,"jetpack-related-posts":[],"_links":{"self":[{"href":"https:\/\/eltrabajo.cl\/portal\/wp-json\/wp\/v2\/posts\/46177","targetHints":{"allow":["GET"]}}],"collection":[{"href":"https:\/\/eltrabajo.cl\/portal\/wp-json\/wp\/v2\/posts"}],"about":[{"href":"https:\/\/eltrabajo.cl\/portal\/wp-json\/wp\/v2\/types\/post"}],"author":[{"embeddable":true,"href":"https:\/\/eltrabajo.cl\/portal\/wp-json\/wp\/v2\/users\/482"}],"replies":[{"embeddable":true,"href":"https:\/\/eltrabajo.cl\/portal\/wp-json\/wp\/v2\/comments?post=46177"}],"version-history":[{"count":0,"href":"https:\/\/eltrabajo.cl\/portal\/wp-json\/wp\/v2\/posts\/46177\/revisions"}],"wp:featuredmedia":[{"embeddable":true,"href":"https:\/\/eltrabajo.cl\/portal\/wp-json\/wp\/v2\/media\/46178"}],"wp:attachment":[{"href":"https:\/\/eltrabajo.cl\/portal\/wp-json\/wp\/v2\/media?parent=46177"}],"wp:term":[{"taxonomy":"category","embeddable":true,"href":"https:\/\/eltrabajo.cl\/portal\/wp-json\/wp\/v2\/categories?post=46177"},{"taxonomy":"post_tag","embeddable":true,"href":"https:\/\/eltrabajo.cl\/portal\/wp-json\/wp\/v2\/tags?post=46177"}],"curies":[{"name":"wp","href":"https:\/\/api.w.org\/{rel}","templated":true}]}}