{"id":46186,"date":"2014-05-05T09:43:29","date_gmt":"2014-05-05T13:43:29","guid":{"rendered":"http:\/\/www.eltrabajo.cl\/portal\/?p=46186"},"modified":"2014-05-05T09:43:29","modified_gmt":"2014-05-05T13:43:29","slug":"auditores-amigos-y-autoridades-celebraron-primer-aniversario-de-radio-10","status":"publish","type":"post","link":"https:\/\/eltrabajo.cl\/portal\/auditores-amigos-y-autoridades-celebraron-primer-aniversario-de-radio-10\/","title":{"rendered":"Auditores, amigos y autoridades celebraron primer aniversario de Radio 10"},"content":{"rendered":"<figure id=\"attachment_46187\" aria-describedby=\"caption-attachment-46187\" style=\"width: 529px\" class=\"wp-caption alignnone\"><a href=\"https:\/\/i0.wp.com\/www.eltrabajo.cl\/portal\/wp-content\/uploads\/2014\/05\/Jara1.jpg\"><img data-recalc-dims=\"1\" loading=\"lazy\" decoding=\"async\" class=\"size-full wp-image-46187\" alt=\"VISITAS.- Durante la ma\u00f1ana fueron varias las autoridades que nos visitaron y compartieron con nuestro panel, tanto en forma presencial como telef\u00f3nica .\" src=\"https:\/\/i0.wp.com\/www.eltrabajo.cl\/portal\/wp-content\/uploads\/2014\/05\/Jara1.jpg?resize=529%2C401\" width=\"529\" height=\"401\" srcset=\"https:\/\/i0.wp.com\/eltrabajo.cl\/portal\/wp-content\/uploads\/2014\/05\/Jara1.jpg?w=529&amp;ssl=1 529w, https:\/\/i0.wp.com\/eltrabajo.cl\/portal\/wp-content\/uploads\/2014\/05\/Jara1.jpg?resize=197%2C150&amp;ssl=1 197w, https:\/\/i0.wp.com\/eltrabajo.cl\/portal\/wp-content\/uploads\/2014\/05\/Jara1.jpg?resize=300%2C227&amp;ssl=1 300w, https:\/\/i0.wp.com\/eltrabajo.cl\/portal\/wp-content\/uploads\/2014\/05\/Jara1.jpg?resize=150%2C113&amp;ssl=1 150w, https:\/\/i0.wp.com\/eltrabajo.cl\/portal\/wp-content\/uploads\/2014\/05\/Jara1.jpg?resize=400%2C303&amp;ssl=1 400w\" sizes=\"auto, (max-width: 529px) 100vw, 529px\" \/><\/a><figcaption id=\"caption-attachment-46187\" class=\"wp-caption-text\">VISITAS.- Durante la ma\u00f1ana fueron varias las autoridades que nos visitaron y compartieron con nuestro panel, tanto en forma presencial como telef\u00f3nica .<\/figcaption><\/figure>\n<p>Un d\u00eda lleno de actividades fue la que realiz\u00f3 este viernes Radio 10 en el marco de la celebraci\u00f3n de su primer cumplea\u00f1os.<\/p>\n<p>Radio FM 10 tuvo su primera transmisi\u00f3n el d\u00eda 1\u00ba de mayo de 2013, abarcando las diez comunas del Valle de Aconcagua, desde entonces a trav\u00e9s del 95.1 en el dial, la FM 10 se ha instalado como uno de los medios informativos m\u00e1s pluralistas y de gran credibilidad, as\u00ed como su diversificada parrilla program\u00e1tica y musical que entretiene a sus auditores a diario, con los mejores \u00e9xitos musicales de todos los tiempos.<\/p>\n<p>La celebraci\u00f3n de este primer aniversario se llev\u00f3 a cabo en las dependencias de la emisora, hasta donde llegaron diversas autoridades del valle y con quienes se compartieron las experiencias vividas a lo largo de este primer a\u00f1o de vida radial.<\/p>\n<p>Fueron realmente numerosos los llamados telef\u00f3nicos de auditores de las diferentes comunas del Valle de Aconcagua que se recibieron durante todo el d\u00eda, como asimismo de autoridades policiales, pol\u00edticas y administrativas, tales como alcaldes y otras autoridades del Valle de Aconcagua.<\/p>\n<p>Con una programaci\u00f3n especial extendida a lo largo del d\u00eda, Radio 10 sinti\u00f3 de cerca el cari\u00f1o del p\u00fablico, y Marco Antonio Juri, Director de Radio 10, agradeci\u00f3 la recepci\u00f3n y fidelidad que los auditores han tenido con la radioemisora, as\u00ed como el importante reconocimiento de todas las autoridades, quienes ven en Radio 10, un medio pluralista y objetivo, comprometido con la dif\u00edcil labor de informar de manera clara y veraz.<\/p>\n<div class=\"tiled-gallery type-rectangular tiled-gallery-unresized\" data-original-width=\"640\" data-carousel-extra='null' itemscope itemtype=\"http:\/\/schema.org\/ImageGallery\" > <div class=\"gallery-row\" style=\"width: 640px; height: 342px;\" data-original-width=\"640\" data-original-height=\"342\" > <div class=\"gallery-group images-1\" style=\"width: 449px; height: 342px;\" data-original-width=\"449\" data-original-height=\"342\" > <div class=\"tiled-gallery-item tiled-gallery-item-large\" itemprop=\"associatedMedia\" itemscope itemtype=\"http:\/\/schema.org\/ImageObject\"> <a href=\"https:\/\/eltrabajo.cl\/portal\/auditores-amigos-y-autoridades-celebraron-primer-aniversario-de-radio-10\/cabina1-3\/\" border=\"0\" itemprop=\"url\"> <meta itemprop=\"width\" content=\"445\"> <meta itemprop=\"height\" content=\"338\"> <img decoding=\"async\" class=\"\" data-attachment-id=\"46188\" data-orig-file=\"https:\/\/eltrabajo.cl\/portal\/wp-content\/uploads\/2014\/05\/Cabina1.jpg\" data-orig-size=\"529,401\" data-comments-opened=\"1\" data-image-meta=\"{&quot;aperture&quot;:&quot;3.5&quot;,&quot;credit&quot;:&quot;&quot;,&quot;camera&quot;:&quot;COOLPIX P90&quot;,&quot;caption&quot;:&quot;&quot;,&quot;created_timestamp&quot;:&quot;1399041890&quot;,&quot;copyright&quot;:&quot;&quot;,&quot;focal_length&quot;:&quot;9.2&quot;,&quot;iso&quot;:&quot;400&quot;,&quot;shutter_speed&quot;:&quot;0.048076923076923&quot;,&quot;title&quot;:&quot;&quot;}\" data-image-title=\"Cabina1\" data-image-description=\"&lt;p&gt;DE CUMPLE.- Amigos muy cercanos de Radio 10 compartieron alegremente con personal de la Gigante del Valle de Aconcagua, en este su primer aniversario de estar al aire.&lt;\/p&gt; \" data-medium-file=\"https:\/\/i0.wp.com\/eltrabajo.cl\/portal\/wp-content\/uploads\/2014\/05\/Cabina1.jpg?fit=300%2C227&#038;ssl=1\" data-large-file=\"https:\/\/i0.wp.com\/eltrabajo.cl\/portal\/wp-content\/uploads\/2014\/05\/Cabina1.jpg?fit=529%2C401&#038;ssl=1\" src=\"https:\/\/i0.wp.com\/eltrabajo.cl\/portal\/wp-content\/uploads\/2014\/05\/Cabina1.jpg?w=445&#038;h=338&#038;ssl=1\" srcset=\"https:\/\/i0.wp.com\/eltrabajo.cl\/portal\/wp-content\/uploads\/2014\/05\/Cabina1.jpg?w=529&amp;ssl=1 529w, https:\/\/i0.wp.com\/eltrabajo.cl\/portal\/wp-content\/uploads\/2014\/05\/Cabina1.jpg?resize=197%2C150&amp;ssl=1 197w, https:\/\/i0.wp.com\/eltrabajo.cl\/portal\/wp-content\/uploads\/2014\/05\/Cabina1.jpg?resize=300%2C227&amp;ssl=1 300w, https:\/\/i0.wp.com\/eltrabajo.cl\/portal\/wp-content\/uploads\/2014\/05\/Cabina1.jpg?resize=150%2C113&amp;ssl=1 150w, https:\/\/i0.wp.com\/eltrabajo.cl\/portal\/wp-content\/uploads\/2014\/05\/Cabina1.jpg?resize=400%2C303&amp;ssl=1 400w\" width=\"445\" height=\"338\" loading=\"lazy\" data-original-width=\"445\" data-original-height=\"338\" itemprop=\"http:\/\/schema.org\/image\" title=\"Cabina1\" alt=\"DE CUMPLE.- Amigos muy cercanos de Radio 10 compartieron alegremente con personal de la Gigante del Valle de Aconcagua, en este su primer aniversario de estar al aire.\" style=\"width: 445px; height: 338px;\" \/> <\/a> <div class=\"tiled-gallery-caption\" itemprop=\"caption description\"> DE CUMPLE.- Amigos muy cercanos de Radio 10 compartieron alegremente con personal de la Gigante del Valle de Aconcagua, en este su primer aniversario de estar al aire. <\/div> <\/div> <\/div> <!-- close group --> <div class=\"gallery-group images-2\" style=\"width: 191px; height: 342px;\" data-original-width=\"191\" data-original-height=\"342\" > <div class=\"tiled-gallery-item tiled-gallery-item-small\" itemprop=\"associatedMedia\" itemscope itemtype=\"http:\/\/schema.org\/ImageObject\"> <a href=\"https:\/\/eltrabajo.cl\/portal\/auditores-amigos-y-autoridades-celebraron-primer-aniversario-de-radio-10\/ivan1\/\" border=\"0\" itemprop=\"url\"> <meta itemprop=\"width\" content=\"187\"> <meta itemprop=\"height\" content=\"142\"> <img decoding=\"async\" class=\"\" data-attachment-id=\"46189\" data-orig-file=\"https:\/\/eltrabajo.cl\/portal\/wp-content\/uploads\/2014\/05\/Ivan1.jpg\" data-orig-size=\"529,401\" data-comments-opened=\"1\" data-image-meta=\"{&quot;aperture&quot;:&quot;2.8&quot;,&quot;credit&quot;:&quot;&quot;,&quot;camera&quot;:&quot;COOLPIX P90&quot;,&quot;caption&quot;:&quot;&quot;,&quot;created_timestamp&quot;:&quot;1399035926&quot;,&quot;copyright&quot;:&quot;&quot;,&quot;focal_length&quot;:&quot;4.6&quot;,&quot;iso&quot;:&quot;400&quot;,&quot;shutter_speed&quot;:&quot;0.033333333333333&quot;,&quot;title&quot;:&quot;&quot;}\" data-image-title=\"Ivan1\" data-image-description=\"&lt;p&gt;EN SINTON\u00cdA.- Max Navas, Presidente Acta e Iv\u00e1n Reyes, Consejero Regional San Felipe, visitaron las cabinas de Radio 10 para celebrar con sus auditores estos primeros doce meses de vida radial.&lt;\/p&gt; \" data-medium-file=\"https:\/\/i0.wp.com\/eltrabajo.cl\/portal\/wp-content\/uploads\/2014\/05\/Ivan1.jpg?fit=300%2C227&#038;ssl=1\" data-large-file=\"https:\/\/i0.wp.com\/eltrabajo.cl\/portal\/wp-content\/uploads\/2014\/05\/Ivan1.jpg?fit=529%2C401&#038;ssl=1\" src=\"https:\/\/i0.wp.com\/eltrabajo.cl\/portal\/wp-content\/uploads\/2014\/05\/Ivan1.jpg?w=187&#038;h=142&#038;ssl=1\" srcset=\"https:\/\/i0.wp.com\/eltrabajo.cl\/portal\/wp-content\/uploads\/2014\/05\/Ivan1.jpg?w=529&amp;ssl=1 529w, https:\/\/i0.wp.com\/eltrabajo.cl\/portal\/wp-content\/uploads\/2014\/05\/Ivan1.jpg?resize=197%2C150&amp;ssl=1 197w, https:\/\/i0.wp.com\/eltrabajo.cl\/portal\/wp-content\/uploads\/2014\/05\/Ivan1.jpg?resize=300%2C227&amp;ssl=1 300w, https:\/\/i0.wp.com\/eltrabajo.cl\/portal\/wp-content\/uploads\/2014\/05\/Ivan1.jpg?resize=150%2C113&amp;ssl=1 150w, https:\/\/i0.wp.com\/eltrabajo.cl\/portal\/wp-content\/uploads\/2014\/05\/Ivan1.jpg?resize=400%2C303&amp;ssl=1 400w\" width=\"187\" height=\"142\" loading=\"lazy\" data-original-width=\"187\" data-original-height=\"142\" itemprop=\"http:\/\/schema.org\/image\" title=\"Ivan1\" alt=\"EN SINTON\u00cdA.- Max Navas, Presidente Acta e Iv\u00e1n Reyes, Consejero Regional San Felipe, visitaron las cabinas de Radio 10 para celebrar con sus auditores estos primeros doce meses de vida radial.\" style=\"width: 187px; height: 142px;\" \/> <\/a> <div class=\"tiled-gallery-caption\" itemprop=\"caption description\"> EN SINTON\u00cdA.- Max Navas, Presidente Acta e Iv\u00e1n Reyes, Consejero Regional San Felipe, visitaron las cabinas de Radio 10 para celebrar con sus auditores estos primeros doce meses de vida radial. <\/div> <\/div> <div class=\"tiled-gallery-item tiled-gallery-item-small\" itemprop=\"associatedMedia\" itemscope itemtype=\"http:\/\/schema.org\/ImageObject\"> <a href=\"https:\/\/eltrabajo.cl\/portal\/auditores-amigos-y-autoridades-celebraron-primer-aniversario-de-radio-10\/jorge-jara-alcalde-subrogante\/\" border=\"0\" itemprop=\"url\"> <meta itemprop=\"width\" content=\"187\"> <meta itemprop=\"height\" content=\"192\"> <img decoding=\"async\" class=\"\" data-attachment-id=\"46190\" data-orig-file=\"https:\/\/eltrabajo.cl\/portal\/wp-content\/uploads\/2014\/05\/jorge-jara-alcalde-subrogante.jpg\" data-orig-size=\"529,545\" data-comments-opened=\"1\" data-image-meta=\"{&quot;aperture&quot;:&quot;3.5&quot;,&quot;credit&quot;:&quot;&quot;,&quot;camera&quot;:&quot;COOLPIX P90&quot;,&quot;caption&quot;:&quot;&quot;,&quot;created_timestamp&quot;:&quot;1399037871&quot;,&quot;copyright&quot;:&quot;&quot;,&quot;focal_length&quot;:&quot;9.2&quot;,&quot;iso&quot;:&quot;400&quot;,&quot;shutter_speed&quot;:&quot;0.028248587570621&quot;,&quot;title&quot;:&quot;&quot;}\" data-image-title=\"jorge jara alcalde subrogante\" data-image-description=\"&lt;p&gt;AUTORIDADES.- Jorge Jara, en su calidad de Alcalde subrogante, nos visit\u00f3 en representaci\u00f3n de Alcalde Patricio Freire, compartiendo con nuestro panel cerca del medio d\u00eda.&lt;\/p&gt; \" data-medium-file=\"https:\/\/i0.wp.com\/eltrabajo.cl\/portal\/wp-content\/uploads\/2014\/05\/jorge-jara-alcalde-subrogante.jpg?fit=291%2C300&#038;ssl=1\" data-large-file=\"https:\/\/i0.wp.com\/eltrabajo.cl\/portal\/wp-content\/uploads\/2014\/05\/jorge-jara-alcalde-subrogante.jpg?fit=529%2C545&#038;ssl=1\" src=\"https:\/\/i0.wp.com\/eltrabajo.cl\/portal\/wp-content\/uploads\/2014\/05\/jorge-jara-alcalde-subrogante.jpg?w=187&#038;h=192&#038;ssl=1\" srcset=\"https:\/\/i0.wp.com\/eltrabajo.cl\/portal\/wp-content\/uploads\/2014\/05\/jorge-jara-alcalde-subrogante.jpg?w=529&amp;ssl=1 529w, https:\/\/i0.wp.com\/eltrabajo.cl\/portal\/wp-content\/uploads\/2014\/05\/jorge-jara-alcalde-subrogante.jpg?resize=145%2C150&amp;ssl=1 145w, https:\/\/i0.wp.com\/eltrabajo.cl\/portal\/wp-content\/uploads\/2014\/05\/jorge-jara-alcalde-subrogante.jpg?resize=291%2C300&amp;ssl=1 291w, https:\/\/i0.wp.com\/eltrabajo.cl\/portal\/wp-content\/uploads\/2014\/05\/jorge-jara-alcalde-subrogante.jpg?resize=400%2C412&amp;ssl=1 400w\" width=\"187\" height=\"192\" loading=\"lazy\" data-original-width=\"187\" data-original-height=\"192\" itemprop=\"http:\/\/schema.org\/image\" title=\"jorge jara alcalde subrogante\" alt=\"AUTORIDADES.- Jorge Jara, en su calidad de Alcalde subrogante, nos visit\u00f3 en representaci\u00f3n de Alcalde Patricio Freire, compartiendo con nuestro panel cerca del medio d\u00eda.\" style=\"width: 187px; height: 192px;\" \/> <\/a> <div class=\"tiled-gallery-caption\" itemprop=\"caption description\"> AUTORIDADES.- Jorge Jara, en su calidad de Alcalde subrogante, nos visit\u00f3 en representaci\u00f3n de Alcalde Patricio Freire, compartiendo con nuestro panel cerca del medio d\u00eda. <\/div> <\/div> <\/div> <!-- close group --> <\/div> <!-- close row --> <div class=\"gallery-row\" style=\"width: 640px; height: 677px;\" data-original-width=\"640\" data-original-height=\"677\" > <div class=\"gallery-group images-1\" style=\"width: 640px; height: 677px;\" data-original-width=\"640\" data-original-height=\"677\" > <div class=\"tiled-gallery-item tiled-gallery-item-large\" itemprop=\"associatedMedia\" itemscope itemtype=\"http:\/\/schema.org\/ImageObject\"> <a href=\"https:\/\/eltrabajo.cl\/portal\/auditores-amigos-y-autoridades-celebraron-primer-aniversario-de-radio-10\/rolando-stevenson-15\/\" border=\"0\" itemprop=\"url\"> <meta itemprop=\"width\" content=\"636\"> <meta itemprop=\"height\" content=\"673\"> <img decoding=\"async\" class=\"\" data-attachment-id=\"46191\" data-orig-file=\"https:\/\/eltrabajo.cl\/portal\/wp-content\/uploads\/2014\/05\/rolando-stevenson.jpg\" data-orig-size=\"529,560\" data-comments-opened=\"1\" data-image-meta=\"{&quot;aperture&quot;:&quot;2.65&quot;,&quot;credit&quot;:&quot;&quot;,&quot;camera&quot;:&quot;GT-I9082L&quot;,&quot;caption&quot;:&quot;&quot;,&quot;created_timestamp&quot;:&quot;1397731309&quot;,&quot;copyright&quot;:&quot;&quot;,&quot;focal_length&quot;:&quot;3.7&quot;,&quot;iso&quot;:&quot;80&quot;,&quot;shutter_speed&quot;:&quot;0.049993&quot;,&quot;title&quot;:&quot;&quot;}\" data-image-title=\"rolando stevenson\" data-image-description=\"&lt;p&gt;El Consejero Regional Rolando Stevenson fue el primero en llegar a eso de las 9,30 de la ma\u00f1ana, saludando a todo el equipo de Radfio 10 FM y compartiendo parte de la ma\u00f1ana con los auditores de la FM10.&lt;\/p&gt; \" data-medium-file=\"https:\/\/i0.wp.com\/eltrabajo.cl\/portal\/wp-content\/uploads\/2014\/05\/rolando-stevenson.jpg?fit=283%2C300&#038;ssl=1\" data-large-file=\"https:\/\/i0.wp.com\/eltrabajo.cl\/portal\/wp-content\/uploads\/2014\/05\/rolando-stevenson.jpg?fit=529%2C560&#038;ssl=1\" src=\"https:\/\/i0.wp.com\/eltrabajo.cl\/portal\/wp-content\/uploads\/2014\/05\/rolando-stevenson.jpg?w=636&#038;h=673&#038;ssl=1\" srcset=\"https:\/\/i0.wp.com\/eltrabajo.cl\/portal\/wp-content\/uploads\/2014\/05\/rolando-stevenson.jpg?w=529&amp;ssl=1 529w, https:\/\/i0.wp.com\/eltrabajo.cl\/portal\/wp-content\/uploads\/2014\/05\/rolando-stevenson.jpg?resize=141%2C150&amp;ssl=1 141w, https:\/\/i0.wp.com\/eltrabajo.cl\/portal\/wp-content\/uploads\/2014\/05\/rolando-stevenson.jpg?resize=283%2C300&amp;ssl=1 283w, https:\/\/i0.wp.com\/eltrabajo.cl\/portal\/wp-content\/uploads\/2014\/05\/rolando-stevenson.jpg?resize=400%2C423&amp;ssl=1 400w\" width=\"636\" height=\"673\" loading=\"lazy\" data-original-width=\"636\" data-original-height=\"673\" itemprop=\"http:\/\/schema.org\/image\" title=\"rolando stevenson\" alt=\"El Consejero Regional Rolando Stevenson fue el primero en llegar a eso de las 9,30 de la ma\u00f1ana, saludando a todo el equipo de Radfio 10 FM y compartiendo parte de la ma\u00f1ana con los auditores de la FM10.\" style=\"width: 636px; height: 673px;\" \/> <\/a> <div class=\"tiled-gallery-caption\" itemprop=\"caption description\"> El Consejero Regional Rolando Stevenson fue el primero en llegar a eso de las 9,30 de la ma\u00f1ana, saludando a todo el equipo de Radfio 10 FM y compartiendo parte de la ma\u00f1ana con los auditores de la FM10. <\/div> <\/div> <\/div> <!-- close group --> <\/div> <!-- close row --> <\/div>\n","protected":false},"excerpt":{"rendered":"<p>Un d\u00eda lleno de actividades fue la que realiz\u00f3 este viernes Radio 10 en el marco de la celebraci\u00f3n de su primer cumplea\u00f1os. Radio FM 10 tuvo su primera transmisi\u00f3n el d\u00eda&#8230;<\/p>\n","protected":false},"author":482,"featured_media":46187,"comment_status":"open","ping_status":"closed","sticky":false,"template":"","format":"standard","meta":{"advanced_seo_description":"","jetpack_seo_html_title":"","jetpack_seo_noindex":false,"_jetpack_memberships_contains_paid_content":false,"footnotes":""},"categories":[15],"tags":[],"class_list":["post-46186","post","type-post","status-publish","format-standard","has-post-thumbnail","hentry","category-comunidad"],"jetpack_featured_media_url":"https:\/\/i0.wp.com\/eltrabajo.cl\/portal\/wp-content\/uploads\/2014\/05\/Jara1.jpg?fit=529%2C401&ssl=1","jetpack_sharing_enabled":true,"jetpack_likes_enabled":true,"jetpack-related-posts":[],"_links":{"self":[{"href":"https:\/\/eltrabajo.cl\/portal\/wp-json\/wp\/v2\/posts\/46186","targetHints":{"allow":["GET"]}}],"collection":[{"href":"https:\/\/eltrabajo.cl\/portal\/wp-json\/wp\/v2\/posts"}],"about":[{"href":"https:\/\/eltrabajo.cl\/portal\/wp-json\/wp\/v2\/types\/post"}],"author":[{"embeddable":true,"href":"https:\/\/eltrabajo.cl\/portal\/wp-json\/wp\/v2\/users\/482"}],"replies":[{"embeddable":true,"href":"https:\/\/eltrabajo.cl\/portal\/wp-json\/wp\/v2\/comments?post=46186"}],"version-history":[{"count":0,"href":"https:\/\/eltrabajo.cl\/portal\/wp-json\/wp\/v2\/posts\/46186\/revisions"}],"wp:featuredmedia":[{"embeddable":true,"href":"https:\/\/eltrabajo.cl\/portal\/wp-json\/wp\/v2\/media\/46187"}],"wp:attachment":[{"href":"https:\/\/eltrabajo.cl\/portal\/wp-json\/wp\/v2\/media?parent=46186"}],"wp:term":[{"taxonomy":"category","embeddable":true,"href":"https:\/\/eltrabajo.cl\/portal\/wp-json\/wp\/v2\/categories?post=46186"},{"taxonomy":"post_tag","embeddable":true,"href":"https:\/\/eltrabajo.cl\/portal\/wp-json\/wp\/v2\/tags?post=46186"}],"curies":[{"name":"wp","href":"https:\/\/api.w.org\/{rel}","templated":true}]}}