{"id":46204,"date":"2014-05-06T09:20:33","date_gmt":"2014-05-06T13:20:33","guid":{"rendered":"http:\/\/www.eltrabajo.cl\/portal\/?p=46204"},"modified":"2014-05-06T09:20:33","modified_gmt":"2014-05-06T13:20:33","slug":"agricultor-llama-a-los-regantes-a-organizarse-para-eleccion-de-directiva","status":"publish","type":"post","link":"https:\/\/eltrabajo.cl\/portal\/agricultor-llama-a-los-regantes-a-organizarse-para-eleccion-de-directiva\/","title":{"rendered":"Agricultor llama a los regantes a organizarse para elecci\u00f3n de directiva"},"content":{"rendered":"<figure id=\"attachment_46205\" aria-describedby=\"caption-attachment-46205\" style=\"width: 317px\" class=\"wp-caption alignleft\"><a href=\"https:\/\/i0.wp.com\/www.eltrabajo.cl\/portal\/wp-content\/uploads\/2014\/05\/Miguel-Alvarez.jpg\"><img data-recalc-dims=\"1\" loading=\"lazy\" decoding=\"async\" class=\" wp-image-46205 \" alt=\"Jos\u00e9 Miguel \u00c1lvarez Bustamante, agricultor y regante de la comuna de Putaendo.\" src=\"https:\/\/i0.wp.com\/www.eltrabajo.cl\/portal\/wp-content\/uploads\/2014\/05\/Miguel-Alvarez.jpg?resize=317%2C226\" width=\"317\" height=\"226\" srcset=\"https:\/\/i0.wp.com\/eltrabajo.cl\/portal\/wp-content\/uploads\/2014\/05\/Miguel-Alvarez.jpg?w=529&amp;ssl=1 529w, https:\/\/i0.wp.com\/eltrabajo.cl\/portal\/wp-content\/uploads\/2014\/05\/Miguel-Alvarez.jpg?resize=200%2C142&amp;ssl=1 200w, https:\/\/i0.wp.com\/eltrabajo.cl\/portal\/wp-content\/uploads\/2014\/05\/Miguel-Alvarez.jpg?resize=300%2C213&amp;ssl=1 300w, https:\/\/i0.wp.com\/eltrabajo.cl\/portal\/wp-content\/uploads\/2014\/05\/Miguel-Alvarez.jpg?resize=150%2C106&amp;ssl=1 150w, https:\/\/i0.wp.com\/eltrabajo.cl\/portal\/wp-content\/uploads\/2014\/05\/Miguel-Alvarez.jpg?resize=400%2C284&amp;ssl=1 400w\" sizes=\"auto, (max-width: 317px) 100vw, 317px\" \/><\/a><figcaption id=\"caption-attachment-46205\" class=\"wp-caption-text\">Jos\u00e9 Miguel \u00c1lvarez Bustamante, agricultor y regante de la comuna de Putaendo.<\/figcaption><\/figure>\n<p><strong>PUTAENDO.-<\/strong> Jos\u00e9 Miguel \u00c1lvarez Bustamante, de profesiones contador auditor, agricultor, regante de la comuna de Putaendo y quien en agosto de 2013 present\u00f3 junto a otros regantes, el reclamo formal ante la D.G.A. Regional para impugnar la prolongaci\u00f3n de la directiva de la Junta de Vigilancia del R\u00edo Putaendo, hizo un llamado a los regantes de la cuenca del R\u00edo Putaendo a organizarse para participar con su voto en la hist\u00f3rica votaci\u00f3n que se realizar\u00e1 el pr\u00f3ximo 16 de mayo.<\/p>\n<p>\u00c1lvarez se\u00f1al\u00f3 que hoy la D.G.A. les dio la raz\u00f3n en todos los argumentos legales que presentaron pues siempre sostuvieron que la directiva de la J.V.R.P. estaba en funciones de forma ilegal pues se excedieron en el plazo que se\u00f1alan los estatutos y que esto estaba en conocimiento de toda la directiva de la entidad.<\/p>\n<p>El agricultor sostuvo que hoy existe una tremenda oportunidad, la que calific\u00f3 como hist\u00f3rica, para que todos los regantes puedan reorganizar la Junta de Vigilancia del R\u00edo Putaendo que es de todos los regantes y no tan s\u00f3lo de algunos, pues en el \u00faltimo tiempo lamentablemente la J.V.R.P. se ha convertido en una instituci\u00f3n que vela mayoritariamente por los intereses de unos pocos y no de la inmensa mayor\u00eda de los esforzados agricultores de la comuna de Putaendo.<\/p>\n<p>\u00abEste tema involucra a toda la comunidad, hoy existe una gesti\u00f3n en base a la desinformaci\u00f3n pero nosotros queremos que en este breve tiempo antes de la elecci\u00f3n los presidentes de canales se informen y voten representando a los peque\u00f1os agricultores, defendiendo esos intereses y no otros que son s\u00f3lo de algunos, por lo que tenemos fe en que habiendo informaci\u00f3n los presidentes de canales pueden cambiar lo que hist\u00f3ricamente ha sido colocar aquellos que dirigen la Junta de Vigilancia del R\u00edo Putaendo para defender sus propios intereses y no los intereses de toda la comuna\u00bb, puntualiz\u00f3 \u00c1lvarez.<\/p>\n<p>\u00c1lvarez cuestion\u00f3 duramente el hecho que la J.V.R.P. est\u00e9 citando a una asamblea de presidentes de canales para el 15 de mayo con la finalidad de aprobar el acuerdo con Colb\u00fan e indic\u00f3 que esta reuni\u00f3n no debe ser efectuada pues ni los presidentes de canales ni los miembros de esas comunidades tienen informaci\u00f3n sobre este trascendental acuerdo y que hace un a\u00f1o atr\u00e1s se acord\u00f3 que esta informaci\u00f3n ser\u00eda entregada a los regantes, lo que hasta la fecha no ha ocurrido pues nunca m\u00e1s fueron citados para hablar de este tema, sino que hoy se enteran a trav\u00e9s de una citaci\u00f3n en Diario El Trabajo.<\/p>\n<p>Jos\u00e9 Miguel \u00c1lvarez asegur\u00f3 que aqu\u00ed se han cometido serias irregularidades administrativas como crear directivas de canales que solo se organizan para poder votar cuando los mismos de siempre los llaman pero que nunca hacen algo por sus comunidades, por lo que p\u00fablicamente pidi\u00f3 que los regantes de la comuna le den la oportunidad a personas j\u00f3venes, a quienes de verdad deseen trabajar por la Junta de Vigilancia del R\u00edo Putaendo, pues a su juicio hay muchas cosas por cambiar pero hoy cuando la D.G.A. interviene la J.V.R.P. y llama a elecciones, es el momento en el que todos deben unirse para cambiar de una vez por todas la forma de administrar la Junta de Vigilancia del R\u00edo Putaendo.<\/p>\n<p>Finalmente este contador auditor indic\u00f3 que de modo alguno es su intenci\u00f3n formar parte del directorio de la J.V.R.P., pues legalmente est\u00e1 imposibilitado ya que no es presidente de un canal y aclar\u00f3 que su \u00fanica intenci\u00f3n ha sido sacar la voz por muchos agricultores que por diferentes motivos, incluido el miedo, no son capaces de decir lo que piensan y que en base a argumentos legales con la verdad y con un tremendo sacrificio junto a otros regantes han llevado adelante esta tremenda lucha, que espera que el 16 de mayo se convierta en un cambio que favorezca a todos los regantes de la cuenca del R\u00edo Putaendo y no s\u00f3lo a algunos.<\/p>\n<p>Este martes en la medialuna de El T\u00e1rtaro, los regantes se han organizado y est\u00e1n citando a una gran asamblea ciudadana donde asistir\u00e1n funcionarios de la D.G.A. y tambi\u00e9n comenzar\u00e1n la dura tarea de prepararse para las pr\u00f3ximas elecciones convocadas por la Direcci\u00f3n General de Aguas.<\/p>\n<p>Patricio Gallardo M.<\/p>\n<p>&nbsp;<\/p>\n","protected":false},"excerpt":{"rendered":"<p>PUTAENDO.- Jos\u00e9 Miguel \u00c1lvarez Bustamante, de profesiones contador auditor, agricultor, regante de la comuna de Putaendo y quien en agosto de 2013 present\u00f3 junto a otros regantes, el reclamo formal ante la&#8230;<\/p>\n","protected":false},"author":482,"featured_media":46205,"comment_status":"open","ping_status":"closed","sticky":false,"template":"","format":"standard","meta":{"advanced_seo_description":"","jetpack_seo_html_title":"","jetpack_seo_noindex":false,"_jetpack_memberships_contains_paid_content":false,"footnotes":""},"categories":[15],"tags":[],"class_list":["post-46204","post","type-post","status-publish","format-standard","has-post-thumbnail","hentry","category-comunidad"],"jetpack_featured_media_url":"https:\/\/i0.wp.com\/eltrabajo.cl\/portal\/wp-content\/uploads\/2014\/05\/Miguel-Alvarez.jpg?fit=529%2C376&ssl=1","jetpack_sharing_enabled":true,"jetpack_likes_enabled":true,"jetpack-related-posts":[],"_links":{"self":[{"href":"https:\/\/eltrabajo.cl\/portal\/wp-json\/wp\/v2\/posts\/46204","targetHints":{"allow":["GET"]}}],"collection":[{"href":"https:\/\/eltrabajo.cl\/portal\/wp-json\/wp\/v2\/posts"}],"about":[{"href":"https:\/\/eltrabajo.cl\/portal\/wp-json\/wp\/v2\/types\/post"}],"author":[{"embeddable":true,"href":"https:\/\/eltrabajo.cl\/portal\/wp-json\/wp\/v2\/users\/482"}],"replies":[{"embeddable":true,"href":"https:\/\/eltrabajo.cl\/portal\/wp-json\/wp\/v2\/comments?post=46204"}],"version-history":[{"count":0,"href":"https:\/\/eltrabajo.cl\/portal\/wp-json\/wp\/v2\/posts\/46204\/revisions"}],"wp:featuredmedia":[{"embeddable":true,"href":"https:\/\/eltrabajo.cl\/portal\/wp-json\/wp\/v2\/media\/46205"}],"wp:attachment":[{"href":"https:\/\/eltrabajo.cl\/portal\/wp-json\/wp\/v2\/media?parent=46204"}],"wp:term":[{"taxonomy":"category","embeddable":true,"href":"https:\/\/eltrabajo.cl\/portal\/wp-json\/wp\/v2\/categories?post=46204"},{"taxonomy":"post_tag","embeddable":true,"href":"https:\/\/eltrabajo.cl\/portal\/wp-json\/wp\/v2\/tags?post=46204"}],"curies":[{"name":"wp","href":"https:\/\/api.w.org\/{rel}","templated":true}]}}