{"id":46208,"date":"2014-05-06T09:21:57","date_gmt":"2014-05-06T13:21:57","guid":{"rendered":"http:\/\/www.eltrabajo.cl\/portal\/?p=46208"},"modified":"2014-05-06T09:21:57","modified_gmt":"2014-05-06T13:21:57","slug":"pese-al-mal-tiempo-no-hubo-aglomeraciones-de-autos-en-la-frontera","status":"publish","type":"post","link":"https:\/\/eltrabajo.cl\/portal\/pese-al-mal-tiempo-no-hubo-aglomeraciones-de-autos-en-la-frontera\/","title":{"rendered":"Pese al mal tiempo no hubo aglomeraciones de autos en la frontera"},"content":{"rendered":"<figure id=\"attachment_46209\" aria-describedby=\"caption-attachment-46209\" style=\"width: 529px\" class=\"wp-caption alignnone\"><a href=\"https:\/\/i0.wp.com\/www.eltrabajo.cl\/portal\/wp-content\/uploads\/2014\/05\/Siberia1.jpg\"><img data-recalc-dims=\"1\" loading=\"lazy\" decoding=\"async\" class=\"size-full wp-image-46209\" alt=\"Si bien el paso fue cerrado el mi\u00e9rcoles en la noche de manera preventiva, de todas maneras en el lado chileno quedaron sin cruzar cerca de 250 camiones y 400 veh\u00edculos.\" src=\"https:\/\/i0.wp.com\/www.eltrabajo.cl\/portal\/wp-content\/uploads\/2014\/05\/Siberia1.jpg?resize=529%2C369\" width=\"529\" height=\"369\" srcset=\"https:\/\/i0.wp.com\/eltrabajo.cl\/portal\/wp-content\/uploads\/2014\/05\/Siberia1.jpg?w=529&amp;ssl=1 529w, https:\/\/i0.wp.com\/eltrabajo.cl\/portal\/wp-content\/uploads\/2014\/05\/Siberia1.jpg?resize=200%2C139&amp;ssl=1 200w, https:\/\/i0.wp.com\/eltrabajo.cl\/portal\/wp-content\/uploads\/2014\/05\/Siberia1.jpg?resize=300%2C209&amp;ssl=1 300w, https:\/\/i0.wp.com\/eltrabajo.cl\/portal\/wp-content\/uploads\/2014\/05\/Siberia1.jpg?resize=150%2C104&amp;ssl=1 150w, https:\/\/i0.wp.com\/eltrabajo.cl\/portal\/wp-content\/uploads\/2014\/05\/Siberia1.jpg?resize=400%2C279&amp;ssl=1 400w\" sizes=\"auto, (max-width: 529px) 100vw, 529px\" \/><\/a><figcaption id=\"caption-attachment-46209\" class=\"wp-caption-text\">Si bien el paso fue cerrado el mi\u00e9rcoles en la noche de manera preventiva, de todas maneras en el lado chileno quedaron sin cruzar cerca de 250 camiones y 400 veh\u00edculos.<\/figcaption><\/figure>\n<p><strong>LOS ANDES.-<\/strong> Aunque el paso internacional Cristo Redentor estuvo cerrado hasta el d\u00eda s\u00e1bado, de todas maneras una gran cantidad de veh\u00edculos y camiones quedaron a la espera de poder cruzar la frontera, no produci\u00e9ndose grandes aglomeraciones en el Complejo Los Libertadores.<\/p>\n<p>As\u00ed lo inform\u00f3 el Jefe de Polic\u00eda Internacional de la PDI de Los Andes, Comisario Claudio Soto, quien sostuvo que si bien el paso fue cerrado el mi\u00e9rcoles en la noche de manera preventiva, de todas maneras en el lado chileno quedaron sin cruzar cerca de 250 camiones y 400 veh\u00edculos.<\/p>\n<p>No obstante ello, dijo que tanto la PDI como los otros servicios aplicaron planes de contingencia a fin de hacer expedito el tr\u00e1nsito y evitar que alg\u00fan veh\u00edculo quedara varado en la ruta a causa de las malas condiciones clim\u00e1ticas.<\/p>\n<p>El oficial destac\u00f3 que en esta ocasi\u00f3n la gente fue previsora y estuvo atenta a las condiciones clim\u00e1ticas con lo cual no se produjeron aglomeraciones, a pesar que fue un fin de semana largo com\u00fan para Chile y Argentina.<\/p>\n<p>Asimismo, dijo que solamente est\u00e1n operando con casetas al interior y a un costado del complejo, no as\u00ed en el sector denominado \u2018Siberia\u2019, porque las condiciones del clima en esta \u00e9poca ya no lo permiten.<\/p>\n<p>&nbsp;<\/p>\n","protected":false},"excerpt":{"rendered":"<p>LOS ANDES.- Aunque el paso internacional Cristo Redentor estuvo cerrado hasta el d\u00eda s\u00e1bado, de todas maneras una gran cantidad de veh\u00edculos y camiones quedaron a la espera de poder cruzar la&#8230;<\/p>\n","protected":false},"author":482,"featured_media":46209,"comment_status":"open","ping_status":"closed","sticky":false,"template":"","format":"standard","meta":{"advanced_seo_description":"","jetpack_seo_html_title":"","jetpack_seo_noindex":false,"_jetpack_memberships_contains_paid_content":false,"footnotes":""},"categories":[1],"tags":[],"class_list":["post-46208","post","type-post","status-publish","format-standard","has-post-thumbnail","hentry","category-cronica"],"jetpack_featured_media_url":"https:\/\/i0.wp.com\/eltrabajo.cl\/portal\/wp-content\/uploads\/2014\/05\/Siberia1.jpg?fit=529%2C369&ssl=1","jetpack_sharing_enabled":true,"jetpack_likes_enabled":true,"jetpack-related-posts":[],"_links":{"self":[{"href":"https:\/\/eltrabajo.cl\/portal\/wp-json\/wp\/v2\/posts\/46208","targetHints":{"allow":["GET"]}}],"collection":[{"href":"https:\/\/eltrabajo.cl\/portal\/wp-json\/wp\/v2\/posts"}],"about":[{"href":"https:\/\/eltrabajo.cl\/portal\/wp-json\/wp\/v2\/types\/post"}],"author":[{"embeddable":true,"href":"https:\/\/eltrabajo.cl\/portal\/wp-json\/wp\/v2\/users\/482"}],"replies":[{"embeddable":true,"href":"https:\/\/eltrabajo.cl\/portal\/wp-json\/wp\/v2\/comments?post=46208"}],"version-history":[{"count":0,"href":"https:\/\/eltrabajo.cl\/portal\/wp-json\/wp\/v2\/posts\/46208\/revisions"}],"wp:featuredmedia":[{"embeddable":true,"href":"https:\/\/eltrabajo.cl\/portal\/wp-json\/wp\/v2\/media\/46209"}],"wp:attachment":[{"href":"https:\/\/eltrabajo.cl\/portal\/wp-json\/wp\/v2\/media?parent=46208"}],"wp:term":[{"taxonomy":"category","embeddable":true,"href":"https:\/\/eltrabajo.cl\/portal\/wp-json\/wp\/v2\/categories?post=46208"},{"taxonomy":"post_tag","embeddable":true,"href":"https:\/\/eltrabajo.cl\/portal\/wp-json\/wp\/v2\/tags?post=46208"}],"curies":[{"name":"wp","href":"https:\/\/api.w.org\/{rel}","templated":true}]}}