{"id":46214,"date":"2014-05-06T09:25:42","date_gmt":"2014-05-06T13:25:42","guid":{"rendered":"http:\/\/www.eltrabajo.cl\/portal\/?p=46214"},"modified":"2014-05-06T09:25:42","modified_gmt":"2014-05-06T13:25:42","slug":"mas-de-7-000-millones-fueron-invertidos-en-catemu-durante-2013","status":"publish","type":"post","link":"https:\/\/eltrabajo.cl\/portal\/mas-de-7-000-millones-fueron-invertidos-en-catemu-durante-2013\/","title":{"rendered":"M\u00e1s de $7.000 millones fueron invertidos en Catemu durante 2013"},"content":{"rendered":"<figure id=\"attachment_46215\" aria-describedby=\"caption-attachment-46215\" style=\"width: 317px\" class=\"wp-caption alignleft\"><a href=\"https:\/\/i0.wp.com\/www.eltrabajo.cl\/portal\/wp-content\/uploads\/2014\/05\/Cuenta2.jpg\"><img data-recalc-dims=\"1\" loading=\"lazy\" decoding=\"async\" class=\" wp-image-46215 \" alt=\"El Alcalde de Catemu, Boris Luksic, realiz\u00f3 la Cuenta P\u00fablica correspondiente a su gesti\u00f3n 2013.\" src=\"https:\/\/i0.wp.com\/www.eltrabajo.cl\/portal\/wp-content\/uploads\/2014\/05\/Cuenta2.jpg?resize=317%2C215\" width=\"317\" height=\"215\" srcset=\"https:\/\/i0.wp.com\/eltrabajo.cl\/portal\/wp-content\/uploads\/2014\/05\/Cuenta2.jpg?w=529&amp;ssl=1 529w, https:\/\/i0.wp.com\/eltrabajo.cl\/portal\/wp-content\/uploads\/2014\/05\/Cuenta2.jpg?resize=200%2C135&amp;ssl=1 200w, https:\/\/i0.wp.com\/eltrabajo.cl\/portal\/wp-content\/uploads\/2014\/05\/Cuenta2.jpg?resize=300%2C203&amp;ssl=1 300w, https:\/\/i0.wp.com\/eltrabajo.cl\/portal\/wp-content\/uploads\/2014\/05\/Cuenta2.jpg?resize=150%2C101&amp;ssl=1 150w, https:\/\/i0.wp.com\/eltrabajo.cl\/portal\/wp-content\/uploads\/2014\/05\/Cuenta2.jpg?resize=400%2C270&amp;ssl=1 400w\" sizes=\"auto, (max-width: 317px) 100vw, 317px\" \/><\/a><figcaption id=\"caption-attachment-46215\" class=\"wp-caption-text\">El Alcalde de Catemu, Boris Luksic, realiz\u00f3 la Cuenta P\u00fablica correspondiente a su gesti\u00f3n 2013.<\/figcaption><\/figure>\n<p><strong>CATEMU.<\/strong>&#8211; El pasado mi\u00e9rcoles 30 de abril el Alcalde de Catemu, Boris Luksic, realiz\u00f3 la Cuenta P\u00fablica correspondiente a su gesti\u00f3n 2013, ante el Concejo Municipal en pleno, compuesto por Claudio N\u00fa\u00f1ez, Aurora Medina, Jos\u00e9 Vergara, Pablo Pacheco, Carlos Meneses y Richard Concha. En presencia del Gobernador Eduardo Le\u00f3n, entre otras autoridades locales, y la comunidad catemina, el edil dio el detalle de la gesti\u00f3n del gobierno comunal 2013.<\/p>\n<p>El acto comenz\u00f3 con la interpretaci\u00f3n del Himno Nacional, en esta ocasi\u00f3n a cargo de la orquesta juvenil de cuerdas, y un coro de alumnos de la Escuela La Colonia y de la Escuela Santa Margarita. Antes de comenzar la sesi\u00f3n de concejo, correspondiente a la Cuenta P\u00fablica, el alcalde destac\u00f3 la labor realizada por el equipo municipal en los cerros de Valpara\u00edso, luego del incendio recientemente ocurrido.<\/p>\n<p>Dio agradecimientos a todos quienes hicieron posible ir en ayuda de los afectados; voluntarios, bomberos, funcionarios municipales; prensa local; y a toda la comunidad que acudi\u00f3 al llamado a cooperar, ya que sin ellos no hubiese sido posible concretar la ayuda.<\/p>\n<figure id=\"attachment_46216\" aria-describedby=\"caption-attachment-46216\" style=\"width: 422px\" class=\"wp-caption alignright\"><a href=\"https:\/\/i0.wp.com\/www.eltrabajo.cl\/portal\/wp-content\/uploads\/2014\/05\/Cuenta1.jpg\"><img data-recalc-dims=\"1\" loading=\"lazy\" decoding=\"async\" class=\" wp-image-46216 \" alt=\"El acto comenz\u00f3 con la interpretaci\u00f3n del Himno Nacional, en esta ocasi\u00f3n a cargo de la orquesta juvenil de cuerdas, y un coro de alumnos de la Escuela La Colonia y de la Escuela Santa Margarita.\" src=\"https:\/\/i0.wp.com\/www.eltrabajo.cl\/portal\/wp-content\/uploads\/2014\/05\/Cuenta1.jpg?resize=422%2C268\" width=\"422\" height=\"268\" srcset=\"https:\/\/i0.wp.com\/eltrabajo.cl\/portal\/wp-content\/uploads\/2014\/05\/Cuenta1.jpg?w=528&amp;ssl=1 528w, https:\/\/i0.wp.com\/eltrabajo.cl\/portal\/wp-content\/uploads\/2014\/05\/Cuenta1.jpg?resize=200%2C126&amp;ssl=1 200w, https:\/\/i0.wp.com\/eltrabajo.cl\/portal\/wp-content\/uploads\/2014\/05\/Cuenta1.jpg?resize=300%2C190&amp;ssl=1 300w, https:\/\/i0.wp.com\/eltrabajo.cl\/portal\/wp-content\/uploads\/2014\/05\/Cuenta1.jpg?resize=150%2C95&amp;ssl=1 150w, https:\/\/i0.wp.com\/eltrabajo.cl\/portal\/wp-content\/uploads\/2014\/05\/Cuenta1.jpg?resize=400%2C253&amp;ssl=1 400w\" sizes=\"auto, (max-width: 422px) 100vw, 422px\" \/><\/a><figcaption id=\"caption-attachment-46216\" class=\"wp-caption-text\">El acto comenz\u00f3 con la interpretaci\u00f3n del Himno Nacional, en esta ocasi\u00f3n a cargo de la orquesta juvenil de cuerdas, y un coro de alumnos de la Escuela La Colonia y de la Escuela Santa Margarita.<\/figcaption><\/figure>\n<p><strong>LAS CIFRAS<\/strong><\/p>\n<p>A continuaci\u00f3n, el edil catemino, abri\u00f3 la sesi\u00f3n de concejo, dando a conocer a ante los presentes el detalle de las grandes obras realizadas durante 2013, donde existe un avance cuantitativo en los diversos \u00e1mbitos de trabajo, donde se ve un significativo desarrollo respaldado por cifras hist\u00f3ricas. $7.106.703 de inversi\u00f3n total, exclusivamente durante 2013, fue el monto que marca la historia de Catemu, ya que es la cifra m\u00e1s alta que se ha conocido en la comuna.<\/p>\n<p>Dentro de las \u00e1reas de mayor inversi\u00f3n se encuentra en el \u00e1rea de la Salud con $2.101.144.000, seguido por Educaci\u00f3n con$468.606.000. Una de las m\u00e1s significativas obras para la comunidad, la reconversi\u00f3n del Liceo Chagres, que se tradujo en una nueva oportunidad para los estudiantes de la comuna, ya que pueden optar por educaci\u00f3n de calidad sin salir de Catemu.<\/p>\n<p>Al finalizar se entreg\u00f3 un ejemplar de la cuenta p\u00fablica a los representantes de las organizaciones para que bajen la informaci\u00f3n a sus comunidades, donde aparece el detalle de la gran inversi\u00f3n realizada durante 2013; y los invitados compartieron de un c\u00f3ctel junto a las autoridades.<\/p>\n<p>&nbsp;<\/p>\n","protected":false},"excerpt":{"rendered":"<p>CATEMU.&#8211; El pasado mi\u00e9rcoles 30 de abril el Alcalde de Catemu, Boris Luksic, realiz\u00f3 la Cuenta P\u00fablica correspondiente a su gesti\u00f3n 2013, ante el Concejo Municipal en pleno, compuesto por Claudio N\u00fa\u00f1ez,&#8230;<\/p>\n","protected":false},"author":482,"featured_media":46215,"comment_status":"open","ping_status":"closed","sticky":false,"template":"","format":"standard","meta":{"advanced_seo_description":"","jetpack_seo_html_title":"","jetpack_seo_noindex":false,"_jetpack_memberships_contains_paid_content":false,"footnotes":""},"categories":[1],"tags":[],"class_list":["post-46214","post","type-post","status-publish","format-standard","has-post-thumbnail","hentry","category-cronica"],"jetpack_featured_media_url":"https:\/\/i0.wp.com\/eltrabajo.cl\/portal\/wp-content\/uploads\/2014\/05\/Cuenta2.jpg?fit=529%2C358&ssl=1","jetpack_sharing_enabled":true,"jetpack_likes_enabled":true,"jetpack-related-posts":[],"_links":{"self":[{"href":"https:\/\/eltrabajo.cl\/portal\/wp-json\/wp\/v2\/posts\/46214","targetHints":{"allow":["GET"]}}],"collection":[{"href":"https:\/\/eltrabajo.cl\/portal\/wp-json\/wp\/v2\/posts"}],"about":[{"href":"https:\/\/eltrabajo.cl\/portal\/wp-json\/wp\/v2\/types\/post"}],"author":[{"embeddable":true,"href":"https:\/\/eltrabajo.cl\/portal\/wp-json\/wp\/v2\/users\/482"}],"replies":[{"embeddable":true,"href":"https:\/\/eltrabajo.cl\/portal\/wp-json\/wp\/v2\/comments?post=46214"}],"version-history":[{"count":0,"href":"https:\/\/eltrabajo.cl\/portal\/wp-json\/wp\/v2\/posts\/46214\/revisions"}],"wp:featuredmedia":[{"embeddable":true,"href":"https:\/\/eltrabajo.cl\/portal\/wp-json\/wp\/v2\/media\/46215"}],"wp:attachment":[{"href":"https:\/\/eltrabajo.cl\/portal\/wp-json\/wp\/v2\/media?parent=46214"}],"wp:term":[{"taxonomy":"category","embeddable":true,"href":"https:\/\/eltrabajo.cl\/portal\/wp-json\/wp\/v2\/categories?post=46214"},{"taxonomy":"post_tag","embeddable":true,"href":"https:\/\/eltrabajo.cl\/portal\/wp-json\/wp\/v2\/tags?post=46214"}],"curies":[{"name":"wp","href":"https:\/\/api.w.org\/{rel}","templated":true}]}}