{"id":46219,"date":"2014-05-06T09:26:55","date_gmt":"2014-05-06T13:26:55","guid":{"rendered":"http:\/\/www.eltrabajo.cl\/portal\/?p=46219"},"modified":"2014-05-06T09:26:55","modified_gmt":"2014-05-06T13:26:55","slug":"alcalde-guillermo-reyes-actual-director-regional-de-la-dga-debio-irse-hace-mucho-tiempo","status":"publish","type":"post","link":"https:\/\/eltrabajo.cl\/portal\/alcalde-guillermo-reyes-actual-director-regional-de-la-dga-debio-irse-hace-mucho-tiempo\/","title":{"rendered":"Alcalde Guillermo Reyes: \u201cActual Director Regional de la DGA debi\u00f3 irse hace mucho tiempo\u201d"},"content":{"rendered":"<figure id=\"attachment_46220\" aria-describedby=\"caption-attachment-46220\" style=\"width: 317px\" class=\"wp-caption alignleft\"><a href=\"https:\/\/i0.wp.com\/www.eltrabajo.cl\/portal\/wp-content\/uploads\/2014\/05\/Guillermo-Reyes.jpg\"><img data-recalc-dims=\"1\" loading=\"lazy\" decoding=\"async\" class=\" wp-image-46220 \" alt=\"Alcalde de Putaendo, Guillermo Reyes.\" src=\"https:\/\/i0.wp.com\/www.eltrabajo.cl\/portal\/wp-content\/uploads\/2014\/05\/Guillermo-Reyes.jpg?resize=317%2C215\" width=\"317\" height=\"215\" srcset=\"https:\/\/i0.wp.com\/eltrabajo.cl\/portal\/wp-content\/uploads\/2014\/05\/Guillermo-Reyes.jpg?w=528&amp;ssl=1 528w, https:\/\/i0.wp.com\/eltrabajo.cl\/portal\/wp-content\/uploads\/2014\/05\/Guillermo-Reyes.jpg?resize=200%2C135&amp;ssl=1 200w, https:\/\/i0.wp.com\/eltrabajo.cl\/portal\/wp-content\/uploads\/2014\/05\/Guillermo-Reyes.jpg?resize=300%2C203&amp;ssl=1 300w, https:\/\/i0.wp.com\/eltrabajo.cl\/portal\/wp-content\/uploads\/2014\/05\/Guillermo-Reyes.jpg?resize=150%2C101&amp;ssl=1 150w, https:\/\/i0.wp.com\/eltrabajo.cl\/portal\/wp-content\/uploads\/2014\/05\/Guillermo-Reyes.jpg?resize=400%2C271&amp;ssl=1 400w\" sizes=\"auto, (max-width: 317px) 100vw, 317px\" \/><\/a><figcaption id=\"caption-attachment-46220\" class=\"wp-caption-text\">Alcalde de Putaendo, Guillermo Reyes.<\/figcaption><\/figure>\n<p><strong>PUTANEDO.<\/strong>&#8211; El Alcalde Guillermo Reyes se\u00f1al\u00f3 en forma categ\u00f3rica, que el actual Director Regional de la Direcci\u00f3n General de Aguas (DGA), Nicol\u00e1s Ureta Parraguez, debi\u00f3 irse hace bastante tiempo junto con el ex-director nacional de Aguas Mat\u00edas Desmadryl, quien entreg\u00f3 los derechos de agua no consuntivos del R\u00edo Roc\u00edn a Colb\u00fan.<\/p>\n<p>El edil formul\u00f3 estas declaraciones luego de conocer el dictamen de la D.G.A. que cita a elecciones de la Junta de Vigilancia del R\u00edo Putaendo e indic\u00f3 que tiene el derecho de opinar sobre este tema que afecta a todos los regantes de la comuna y se\u00f1al\u00f3 que no deja de llamar la atenci\u00f3n el hecho que sea la D.G.A. la que cita a elecciones y no la J.V.R.P., por lo que asegur\u00f3 que como alcalde de Putaendo espera que esto llegue a un buen t\u00e9rmino pues m\u00e1s all\u00e1 de los errores, omisiones o problemas que puedan haber al interior de la Junta de Vigilancia del R\u00edo Putaendo, esta organizaci\u00f3n representa a todos los regantes de Putaendo y que es importante, por lo que espera que tanto la J.V.R.P. como los regantes salgan fortalecidos en base a las leg\u00edtimas diferencias de opiniones sustentadas sobre la base del respeto por quienes no est\u00e1n de acuerdo en la forma como se dirige actualmente la Junta de Vigilancia del R\u00edo Putaendo.<\/p>\n<p>Reyes critic\u00f3 duramente a Ureta, pues dijo que no deja de ser curioso este cambio de actitud, ya que hoy aparece en forma r\u00e1pida \u2018quit\u00e1ndole el piso\u2019 a la Junta de Vigilancia del R\u00edo Putaendo e intervini\u00e9ndola, en circunstancias que este mismo funcionario no fue capaz de avisarle a los mismos regantes ni a la comunidad cuando Mat\u00edas Desmadryl estaba entregando los derechos de agua a Colb\u00fan y que el (Ureta) siempre supo esa informaci\u00f3n, por lo que el edil asegur\u00f3 que \u201cNicol\u00e1s Ureta debi\u00f3 irse junto a Mat\u00edas Desmadryl, pues tuvo responsabilidad en los derechos de agua que fueron entregados a Colb\u00fan\u201d.<\/p>\n<p>La primera autoridad comunal asegur\u00f3 que no es su af\u00e1n politizar este tema pero que tiene el derecho a ser claro en este an\u00e1lisis pues la comunidad no debe olvidar el rol que cumpli\u00f3 el actual director regional de la D.G.A. que incluso despu\u00e9s extra\u00f1amente fue el mismo que daba consejos y orientaciones para buscar una soluci\u00f3n en el conflicto con Colb\u00fan.<\/p>\n<p>Patricio Gallardo M.<\/p>\n<p>&nbsp;<\/p>\n","protected":false},"excerpt":{"rendered":"<p>PUTANEDO.&#8211; El Alcalde Guillermo Reyes se\u00f1al\u00f3 en forma categ\u00f3rica, que el actual Director Regional de la Direcci\u00f3n General de Aguas (DGA), Nicol\u00e1s Ureta Parraguez, debi\u00f3 irse hace bastante tiempo junto con el&#8230;<\/p>\n","protected":false},"author":482,"featured_media":46220,"comment_status":"open","ping_status":"closed","sticky":false,"template":"","format":"standard","meta":{"advanced_seo_description":"","jetpack_seo_html_title":"","jetpack_seo_noindex":false,"_jetpack_memberships_contains_paid_content":false,"footnotes":""},"categories":[1],"tags":[],"class_list":["post-46219","post","type-post","status-publish","format-standard","has-post-thumbnail","hentry","category-cronica"],"jetpack_featured_media_url":"https:\/\/i0.wp.com\/eltrabajo.cl\/portal\/wp-content\/uploads\/2014\/05\/Guillermo-Reyes.jpg?fit=528%2C358&ssl=1","jetpack_sharing_enabled":true,"jetpack_likes_enabled":true,"jetpack-related-posts":[],"_links":{"self":[{"href":"https:\/\/eltrabajo.cl\/portal\/wp-json\/wp\/v2\/posts\/46219","targetHints":{"allow":["GET"]}}],"collection":[{"href":"https:\/\/eltrabajo.cl\/portal\/wp-json\/wp\/v2\/posts"}],"about":[{"href":"https:\/\/eltrabajo.cl\/portal\/wp-json\/wp\/v2\/types\/post"}],"author":[{"embeddable":true,"href":"https:\/\/eltrabajo.cl\/portal\/wp-json\/wp\/v2\/users\/482"}],"replies":[{"embeddable":true,"href":"https:\/\/eltrabajo.cl\/portal\/wp-json\/wp\/v2\/comments?post=46219"}],"version-history":[{"count":0,"href":"https:\/\/eltrabajo.cl\/portal\/wp-json\/wp\/v2\/posts\/46219\/revisions"}],"wp:featuredmedia":[{"embeddable":true,"href":"https:\/\/eltrabajo.cl\/portal\/wp-json\/wp\/v2\/media\/46220"}],"wp:attachment":[{"href":"https:\/\/eltrabajo.cl\/portal\/wp-json\/wp\/v2\/media?parent=46219"}],"wp:term":[{"taxonomy":"category","embeddable":true,"href":"https:\/\/eltrabajo.cl\/portal\/wp-json\/wp\/v2\/categories?post=46219"},{"taxonomy":"post_tag","embeddable":true,"href":"https:\/\/eltrabajo.cl\/portal\/wp-json\/wp\/v2\/tags?post=46219"}],"curies":[{"name":"wp","href":"https:\/\/api.w.org\/{rel}","templated":true}]}}