{"id":46223,"date":"2014-05-06T09:30:59","date_gmt":"2014-05-06T13:30:59","guid":{"rendered":"http:\/\/www.eltrabajo.cl\/portal\/?p=46223"},"modified":"2014-05-06T09:30:59","modified_gmt":"2014-05-06T13:30:59","slug":"con-gran-alameda-cultural-sanfelipenos-defienden-el-agua","status":"publish","type":"post","link":"https:\/\/eltrabajo.cl\/portal\/con-gran-alameda-cultural-sanfelipenos-defienden-el-agua\/","title":{"rendered":"Con gran alameda cultural sanfelipe\u00f1os defienden el agua"},"content":{"rendered":"<figure id=\"attachment_46224\" aria-describedby=\"caption-attachment-46224\" style=\"width: 529px\" class=\"wp-caption alignnone\"><a href=\"https:\/\/i0.wp.com\/www.eltrabajo.cl\/portal\/wp-content\/uploads\/2014\/05\/Agua1.jpg\"><img data-recalc-dims=\"1\" loading=\"lazy\" decoding=\"async\" class=\"size-full wp-image-46224\" alt=\"Espect\u00e1culos de todo tipo tuvo esta actividad desarrollada en torno a la cultura y al cuidado del agua.\" src=\"https:\/\/i0.wp.com\/www.eltrabajo.cl\/portal\/wp-content\/uploads\/2014\/05\/Agua1.jpg?resize=529%2C401\" width=\"529\" height=\"401\" srcset=\"https:\/\/i0.wp.com\/eltrabajo.cl\/portal\/wp-content\/uploads\/2014\/05\/Agua1.jpg?w=529&amp;ssl=1 529w, https:\/\/i0.wp.com\/eltrabajo.cl\/portal\/wp-content\/uploads\/2014\/05\/Agua1.jpg?resize=197%2C150&amp;ssl=1 197w, https:\/\/i0.wp.com\/eltrabajo.cl\/portal\/wp-content\/uploads\/2014\/05\/Agua1.jpg?resize=300%2C227&amp;ssl=1 300w, https:\/\/i0.wp.com\/eltrabajo.cl\/portal\/wp-content\/uploads\/2014\/05\/Agua1.jpg?resize=150%2C113&amp;ssl=1 150w, https:\/\/i0.wp.com\/eltrabajo.cl\/portal\/wp-content\/uploads\/2014\/05\/Agua1.jpg?resize=400%2C303&amp;ssl=1 400w\" sizes=\"auto, (max-width: 529px) 100vw, 529px\" \/><\/a><figcaption id=\"caption-attachment-46224\" class=\"wp-caption-text\">Espect\u00e1culos de todo tipo tuvo esta actividad desarrollada en torno a la cultura y al cuidado del agua.<\/figcaption><\/figure>\n<p>Con una importante concurrencia se llev\u00f3 a efecto la convocatoria de la Alameda Cultural por la defensa del agua, desarrollada este s\u00e1bado en Alameda Yungay, frente al Liceo de Ni\u00f1as Corina Urbina de San Felipe, actividad convocada por la Coordinadora por la Defensa de Aconcagua.<\/p>\n<p>A la cita acudieron agrupaciones culturales y juveniles conscientes de la defensa del recurso h\u00eddrico, la que estuvo engalanada de presentaciones musicales, teatrales y po\u00e9ticas, las que llevaron todo contenido al momento que atraviesa la discusi\u00f3n del recurso del agua.<\/p>\n<figure id=\"attachment_46225\" aria-describedby=\"caption-attachment-46225\" style=\"width: 370px\" class=\"wp-caption alignright\"><a href=\"https:\/\/i0.wp.com\/www.eltrabajo.cl\/portal\/wp-content\/uploads\/2014\/05\/Agua2.jpg\"><img data-recalc-dims=\"1\" loading=\"lazy\" decoding=\"async\" class=\" wp-image-46225 \" alt=\"Gran asistencia de p\u00fablico hubo en esta Alameda Cultural por la defensa del agua.\" src=\"https:\/\/i0.wp.com\/www.eltrabajo.cl\/portal\/wp-content\/uploads\/2014\/05\/Agua2.jpg?resize=370%2C281\" width=\"370\" height=\"281\" srcset=\"https:\/\/i0.wp.com\/eltrabajo.cl\/portal\/wp-content\/uploads\/2014\/05\/Agua2.jpg?w=529&amp;ssl=1 529w, https:\/\/i0.wp.com\/eltrabajo.cl\/portal\/wp-content\/uploads\/2014\/05\/Agua2.jpg?resize=197%2C150&amp;ssl=1 197w, https:\/\/i0.wp.com\/eltrabajo.cl\/portal\/wp-content\/uploads\/2014\/05\/Agua2.jpg?resize=300%2C227&amp;ssl=1 300w, https:\/\/i0.wp.com\/eltrabajo.cl\/portal\/wp-content\/uploads\/2014\/05\/Agua2.jpg?resize=150%2C113&amp;ssl=1 150w, https:\/\/i0.wp.com\/eltrabajo.cl\/portal\/wp-content\/uploads\/2014\/05\/Agua2.jpg?resize=400%2C303&amp;ssl=1 400w\" sizes=\"auto, (max-width: 370px) 100vw, 370px\" \/><\/a><figcaption id=\"caption-attachment-46225\" class=\"wp-caption-text\">Gran asistencia de p\u00fablico hubo en esta Alameda Cultural por la defensa del agua.<\/figcaption><\/figure>\n<p>Sabina Castro, presidente de la organizaci\u00f3n convocante, precis\u00f3 que \u201cla movilizaci\u00f3n social no puede detenerse en un tema tan sentido como el del agua y en verdad, tuvimos muchas complicaciones para sacar esta actividad, tuvimos el apoyo para revertirla como fue la del Concejal Ricardo Covarrubias, que parece que es quien est\u00e1 m\u00e1s consciente del problema\u201d precis\u00f3.<\/p>\n<p>Por su parte el mismo edil hizo un par\u00e9ntesis de la intensa jornada con la Agrupaci\u00f3n de ex-jugadores de f\u00fatbol profesional y la Fiesta de la Vendimia desarrollada en El Almendral, al manifestar que \u201cvengo de una fiesta de la vendimia, pero es importante que todos esos vecinos comprendan que sin agua seguramente no van a tener uva y ning\u00fan tipo de vegetaci\u00f3n en nuestra zona as\u00ed es que de verdad abran bien los ojos porque el tema del agua es triste y grave\u201d, indic\u00f3 Covarrubias.<\/p>\n<p>La actividad estuvo sometida a la tem\u00e1tica del arte y la cultura, \u201cpero debo decir que felicito a este grupo de j\u00f3venes que no renuncian a la movilizaci\u00f3n social y por sobre todo cuando enfrentan todo un sistema comunicacional ensordecedor que no cuenta lo que debe contar, pero es bueno comenzar a refrescarles la memoria que cuando no tengan ni una gota de agua ser\u00e1 muy tarde para protestar y denunciarlo\u201d, indic\u00f3 el edil.<\/p>\n<p>Finalmente debemos se\u00f1alar que la Coordinadora por la Defensa de Aconcagua viene realizando acciones de denuncia, las que preceden de una gran marcha realizada en Santiago la semana pasada y ahora organizaron esta fiesta cultural con paneles de di\u00e1logos ciudadanos y m\u00f3dulos con material informativo sobre el agua.<\/p>\n","protected":false},"excerpt":{"rendered":"<p>Con una importante concurrencia se llev\u00f3 a efecto la convocatoria de la Alameda Cultural por la defensa del agua, desarrollada este s\u00e1bado en Alameda Yungay, frente al Liceo de Ni\u00f1as Corina Urbina&#8230;<\/p>\n","protected":false},"author":482,"featured_media":46224,"comment_status":"open","ping_status":"closed","sticky":false,"template":"","format":"standard","meta":{"advanced_seo_description":"","jetpack_seo_html_title":"","jetpack_seo_noindex":false,"_jetpack_memberships_contains_paid_content":false,"footnotes":""},"categories":[15],"tags":[],"class_list":["post-46223","post","type-post","status-publish","format-standard","has-post-thumbnail","hentry","category-comunidad"],"jetpack_featured_media_url":"https:\/\/i0.wp.com\/eltrabajo.cl\/portal\/wp-content\/uploads\/2014\/05\/Agua1.jpg?fit=529%2C401&ssl=1","jetpack_sharing_enabled":true,"jetpack_likes_enabled":true,"jetpack-related-posts":[],"_links":{"self":[{"href":"https:\/\/eltrabajo.cl\/portal\/wp-json\/wp\/v2\/posts\/46223","targetHints":{"allow":["GET"]}}],"collection":[{"href":"https:\/\/eltrabajo.cl\/portal\/wp-json\/wp\/v2\/posts"}],"about":[{"href":"https:\/\/eltrabajo.cl\/portal\/wp-json\/wp\/v2\/types\/post"}],"author":[{"embeddable":true,"href":"https:\/\/eltrabajo.cl\/portal\/wp-json\/wp\/v2\/users\/482"}],"replies":[{"embeddable":true,"href":"https:\/\/eltrabajo.cl\/portal\/wp-json\/wp\/v2\/comments?post=46223"}],"version-history":[{"count":0,"href":"https:\/\/eltrabajo.cl\/portal\/wp-json\/wp\/v2\/posts\/46223\/revisions"}],"wp:featuredmedia":[{"embeddable":true,"href":"https:\/\/eltrabajo.cl\/portal\/wp-json\/wp\/v2\/media\/46224"}],"wp:attachment":[{"href":"https:\/\/eltrabajo.cl\/portal\/wp-json\/wp\/v2\/media?parent=46223"}],"wp:term":[{"taxonomy":"category","embeddable":true,"href":"https:\/\/eltrabajo.cl\/portal\/wp-json\/wp\/v2\/categories?post=46223"},{"taxonomy":"post_tag","embeddable":true,"href":"https:\/\/eltrabajo.cl\/portal\/wp-json\/wp\/v2\/tags?post=46223"}],"curies":[{"name":"wp","href":"https:\/\/api.w.org\/{rel}","templated":true}]}}