{"id":46228,"date":"2014-05-06T09:31:58","date_gmt":"2014-05-06T13:31:58","guid":{"rendered":"http:\/\/www.eltrabajo.cl\/portal\/?p=46228"},"modified":"2014-05-06T09:31:58","modified_gmt":"2014-05-06T13:31:58","slug":"municipalidad-firma-convenio-asistencial-docente-con-universidades","status":"publish","type":"post","link":"https:\/\/eltrabajo.cl\/portal\/municipalidad-firma-convenio-asistencial-docente-con-universidades\/","title":{"rendered":"Municipalidad firma convenio asistencial docente con universidades"},"content":{"rendered":"<figure id=\"attachment_46229\" aria-describedby=\"caption-attachment-46229\" style=\"width: 529px\" class=\"wp-caption alignnone\"><a href=\"https:\/\/i0.wp.com\/www.eltrabajo.cl\/portal\/wp-content\/uploads\/2014\/05\/Convenio1.jpg\"><img data-recalc-dims=\"1\" loading=\"lazy\" decoding=\"async\" class=\"size-full wp-image-46229\" alt=\"Este lunes el Alcalde Patricio Freire firm\u00f3 un convenio asistencial docente con distintas universidades e institutos de la zona y a nivel nacional.\" src=\"https:\/\/i0.wp.com\/www.eltrabajo.cl\/portal\/wp-content\/uploads\/2014\/05\/Convenio1.jpg?resize=529%2C401\" width=\"529\" height=\"401\" srcset=\"https:\/\/i0.wp.com\/eltrabajo.cl\/portal\/wp-content\/uploads\/2014\/05\/Convenio1.jpg?w=529&amp;ssl=1 529w, https:\/\/i0.wp.com\/eltrabajo.cl\/portal\/wp-content\/uploads\/2014\/05\/Convenio1.jpg?resize=197%2C150&amp;ssl=1 197w, https:\/\/i0.wp.com\/eltrabajo.cl\/portal\/wp-content\/uploads\/2014\/05\/Convenio1.jpg?resize=300%2C227&amp;ssl=1 300w, https:\/\/i0.wp.com\/eltrabajo.cl\/portal\/wp-content\/uploads\/2014\/05\/Convenio1.jpg?resize=150%2C113&amp;ssl=1 150w, https:\/\/i0.wp.com\/eltrabajo.cl\/portal\/wp-content\/uploads\/2014\/05\/Convenio1.jpg?resize=400%2C303&amp;ssl=1 400w\" sizes=\"auto, (max-width: 529px) 100vw, 529px\" \/><\/a><figcaption id=\"caption-attachment-46229\" class=\"wp-caption-text\">Este lunes el Alcalde Patricio Freire firm\u00f3 un convenio asistencial docente con distintas universidades e institutos de la zona y a nivel nacional.<\/figcaption><\/figure>\n<p>Este lunes el Alcalde Patricio Freire firm\u00f3 un convenio asistencial docente con distintas universidades e institutos de la zona y a nivel nacional y que constituyen un paso m\u00e1s a la acreditaci\u00f3n de los centros de salud municipal de San Felipe. La ceremonia de este lunes contempl\u00f3 la renovaci\u00f3n de convenio con las universidades e institutos con los cuales se viene trabajando desde el a\u00f1o 2012 y la incorporaci\u00f3n a este trabajo de la Universidad Mayor, lo que constituye un paso importante de colaboraci\u00f3n entre los establecimientos de educaci\u00f3n superior y los centros de salud.<\/p>\n<p>\u201cEsta es una renovaci\u00f3n de convenio, que empez\u00f3 el a\u00f1o 2012 y hoy se suma la Universidad Mayor y contempla la presencia de estudiantes en pr\u00e1ctica en nuestros centros de salud que vienen a especializarse en las distintas disciplinas que se encuentran estudiando\u201d, se\u00f1al\u00f3 el Alcalde Patricio Freire.<\/p>\n<p>Esta acreditaci\u00f3n en la pr\u00e1ctica significa que las universidades adscritas al convenio, deben destinar profesionales cada vez que env\u00edan un alumno a los centros de salud, con la finalidad de supervisarlos en su trabajo. Adem\u00e1s contempla que la municipalidad, a trav\u00e9s de la Direcci\u00f3n de Salud Municipal, debe determinar un profesional encargado de estos alumnos, para que, de esta manera, el trabajo sea colaborativo.<\/p>\n<p>\u201cComo nos pide el est\u00e1ndar de calidad que debe tener un supervisor tanto por la entidad educadora como del centro de salud y as\u00ed trabajar y evaluar en conjunto los procesos y los alumnos en cuesti\u00f3n\u201d, dijo M\u00f3nica Maldonado, Enfermera Coordinadora de Calidad del Cesfam Curim\u00f3n.<\/p>\n<p>&nbsp;<\/p>\n","protected":false},"excerpt":{"rendered":"<p>Este lunes el Alcalde Patricio Freire firm\u00f3 un convenio asistencial docente con distintas universidades e institutos de la zona y a nivel nacional y que constituyen un paso m\u00e1s a la acreditaci\u00f3n&#8230;<\/p>\n","protected":false},"author":482,"featured_media":46229,"comment_status":"open","ping_status":"closed","sticky":false,"template":"","format":"standard","meta":{"advanced_seo_description":"","jetpack_seo_html_title":"","jetpack_seo_noindex":false,"_jetpack_memberships_contains_paid_content":false,"footnotes":""},"categories":[15],"tags":[],"class_list":["post-46228","post","type-post","status-publish","format-standard","has-post-thumbnail","hentry","category-comunidad"],"jetpack_featured_media_url":"https:\/\/i0.wp.com\/eltrabajo.cl\/portal\/wp-content\/uploads\/2014\/05\/Convenio1.jpg?fit=529%2C401&ssl=1","jetpack_sharing_enabled":true,"jetpack_likes_enabled":true,"jetpack-related-posts":[],"_links":{"self":[{"href":"https:\/\/eltrabajo.cl\/portal\/wp-json\/wp\/v2\/posts\/46228","targetHints":{"allow":["GET"]}}],"collection":[{"href":"https:\/\/eltrabajo.cl\/portal\/wp-json\/wp\/v2\/posts"}],"about":[{"href":"https:\/\/eltrabajo.cl\/portal\/wp-json\/wp\/v2\/types\/post"}],"author":[{"embeddable":true,"href":"https:\/\/eltrabajo.cl\/portal\/wp-json\/wp\/v2\/users\/482"}],"replies":[{"embeddable":true,"href":"https:\/\/eltrabajo.cl\/portal\/wp-json\/wp\/v2\/comments?post=46228"}],"version-history":[{"count":0,"href":"https:\/\/eltrabajo.cl\/portal\/wp-json\/wp\/v2\/posts\/46228\/revisions"}],"wp:featuredmedia":[{"embeddable":true,"href":"https:\/\/eltrabajo.cl\/portal\/wp-json\/wp\/v2\/media\/46229"}],"wp:attachment":[{"href":"https:\/\/eltrabajo.cl\/portal\/wp-json\/wp\/v2\/media?parent=46228"}],"wp:term":[{"taxonomy":"category","embeddable":true,"href":"https:\/\/eltrabajo.cl\/portal\/wp-json\/wp\/v2\/categories?post=46228"},{"taxonomy":"post_tag","embeddable":true,"href":"https:\/\/eltrabajo.cl\/portal\/wp-json\/wp\/v2\/tags?post=46228"}],"curies":[{"name":"wp","href":"https:\/\/api.w.org\/{rel}","templated":true}]}}