{"id":46231,"date":"2014-05-06T09:19:42","date_gmt":"2014-05-06T13:19:42","guid":{"rendered":"http:\/\/www.eltrabajo.cl\/portal\/?p=46231"},"modified":"2014-05-06T09:38:33","modified_gmt":"2014-05-06T13:38:33","slug":"denuncian-que-taxista-le-cobro-4-000-indebidamente-a-universitaria","status":"publish","type":"post","link":"https:\/\/eltrabajo.cl\/portal\/denuncian-que-taxista-le-cobro-4-000-indebidamente-a-universitaria\/","title":{"rendered":"Denuncian que taxista le cobr\u00f3 $4.000 indebidamente a universitaria"},"content":{"rendered":"<figure id=\"attachment_46232\" aria-describedby=\"caption-attachment-46232\" style=\"width: 529px\" class=\"wp-caption alignnone\"><a href=\"https:\/\/i0.wp.com\/www.eltrabajo.cl\/portal\/wp-content\/uploads\/2014\/05\/Taxis1.jpg\"><img data-recalc-dims=\"1\" loading=\"lazy\" decoding=\"async\" class=\"size-full wp-image-46232\" alt=\"EN INVESTIGACI\u00d3N.- Uno de los conductores de la l\u00ednea Taxis b\u00e1sicos de Putaendo le habr\u00eda cobrado la suma de $4.000 a una universitaria por trasladarla desde la plaza de Putaendo hasta el sector Granallas.\" src=\"https:\/\/i0.wp.com\/www.eltrabajo.cl\/portal\/wp-content\/uploads\/2014\/05\/Taxis1.jpg?resize=529%2C358\" width=\"529\" height=\"358\" srcset=\"https:\/\/i0.wp.com\/eltrabajo.cl\/portal\/wp-content\/uploads\/2014\/05\/Taxis1.jpg?w=529&amp;ssl=1 529w, https:\/\/i0.wp.com\/eltrabajo.cl\/portal\/wp-content\/uploads\/2014\/05\/Taxis1.jpg?resize=200%2C135&amp;ssl=1 200w, https:\/\/i0.wp.com\/eltrabajo.cl\/portal\/wp-content\/uploads\/2014\/05\/Taxis1.jpg?resize=300%2C203&amp;ssl=1 300w, https:\/\/i0.wp.com\/eltrabajo.cl\/portal\/wp-content\/uploads\/2014\/05\/Taxis1.jpg?resize=150%2C101&amp;ssl=1 150w, https:\/\/i0.wp.com\/eltrabajo.cl\/portal\/wp-content\/uploads\/2014\/05\/Taxis1.jpg?resize=400%2C270&amp;ssl=1 400w\" sizes=\"auto, (max-width: 529px) 100vw, 529px\" \/><\/a><figcaption id=\"caption-attachment-46232\" class=\"wp-caption-text\">EN INVESTIGACI\u00d3N.- Uno de los conductores de la l\u00ednea Taxis b\u00e1sicos de Putaendo le habr\u00eda cobrado la suma de $4.000 a una universitaria por trasladarla desde la plaza de Putaendo hasta el sector Granallas.<\/figcaption><\/figure>\n<p><strong>PUTAENDO.<\/strong>&#8211; Juan Carlos Madrid denunci\u00f3 a Diario El Trabajo que uno de los conductores de la l\u00ednea Taxis b\u00e1sicos de Putaendo le cobr\u00f3 a su hija la suma de $4.000 por trasladarla desde la plaza de Putaendo hasta el sector Granallas.<\/p>\n<p>Madrid, bastante molesto y luego de estampar la denuncia formal en el libro de reclamos de Taxis b\u00e1sicos, dijo que el mes pasado su hija lleg\u00f3 a la plaza de Putaendo a eso de las 23:10 horas despu\u00e9s de asistir a clases en la universidad y se encontraba junto a otra joven que viajaba hasta El T\u00e1rtaro y que en ese instante el \u00fanico taxi que lleg\u00f3 al paradero fue el del conductor que identific\u00f3 como Carlos Cuevas.<\/p>\n<p>Este vecino asegura que seg\u00fan el relato de su hija, tanto ella como la mujer que se dirig\u00eda a El T\u00e1rtaro subieron al veh\u00edculo y a su hija la pas\u00f3 a dejar a su casa en Granallas y le cobr\u00f3 $4.000 por el viaje, en circunstancias que habitualmente ese mismo viaje durante el d\u00eda cuesta $1.300 y seg\u00fan pudo averiguar, despu\u00e9s de las 23:00 horas y hasta las 00:00 horas por norma de los taxis aplican un recargo del 30%, que en este caso claramente fue superado con creces, por lo que considera que la tarifa cobrada es un abuso y un aprovechamiento del citado conductor, por lo que aparte de realizar el reclamo en la l\u00ednea de Taxis b\u00e1sicos, hoy se encuentra realizando el reclamo ante la Seremi de Transportes y Telecomunicaciones.<\/p>\n<p>Juan Carlos Madrid se\u00f1al\u00f3 que \u00e9l est\u00e1 consciente del buen servicio, profesionalismo y \u00e9tica de los conductores de taxis, pero que por uno o dos sujetos que ah\u00ed trabajan se mancha el buen trabajo de todos y que por esa raz\u00f3n y en forma responsable decidi\u00f3 denunciar con nombre y apellido al conductor que cobr\u00f3 esa tarifa.<\/p>\n<p><strong>\u00a0ANALIZAR\u00c1N\u00a0EL RECLAMO<\/strong><\/p>\n<p>Nuestro medio quiso conocer la versi\u00f3n de algunos de los dirigentes de la l\u00ednea de Taxis b\u00e1sicos y se nos inform\u00f3 que debido a esta grave situaci\u00f3n este martes se reunir\u00e1 el Consejo de Disciplina para analizar este reclamo con los antecedentes presentados por el usuario y que luego de aquello el Presidente de la l\u00ednea de Taxis b\u00e1sicos, El\u00edas Rosti\u00f3n, se referir\u00e1 p\u00fablicamente a esta situaci\u00f3n.<\/p>\n<p>Patricio Gallardo M.<\/p>\n<p>&nbsp;<\/p>\n","protected":false},"excerpt":{"rendered":"<p>PUTAENDO.&#8211; Juan Carlos Madrid denunci\u00f3 a Diario El Trabajo que uno de los conductores de la l\u00ednea Taxis b\u00e1sicos de Putaendo le cobr\u00f3 a su hija la suma de $4.000 por trasladarla&#8230;<\/p>\n","protected":false},"author":482,"featured_media":46232,"comment_status":"open","ping_status":"closed","sticky":false,"template":"","format":"standard","meta":{"advanced_seo_description":"","jetpack_seo_html_title":"","jetpack_seo_noindex":false,"_jetpack_memberships_contains_paid_content":false,"footnotes":""},"categories":[15],"tags":[],"class_list":["post-46231","post","type-post","status-publish","format-standard","has-post-thumbnail","hentry","category-comunidad"],"jetpack_featured_media_url":"https:\/\/i0.wp.com\/eltrabajo.cl\/portal\/wp-content\/uploads\/2014\/05\/Taxis1.jpg?fit=529%2C358&ssl=1","jetpack_sharing_enabled":true,"jetpack_likes_enabled":true,"jetpack-related-posts":[],"_links":{"self":[{"href":"https:\/\/eltrabajo.cl\/portal\/wp-json\/wp\/v2\/posts\/46231","targetHints":{"allow":["GET"]}}],"collection":[{"href":"https:\/\/eltrabajo.cl\/portal\/wp-json\/wp\/v2\/posts"}],"about":[{"href":"https:\/\/eltrabajo.cl\/portal\/wp-json\/wp\/v2\/types\/post"}],"author":[{"embeddable":true,"href":"https:\/\/eltrabajo.cl\/portal\/wp-json\/wp\/v2\/users\/482"}],"replies":[{"embeddable":true,"href":"https:\/\/eltrabajo.cl\/portal\/wp-json\/wp\/v2\/comments?post=46231"}],"version-history":[{"count":0,"href":"https:\/\/eltrabajo.cl\/portal\/wp-json\/wp\/v2\/posts\/46231\/revisions"}],"wp:featuredmedia":[{"embeddable":true,"href":"https:\/\/eltrabajo.cl\/portal\/wp-json\/wp\/v2\/media\/46232"}],"wp:attachment":[{"href":"https:\/\/eltrabajo.cl\/portal\/wp-json\/wp\/v2\/media?parent=46231"}],"wp:term":[{"taxonomy":"category","embeddable":true,"href":"https:\/\/eltrabajo.cl\/portal\/wp-json\/wp\/v2\/categories?post=46231"},{"taxonomy":"post_tag","embeddable":true,"href":"https:\/\/eltrabajo.cl\/portal\/wp-json\/wp\/v2\/tags?post=46231"}],"curies":[{"name":"wp","href":"https:\/\/api.w.org\/{rel}","templated":true}]}}